{"id":238987,"date":"2015-10-20T00:05:25","date_gmt":"2015-10-20T05:05:25","guid":{"rendered":"http:\/\/www.diarioimagen.net\/?p=238987"},"modified":"2015-10-20T03:45:38","modified_gmt":"2015-10-20T08:45:38","slug":"jose-cantoral-regresa-a-la-escena-musical-con-te-seguiria-buscando","status":"publish","type":"post","link":"https:\/\/www.diarioimagen.net\/?p=238987","title":{"rendered":"Jos\u00e9 Cantoral regresa a la escena musical con \u201cTe seguir\u00eda buscando\u201d"},"content":{"rendered":"<ul>\n<li><em><strong>El cantautor se dijo contento de regresar a los escenarios de la mano de Seitrack, luego de una larga pausa en su carrera; \u201cSe me hizo tarde\u201d es el primer sencillo del sexto disco en su carrera, el cual contiene 11 temas<\/strong><\/em><\/li>\n<\/ul>\n<h6>Asael Grande<\/h6>\n<p>&nbsp;<\/p>\n<div id=\"attachment_238988\" style=\"width: 250px\" class=\"wp-caption alignleft\"><a href=\"http:\/\/www.diarioimagen.net\/?attachment_id=238988\" rel=\"attachment wp-att-238988\"><img loading=\"lazy\" decoding=\"async\" aria-describedby=\"caption-attachment-238988\" class=\"wp-image-238988 size-medium\" src=\"http:\/\/www.diarioimagen.net\/wp-content\/uploads\/2015\/10\/jose-cantoral-portal-240x140.jpg\" alt=\"\u201cSeitrack y yo hemos hecho un equipo de trabajo muy bonito, Armando \u00c1vila fue el productor de este disco y estamos de regreso ech\u00e1ndole muchas ganas y vini\u00e9ndolo a presentar contigo\u201d, expres\u00f3 Jos\u00e9 Cantoral durante su visita a DIARIO IMAGEN. foto Asael Grande\" width=\"240\" height=\"140\" srcset=\"https:\/\/www.diarioimagen.net\/wp-content\/uploads\/2015\/10\/jose-cantoral-portal-240x140.jpg 240w, https:\/\/www.diarioimagen.net\/wp-content\/uploads\/2015\/10\/jose-cantoral-portal-420x245.jpg 420w, https:\/\/www.diarioimagen.net\/wp-content\/uploads\/2015\/10\/jose-cantoral-portal.jpg 480w\" sizes=\"auto, (max-width: 240px) 100vw, 240px\" \/><\/a><p id=\"caption-attachment-238988\" class=\"wp-caption-text\">\u201cSeitrack y yo hemos hecho un equipo de trabajo muy bonito, Armando \u00c1vila fue el productor de este disco y estamos de regreso ech\u00e1ndole muchas ganas y vini\u00e9ndolo a presentar contigo\u201d, expres\u00f3 Jos\u00e9 Cantoral durante su visita a <strong>DIARIO IMAGEN<\/strong>.<\/p><\/div>\n<p>El cantautor Jos\u00e9 Cantoral, despu\u00e9s de diez a\u00f1os, regresa a la m\u00fasica con el tema \u201cSe me hizo tarde\u201d, que ya est\u00e1 sonando en la radio y disponible en todas las tiendas digitales y <em>streaming<\/em>.<\/p>\n<p>En entrevista con <strong>DIARIO IMAGEN<\/strong>, Jos\u00e9 Cantoral coment\u00f3 que \u201cel disco nuevo se llama \u2018Te seguir\u00eda buscando\u2019, del cual se desprende el sencillo \u2018Se me hizo tarde\u2019, del que tambi\u00e9n se estrena el video, el cual explota un piano, de hecho tuve la fortuna de trabajar con \u00c1lex V\u00e1zquez en los efectos especiales, tratamos de ponerle algo diferente a una balada de mucha pasi\u00f3n, el productor del disco es Armando \u00c1vila, lo grabamos en M\u00e9xico y en Texas, yo toqu\u00e9 los pianos, los coros, algunas guitarras, los temas son m\u00edos, hay una coautor\u00eda con mi hermano Roberto en el tema \u2018Esa mujer\u2019, hay tres temas in\u00e9ditos de discos anteriores que no hab\u00eda promocionado, ocho temas nuevos\u201d.<\/p>\n<p>La canci\u00f3n \u201cSe me hizo tarde\u201d forma parte del nuevo \u00e1lbum de Jos\u00e9 Cantoral, el sexto en su carrera. El cantante y compositor lleva varios meses trabajando en este material, que saldr\u00e1 a la venta muy pronto.<\/p>\n<p>Sobre el disco \u201cTe seguir\u00eda buscando\u201d, el cantante dijo que: \u201ctodo es rom\u00e1ntico y vivencias, todo lo que gira alrededor del amor, hay temas r\u00edtmicos, sentimentales, hay tem\u00e1ticas frescas, hay un tema que le escrib\u00ed a mi padre que se llama \u2018Media vida\u2019\u201d.<\/p>\n<p>Respecto a c\u00f3mo se define como cantante, Jos\u00e9 Cantoral, quien inici\u00f3 su preparaci\u00f3n art\u00edstica a los cuatro a\u00f1os, expres\u00f3 que \u201cmusicalmente me gusta todo tipo de m\u00fasica, prueba de ello es que me grabaron Los Tigres del Norte, actualmente hice el himno de la Polic\u00eda Federal, tambi\u00e9n he hecho boleros, me gusta todo, siempre y cuando sea buena m\u00fasica, tambi\u00e9n me gusta el pop con esencia rom\u00e1ntica, yo nac\u00ed con la m\u00fasica, es algo que siempre se respiraba en mi casa\u201d.<\/p>\n<p>En 1986, a los 14 a\u00f1os, Jos\u00e9 Cantoral debut\u00f3 como arreglista en el Festival OTI con el tema \u201cCoraje\u201d, de la autor\u00eda de su hermano Roberto Cantoral Zucchi, cuya interpretaci\u00f3n a cargo de Manuel Ascanio fue nominada como Mejor Arreglo.<\/p>\n<p>Por ahora, el cantautor, har\u00e1 promoci\u00f3n de su pr\u00f3ximo disco, \u201cTe seguir\u00eda buscando\u201d, y \u201ca partir de enero ya realizar\u00e9 <em>shows <\/em>ya m\u00e1s en forma, hay cosas muy bonitas como integrar algunos temas de mi padre, algo equilibrado, algo padre\u201d, adelant\u00f3.<\/p>\n<p>Disfruta de \u201cSe me hizo tarde\u201d, el nuevo gran tema de Jos\u00e9 Cantoral, ya disponible en tiendas digitales y <em>streaming<\/em>.<\/p>\n","protected":false},"excerpt":{"rendered":"<p>El cantautor Jos\u00e9 Cantoral, despu\u00e9s de diez a\u00f1os, regresa a la m\u00fasica con el tema \u201cSe me hizo tarde\u201d, que ya est\u00e1 sonando en la radio y disponible en todas las tiendas digitales y <em>streaming<\/em>.<\/p>\n","protected":false},"author":5,"featured_media":238988,"comment_status":"open","ping_status":"open","sticky":false,"template":"","format":"standard","meta":{"_monsterinsights_skip_tracking":false,"_monsterinsights_sitenote_active":false,"_monsterinsights_sitenote_note":"","_monsterinsights_sitenote_category":0,"footnotes":""},"categories":[12],"tags":[43682,45463],"class_list":["post-238987","post","type-post","status-publish","format-standard","has-post-thumbnail","hentry","category-espectaculos","tag-espectaculos","tag-jose-cantoral"],"_links":{"self":[{"href":"https:\/\/www.diarioimagen.net\/index.php?rest_route=\/wp\/v2\/posts\/238987","targetHints":{"allow":["GET"]}}],"collection":[{"href":"https:\/\/www.diarioimagen.net\/index.php?rest_route=\/wp\/v2\/posts"}],"about":[{"href":"https:\/\/www.diarioimagen.net\/index.php?rest_route=\/wp\/v2\/types\/post"}],"author":[{"embeddable":true,"href":"https:\/\/www.diarioimagen.net\/index.php?rest_route=\/wp\/v2\/users\/5"}],"replies":[{"embeddable":true,"href":"https:\/\/www.diarioimagen.net\/index.php?rest_route=%2Fwp%2Fv2%2Fcomments&post=238987"}],"version-history":[{"count":0,"href":"https:\/\/www.diarioimagen.net\/index.php?rest_route=\/wp\/v2\/posts\/238987\/revisions"}],"wp:featuredmedia":[{"embeddable":true,"href":"https:\/\/www.diarioimagen.net\/index.php?rest_route=\/wp\/v2\/media\/238988"}],"wp:attachment":[{"href":"https:\/\/www.diarioimagen.net\/index.php?rest_route=%2Fwp%2Fv2%2Fmedia&parent=238987"}],"wp:term":[{"taxonomy":"category","embeddable":true,"href":"https:\/\/www.diarioimagen.net\/index.php?rest_route=%2Fwp%2Fv2%2Fcategories&post=238987"},{"taxonomy":"post_tag","embeddable":true,"href":"https:\/\/www.diarioimagen.net\/index.php?rest_route=%2Fwp%2Fv2%2Ftags&post=238987"}],"curies":[{"name":"wp","href":"https:\/\/api.w.org\/{rel}","templated":true}]}}