{"id":239060,"date":"2015-10-20T00:12:06","date_gmt":"2015-10-20T05:12:06","guid":{"rendered":"http:\/\/www.diarioimagen.net\/?p=239060"},"modified":"2015-10-22T02:23:19","modified_gmt":"2015-10-22T07:23:19","slug":"alejandra-llamas-nos-ensena-el-arte-de-la-pareja","status":"publish","type":"post","link":"https:\/\/www.diarioimagen.net\/?p=239060","title":{"rendered":"Alejandra Llamas nos ense\u00f1a \u201cEl arte de la pareja\u201d"},"content":{"rendered":"<h2>En la ruta de las letras<\/h2>\n<h5>Patricia Correa<\/h5>\n<p>&nbsp;<\/p>\n<ul>\n<li><em><strong>Publicado por Editorial Grijalbo<\/strong><\/em><\/li>\n<li><em><strong>El periodista Asael Grande entrevist\u00f3 en exclusiva a Alejandra Llamas, escritora Best Seller<\/strong><\/em><\/li>\n<\/ul>\n<div id=\"attachment_239141\" style=\"width: 250px\" class=\"wp-caption alignleft\"><a href=\"http:\/\/www.diarioimagen.net\/?attachment_id=239141\" rel=\"attachment wp-att-239141\"><img loading=\"lazy\" decoding=\"async\" aria-describedby=\"caption-attachment-239141\" class=\"size-medium wp-image-239141\" src=\"http:\/\/www.diarioimagen.net\/wp-content\/uploads\/2015\/10\/en-la-ruta-de-las-letras-2722-240x209.jpg\" alt=\"Alejandra Llamas ofrece una entrevista a DIARIO IMAGEN sobre su quinto libro, publicado por Editorial Grijalbo, \u201cEl arte de la pareja\u201d, que parte de una trilog\u00eda. \/ Foto: Asael Grande.\" width=\"240\" height=\"209\" srcset=\"https:\/\/www.diarioimagen.net\/wp-content\/uploads\/2015\/10\/en-la-ruta-de-las-letras-2722-240x209.jpg 240w, https:\/\/www.diarioimagen.net\/wp-content\/uploads\/2015\/10\/en-la-ruta-de-las-letras-2722-420x365.jpg 420w, https:\/\/www.diarioimagen.net\/wp-content\/uploads\/2015\/10\/en-la-ruta-de-las-letras-2722.jpg 600w\" sizes=\"auto, (max-width: 240px) 100vw, 240px\" \/><\/a><p id=\"caption-attachment-239141\" class=\"wp-caption-text\">Alejandra Llamas ofrece una entrevista a DIARIO IMAGEN sobre su quinto libro, publicado por Editorial Grijalbo, \u201cEl arte de la pareja\u201d, que parte de una trilog\u00eda. \/ Foto: Asael Grande.<\/p><\/div>\n<p>La exitosa autora Alejandra Llamas present\u00f3 en exclusiva a <strong>DIARIO IMAGEN<\/strong> su reciente libro para encontrar nuestra realizaci\u00f3n a trav\u00e9s de las relaciones humanas. \u00bfCu\u00e1l es el secreto de la vida en pareja? \u00bfCu\u00e1l es su prop\u00f3sito? \u00bfEn verdad debemos vivir de esa manera? Y si es as\u00ed, \u00bfqu\u00e9 hace a una relaci\u00f3n feliz o funcional? Sobre esto y m\u00e1s, trata <em>El arte de la pareja<\/em>:<\/p>\n<p><strong>\u00bfC\u00f3mo surge la inquietud de hablar de la pareja?<\/strong><\/p>\n<p>\u201c\u00c9ste es mi quinto libro, parte de una trilog\u00eda: \u2018El arte de conocerte\u2019, \u2018El arte de educar\u2019 , y ahora, \u2018El arte de la pareja\u2019, yo creo que sucede como algo un poquito obvio en el transcurso de esta b\u00fasqueda de encontrar paz y armon\u00eda en lo que est\u00e1 alrededor de nosotros como seres humanos, el arte de la pareja es algo que est\u00e1 muy impregnado de creencias de ideolog\u00edas expectativas a nivel social, cultural, para nosotros desde que somos ni\u00f1os existen tantos mensajes a nivel inconsciente que tienen que ver con la pareja, y que desgraciadamente dan un resultado muchas veces de insatisfacci\u00f3n, de sentirnos incompletos, sin una pareja, esto es lo que busca este libro, primero qu\u00e9 significa esta idea de vivir en pareja fuera de todas estas concepciones sociales morales y cuentos en los que hemos estado involucrados pero, por otro lado, si vamos a vivir en pareja, entonces cu\u00e1l ser\u00eda un prop\u00f3sito real y leg\u00edtimo, c\u00f3mo podr\u00edamos encontrar una felicidad permanente dentro de la pareja que es lo que propongo en el libro\u201d.<\/p>\n<p><strong>\u00bfA qui\u00e9n est\u00e1 dedicado <em>El arte de la pareja<\/em>?<\/strong><\/p>\n<p>\u201cEs un libro que est\u00e1 dirigido a la gente en general, inclusive a las personas que no tienen pareja y que no desean tener pareja, porque es un libro que tambi\u00e9n alienta a no estar en una pareja, tambi\u00e9n la idea de vivir solteros o estar solos es adecuado\u201d.<\/p>\n<p><strong>A lo largo del libro se explica la comunicaci\u00f3n constante de la pareja o c\u00f3mo a ser exitoso en el caso de decidir vivir en pareja, pero vemos en la sociedad mexicana la tendencia hacia la uni\u00f3n libre, \u00bfa qu\u00e9 se debe esto?<\/strong><\/p>\n<p>\u201cYo creo que ahora hay muchas maneras de relacionarnos entre los seres humanos de tantas maneras como seres humanos existimos, por lo tanto el libro no te propone una manera correcta de vivir en pareja, si no encontrar para ti qu\u00e9 ser\u00eda algo aut\u00e9ntico dentro de esta propuesta o este estilo de vida, el libro invita a todas las personas lo que es aut\u00e9ntico para ti, porque si vas a compartir un espacio de intimidad con otra persona, que sea desde un lugar de salud, de evoluci\u00f3n, de fuerza emocional, de saber perdonar, planteo ejercicios din\u00e1micos para que, justamente cuando entremos a una relaci\u00f3n de pareja, est\u00e9 en nuestro poder estar en un lugar de satisfacci\u00f3n y de fuerza\u201d.<\/p>\n<p>Alejandra Llamas es una persona comprometida en generar experiencias de vida que transformen la manera en que las personas interpretan su mundo y a ellas mismas. Su trabajo tiene como objetivo ayudar a otros a encontrar la luz, la fuerza y la magia que emanan de lo profundo de nuestras almas.<\/p>\n<p><i><a href=\"mailto:patolina22@hotmail.com\" target=\"_blank\">patolina22@hotmail.com<\/a><\/i><\/p>\n","protected":false},"excerpt":{"rendered":"<p><span style=\"color: #005497;\"><strong>Patricia Correa<\/strong><\/span><br \/>\n<br \/>\nLa exitosa autora Alejandra Llamas present\u00f3 en exclusiva a <strong>DIARIO IMAGEN<\/strong> su reciente libro para encontrar nuestra realizaci\u00f3n a trav\u00e9s de las relaciones humanas. \u00bfCu\u00e1l es el secreto de la vida en pareja? \u00bfCu\u00e1l es su prop\u00f3sito? \u00bfEn verdad debemos vivir de esa manera? Y si es as\u00ed, \u00bfqu\u00e9 hace a una relaci\u00f3n feliz o funcional? Sobre esto y m\u00e1s, trata <em>El arte de la pareja<\/em>:<\/p>\n","protected":false},"author":3,"featured_media":239141,"comment_status":"open","ping_status":"open","sticky":false,"template":"","format":"standard","meta":{"_monsterinsights_skip_tracking":false,"_monsterinsights_sitenote_active":false,"_monsterinsights_sitenote_note":"","_monsterinsights_sitenote_category":0,"footnotes":""},"categories":[156],"tags":[43685,31104,43674,11392],"class_list":["post-239060","post","type-post","status-publish","format-standard","has-post-thumbnail","hentry","category-cultura","tag-cultura","tag-en-la-ruta-de-las-letras","tag-opinion","tag-patricia-correa"],"_links":{"self":[{"href":"https:\/\/www.diarioimagen.net\/index.php?rest_route=\/wp\/v2\/posts\/239060","targetHints":{"allow":["GET"]}}],"collection":[{"href":"https:\/\/www.diarioimagen.net\/index.php?rest_route=\/wp\/v2\/posts"}],"about":[{"href":"https:\/\/www.diarioimagen.net\/index.php?rest_route=\/wp\/v2\/types\/post"}],"author":[{"embeddable":true,"href":"https:\/\/www.diarioimagen.net\/index.php?rest_route=\/wp\/v2\/users\/3"}],"replies":[{"embeddable":true,"href":"https:\/\/www.diarioimagen.net\/index.php?rest_route=%2Fwp%2Fv2%2Fcomments&post=239060"}],"version-history":[{"count":0,"href":"https:\/\/www.diarioimagen.net\/index.php?rest_route=\/wp\/v2\/posts\/239060\/revisions"}],"wp:featuredmedia":[{"embeddable":true,"href":"https:\/\/www.diarioimagen.net\/index.php?rest_route=\/wp\/v2\/media\/239141"}],"wp:attachment":[{"href":"https:\/\/www.diarioimagen.net\/index.php?rest_route=%2Fwp%2Fv2%2Fmedia&parent=239060"}],"wp:term":[{"taxonomy":"category","embeddable":true,"href":"https:\/\/www.diarioimagen.net\/index.php?rest_route=%2Fwp%2Fv2%2Fcategories&post=239060"},{"taxonomy":"post_tag","embeddable":true,"href":"https:\/\/www.diarioimagen.net\/index.php?rest_route=%2Fwp%2Fv2%2Ftags&post=239060"}],"curies":[{"name":"wp","href":"https:\/\/api.w.org\/{rel}","templated":true}]}}