{"id":239154,"date":"2015-10-21T00:06:30","date_gmt":"2015-10-21T05:06:30","guid":{"rendered":"http:\/\/www.diarioimagen.net\/?p=239154"},"modified":"2015-10-22T00:27:44","modified_gmt":"2015-10-22T05:27:44","slug":"credito-de-4500-mdp-para-iniciar-programa-de-infraestructura-sep","status":"publish","type":"post","link":"https:\/\/www.diarioimagen.net\/?p=239154","title":{"rendered":"Cr\u00e9dito de 4,500 mdp para mejoramiento de escuelas"},"content":{"rendered":"<ul>\n<li><strong><em>Anuncia Nu\u00f1o nuevos nombramientos<\/em><\/strong><\/li>\n<\/ul>\n<div id=\"attachment_239155\" style=\"width: 250px\" class=\"wp-caption alignleft\"><a href=\"http:\/\/www.diarioimagen.net\/?attachment_id=239155\" rel=\"attachment wp-att-239155\"><img loading=\"lazy\" decoding=\"async\" aria-describedby=\"caption-attachment-239155\" class=\"wp-image-239155 size-medium\" src=\"http:\/\/www.diarioimagen.net\/wp-content\/uploads\/2015\/10\/SEP-portal2-240x140.jpg\" alt=\"El secretario de Educaci\u00f3n, Aurelio Nu\u00f1o Mayer, anunci\u00f3 el nombramiento de Salvador Jara y de otros dos funcionarios m\u00e1s. \" width=\"240\" height=\"140\" srcset=\"https:\/\/www.diarioimagen.net\/wp-content\/uploads\/2015\/10\/SEP-portal2-240x140.jpg 240w, https:\/\/www.diarioimagen.net\/wp-content\/uploads\/2015\/10\/SEP-portal2-420x245.jpg 420w, https:\/\/www.diarioimagen.net\/wp-content\/uploads\/2015\/10\/SEP-portal2.jpg 480w\" sizes=\"auto, (max-width: 240px) 100vw, 240px\" \/><\/a><p id=\"caption-attachment-239155\" class=\"wp-caption-text\">El secretario de Educaci\u00f3n, Aurelio Nu\u00f1o Mayer, anunci\u00f3 el nombramiento de Salvador Jara y de otros dos funcionarios m\u00e1s.<\/p><\/div>\n<p>Aurelio Nu\u00f1o Mayer, secretario de Educaci\u00f3n, anunci\u00f3 que se tiene un cr\u00e9dito de Banobras por 4 mil 500 millones de pesos e iniciar el Programa de Infraestructura Nacional para el mejoramiento y la construcci\u00f3n de escuelas, previo a emitir los bonos en la Bolsa de Valores.<\/p>\n<p>\u201cEstamos pensando que esto se puede hacer a finales de noviembre y principios de diciembre\u201d, indic\u00f3 el funcionario en conferencia de prensa, luego de dar a conocer tres nombramientos en SEP.<\/p>\n<p>Destac\u00f3 que con la firma de los acuerdos con todas las entidades federativas la v\u00edspera, se dio el primer gran paso con el que inicia formalmente el proceso para poner en marcha los certificados de infraestructura escolar, programa que se ha denominado \u201cEscuelas al 100, certificados de infraestructura escolar nacional\u201d.<\/p>\n<p>Dijo que se tienen 30 d\u00edas para poder conformar, junto con las autoridades estatales, un anexo a los convenios que ser\u00e1 una lista muy puntual de cu\u00e1les ser\u00e1n los planteles por cada entidad federativa que estaremos mejorando o construyendo.<\/p>\n<p>\u201cEsto le dar\u00e1 una gran transparencia a ese mecanismo, ya que de manera previa se tendr\u00e1 una lista completa, previa a que arranque totalmente el programa, de cu\u00e1les son las escuelas y, por supuesto, las razones, de qu\u00e9 vamos a intervenir o a reconstruir. Esto se estar\u00e1 haciendo en los pr\u00f3ximos 30 d\u00edas\u201d.<\/p>\n<p>De hecho, dej\u00f3 claro que los convenios, cuando est\u00e9n plenamente concluidos, lo cual incluye que tengan los anexos, ser\u00e1n p\u00fablicos y se podr\u00e1 acceder a ellos sin ning\u00fan problema, como parte del ejercicio de transparencia.<\/p>\n<p>Sobre el llamado de la Coordinadora Nacional de Trabajadores de la Educaci\u00f3n (CNTE) a un paro nacional de dos d\u00edas en noviembre, el funcionario federal reiter\u00f3 su disposici\u00f3n al di\u00e1logo con todos los maestros del pa\u00eds.<\/p>\n<p>\u201cUn di\u00e1logo que nos permita conocer de mejor forma sus inquietudes, ver c\u00f3mo los podemos ayudar y, sobre todo, que ellos puedan tener informaci\u00f3n completa de los beneficios que tiene la reforma para todos los maestros del pa\u00eds\u201d.<\/p>\n<p>Nu\u00f1o Mayer enfatiz\u00f3 la necesidad de que los maestros conozcan todos los beneficios que se derivar\u00e1n de la evaluaci\u00f3n educativa, as\u00ed como de derribar el mito de que la evaluaci\u00f3n es para da\u00f1arlos o que perder\u00e1n su empleo quienes se presenten.<\/p>\n<p>\u201cQuienes est\u00e9n convocados y se presenten a la evaluaci\u00f3n en noviembre no perder\u00e1n su empleo y quienes no tengan un desempe\u00f1o id\u00f3neo lo \u00fanico que van a recibir es capacitaci\u00f3n, formaci\u00f3n continua y profesional docente\u201d.<\/p>\n<p>Reiter\u00f3 que para los desempe\u00f1os destacados hay beneficios econ\u00f3micos importantes y que el compromiso es que siga avanzando la reforma educativa y poner en marcha las leyes educativas en todo el pa\u00eds.<\/p>\n<p><strong>Salvador Jara, subsecretario de Educaci\u00f3n Superior<\/strong><\/p>\n<p>Se anunciaron tres nuevos nombramientos en la SEP, entre los que destaca el de Salvador Jara Guerrero como nuevo subsecretario de Educaci\u00f3n Superior.<\/p>\n<p>Adem\u00e1s, Miguel Augusto Casta\u00f1eda ser\u00e1 el director de Asuntos Jur\u00eddicos de la SEP y Alejandro Daniel P\u00e9rez Corso, coordinador de \u00d3rganos Desconcentrados del Sector Paraestatal de la dependencia.<\/p>\n<p>Nu\u00f1o Mayer expuso que Jara Guerrero tiene una amplia trayectoria en la academia y en el servicio p\u00fablico, que sumar\u00e1 en beneficio del cambio educativo que est\u00e1 en marcha.<\/p>\n<p>Es licenciado en ciencias f\u00edsico-matem\u00e1ticas por la Universidad Michoacana de San Nicol\u00e1s de Hidalgo, maestro en tecnolog\u00eda educativa por el Instituto Latinoamericano de la Comunicaci\u00f3n Educativa, as\u00ed como doctor en filosof\u00eda de la ciencia por la UNAM.<\/p>\n<p>Fue rector de la Universidad Michoacana de San Nicol\u00e1s de Hidalgo y de junio de 2014 a septiembre de 2015 se desempe\u00f1\u00f3 como gobernador sustituto de esa entidad.<\/p>\n","protected":false},"excerpt":{"rendered":"<p>Aurelio Nu\u00f1o Mayer, secretario de Educaci\u00f3n, anunci\u00f3 que se tiene un cr\u00e9dito de Banobras por 4 mil 500 millones de pesos e iniciar el Programa de Infraestructura Nacional para el mejoramiento y la construcci\u00f3n de escuelas, previo a emitir los bonos en la Bolsa de Valores.<\/p>\n","protected":false},"author":5,"featured_media":239155,"comment_status":"open","ping_status":"open","sticky":false,"template":"","format":"standard","meta":{"_monsterinsights_skip_tracking":false,"_monsterinsights_sitenote_active":false,"_monsterinsights_sitenote_note":"","_monsterinsights_sitenote_category":0,"footnotes":""},"categories":[3],"tags":[30144,7366,8498,43673,1058,459],"class_list":["post-239154","post","type-post","status-publish","format-standard","has-post-thumbnail","hentry","category-nacional","tag-aurelio-nuno-mayer","tag-bolsa-de-valores","tag-credito","tag-nacional","tag-secretaria-de-educacion-publica","tag-sep"],"_links":{"self":[{"href":"https:\/\/www.diarioimagen.net\/index.php?rest_route=\/wp\/v2\/posts\/239154","targetHints":{"allow":["GET"]}}],"collection":[{"href":"https:\/\/www.diarioimagen.net\/index.php?rest_route=\/wp\/v2\/posts"}],"about":[{"href":"https:\/\/www.diarioimagen.net\/index.php?rest_route=\/wp\/v2\/types\/post"}],"author":[{"embeddable":true,"href":"https:\/\/www.diarioimagen.net\/index.php?rest_route=\/wp\/v2\/users\/5"}],"replies":[{"embeddable":true,"href":"https:\/\/www.diarioimagen.net\/index.php?rest_route=%2Fwp%2Fv2%2Fcomments&post=239154"}],"version-history":[{"count":0,"href":"https:\/\/www.diarioimagen.net\/index.php?rest_route=\/wp\/v2\/posts\/239154\/revisions"}],"wp:featuredmedia":[{"embeddable":true,"href":"https:\/\/www.diarioimagen.net\/index.php?rest_route=\/wp\/v2\/media\/239155"}],"wp:attachment":[{"href":"https:\/\/www.diarioimagen.net\/index.php?rest_route=%2Fwp%2Fv2%2Fmedia&parent=239154"}],"wp:term":[{"taxonomy":"category","embeddable":true,"href":"https:\/\/www.diarioimagen.net\/index.php?rest_route=%2Fwp%2Fv2%2Fcategories&post=239154"},{"taxonomy":"post_tag","embeddable":true,"href":"https:\/\/www.diarioimagen.net\/index.php?rest_route=%2Fwp%2Fv2%2Ftags&post=239154"}],"curies":[{"name":"wp","href":"https:\/\/api.w.org\/{rel}","templated":true}]}}