{"id":239157,"date":"2015-10-21T00:08:48","date_gmt":"2015-10-21T05:08:48","guid":{"rendered":"http:\/\/www.diarioimagen.net\/?p=239157"},"modified":"2015-10-22T03:24:26","modified_gmt":"2015-10-22T08:24:26","slug":"activan-alertas-verde-y-azul-en-11-estados-del-pais-por-depresion-tropical","status":"publish","type":"post","link":"https:\/\/www.diarioimagen.net\/?p=239157","title":{"rendered":"Activan alertas verde y azul en 11 estados del pa\u00eds por depresi\u00f3n tropical"},"content":{"rendered":"<ul>\n<li><em><strong>A punto de convertirse en tormenta \u201cPatricia\u201d<\/strong><\/em><\/li>\n<\/ul>\n<div id=\"attachment_239158\" style=\"width: 250px\" class=\"wp-caption alignleft\"><a href=\"http:\/\/www.diarioimagen.net\/?attachment_id=239158\" rel=\"attachment wp-att-239158\"><img loading=\"lazy\" decoding=\"async\" aria-describedby=\"caption-attachment-239158\" class=\"size-medium wp-image-239158\" src=\"http:\/\/www.diarioimagen.net\/wp-content\/uploads\/2015\/10\/ALERTA-portal-240x140.jpg\" alt=\"Ante la presencia de la depresi\u00f3n tropical 20-E, Protecci\u00f3n Civil activ\u00f3 las alertas verde y azul en 11 estados.\" width=\"240\" height=\"140\" srcset=\"https:\/\/www.diarioimagen.net\/wp-content\/uploads\/2015\/10\/ALERTA-portal-240x140.jpg 240w, https:\/\/www.diarioimagen.net\/wp-content\/uploads\/2015\/10\/ALERTA-portal-420x245.jpg 420w, https:\/\/www.diarioimagen.net\/wp-content\/uploads\/2015\/10\/ALERTA-portal.jpg 480w\" sizes=\"auto, (max-width: 240px) 100vw, 240px\" \/><\/a><p id=\"caption-attachment-239158\" class=\"wp-caption-text\">Ante la presencia de la depresi\u00f3n tropical 20-E, Protecci\u00f3n Civil activ\u00f3 las alertas verde y azul en 11 estados.<\/p><\/div>\n<p>Ante la presencia de la depresi\u00f3n tropical 20-E, que podr\u00eda convertirse en la tormenta tropical <em>Patricia<\/em>, el Sistema Nacional de Protecci\u00f3n Civil activ\u00f3 las alertas verde y azul en 11 estados.<\/p>\n<p>El Sistema de Alerta Temprana (Siat) decret\u00f3 la alerta verde en fase de acercamiento en Oaxaca, en el centro y oriente de Puebla y de Guerrero; y de alejamiento en Tabasco, Chiapas, as\u00ed como en el centro y sur de Veracruz.<\/p>\n<p>La alerta azul se activ\u00f3 en su fase de acercamiento para Michoac\u00e1n, Colima, Jalisco y Nayarit as\u00ed como en el resto de Guerrero; y de alejamiento para el suroeste de Campeche.<\/p>\n<p>En su alerta por cicl\u00f3n tropical, indic\u00f3 que el fen\u00f3meno clim\u00e1tico se ubic\u00f3 sobre el mar a 400 kil\u00f3metros al sureste de Puerto Escondido, Oaxaca y a 715 kil\u00f3metros al este-sureste de Acapulco, Guerrero.<\/p>\n<p>La depresi\u00f3n tropical se desplaza hacia el oeste a una velocidad de cuatro kil\u00f3metros por hora con vientos sostenidos de 55 kil\u00f3metros por hora y rachas de 75 kil\u00f3metros por hora.<\/p>\n<p>Se prev\u00e9 que ese sistema contin\u00fae su rumbo hacia el oeste y se intensifique gradualmente hasta alcanzar la categor\u00eda de tormenta tropical, en cuyo caso se le denominar\u00eda <em>Patricia<\/em>.<\/p>\n<p>&nbsp;<\/p>\n","protected":false},"excerpt":{"rendered":"<p>Ante la presencia de la depresi\u00f3n tropical 20-E, que podr\u00eda convertirse en la tormenta tropical <em>Patricia<\/em>, el Sistema Nacional de Protecci\u00f3n Civil activ\u00f3 las alertas verde y azul en 11 estados.<\/p>\n","protected":false},"author":5,"featured_media":239158,"comment_status":"open","ping_status":"open","sticky":false,"template":"","format":"standard","meta":{"_monsterinsights_skip_tracking":false,"_monsterinsights_sitenote_active":false,"_monsterinsights_sitenote_note":"","_monsterinsights_sitenote_category":0,"footnotes":""},"categories":[3],"tags":[531,43673,45504,382],"class_list":["post-239157","post","type-post","status-publish","format-standard","has-post-thumbnail","hentry","category-nacional","tag-conagua","tag-nacional","tag-patricia","tag-sistema-nacional-de-proteccion-civil"],"_links":{"self":[{"href":"https:\/\/www.diarioimagen.net\/index.php?rest_route=\/wp\/v2\/posts\/239157","targetHints":{"allow":["GET"]}}],"collection":[{"href":"https:\/\/www.diarioimagen.net\/index.php?rest_route=\/wp\/v2\/posts"}],"about":[{"href":"https:\/\/www.diarioimagen.net\/index.php?rest_route=\/wp\/v2\/types\/post"}],"author":[{"embeddable":true,"href":"https:\/\/www.diarioimagen.net\/index.php?rest_route=\/wp\/v2\/users\/5"}],"replies":[{"embeddable":true,"href":"https:\/\/www.diarioimagen.net\/index.php?rest_route=%2Fwp%2Fv2%2Fcomments&post=239157"}],"version-history":[{"count":0,"href":"https:\/\/www.diarioimagen.net\/index.php?rest_route=\/wp\/v2\/posts\/239157\/revisions"}],"wp:featuredmedia":[{"embeddable":true,"href":"https:\/\/www.diarioimagen.net\/index.php?rest_route=\/wp\/v2\/media\/239158"}],"wp:attachment":[{"href":"https:\/\/www.diarioimagen.net\/index.php?rest_route=%2Fwp%2Fv2%2Fmedia&parent=239157"}],"wp:term":[{"taxonomy":"category","embeddable":true,"href":"https:\/\/www.diarioimagen.net\/index.php?rest_route=%2Fwp%2Fv2%2Fcategories&post=239157"},{"taxonomy":"post_tag","embeddable":true,"href":"https:\/\/www.diarioimagen.net\/index.php?rest_route=%2Fwp%2Fv2%2Ftags&post=239157"}],"curies":[{"name":"wp","href":"https:\/\/api.w.org\/{rel}","templated":true}]}}