{"id":239160,"date":"2015-10-21T00:05:57","date_gmt":"2015-10-21T05:05:57","guid":{"rendered":"http:\/\/www.diarioimagen.net\/?p=239160"},"modified":"2015-10-21T04:17:09","modified_gmt":"2015-10-21T09:17:09","slug":"osorio-chong-recibira-hoy-a-diputados-que-siguen-el-caso-iguala","status":"publish","type":"post","link":"https:\/\/www.diarioimagen.net\/?p=239160","title":{"rendered":"Osorio Chong recibir\u00e1 hoy a diputados que siguen el caso Iguala"},"content":{"rendered":"<ul>\n<li><em><strong>Sacan a la SEIDO de las\u00a0investigaciones<\/strong><\/em><\/li>\n<\/ul>\n<div id=\"attachment_239161\" style=\"width: 250px\" class=\"wp-caption alignleft\"><a href=\"http:\/\/www.diarioimagen.net\/?attachment_id=239161\" rel=\"attachment wp-att-239161\"><img loading=\"lazy\" decoding=\"async\" aria-describedby=\"caption-attachment-239161\" class=\"size-medium wp-image-239161\" src=\"http:\/\/www.diarioimagen.net\/wp-content\/uploads\/2015\/10\/CHONG-portal-240x140.jpg\" alt=\"La comisi\u00f3n especial de diputados que sigue el caso Ayotzinapa se re\u00fane con el secretario de Gobernaci\u00f3n, Miguel \u00c1ngel Osorio Chong. \" width=\"240\" height=\"140\" srcset=\"https:\/\/www.diarioimagen.net\/wp-content\/uploads\/2015\/10\/CHONG-portal-240x140.jpg 240w, https:\/\/www.diarioimagen.net\/wp-content\/uploads\/2015\/10\/CHONG-portal-420x245.jpg 420w, https:\/\/www.diarioimagen.net\/wp-content\/uploads\/2015\/10\/CHONG-portal.jpg 480w\" sizes=\"auto, (max-width: 240px) 100vw, 240px\" \/><\/a><p id=\"caption-attachment-239161\" class=\"wp-caption-text\">La comisi\u00f3n especial de diputados que sigue el caso Ayotzinapa se re\u00fane con el secretario de Gobernaci\u00f3n, Miguel \u00c1ngel Osorio Chong.<\/p><\/div>\n<p>El secretario de Gobernaci\u00f3n, Miguel \u00c1ngel Osorio Chong se reunir\u00e1 hoy con los diputados federales que integran la comisi\u00f3n especial que sigue el caso Iguala.<\/p>\n<p>Se dio a conocer que el encuentro se llevar\u00e1 a cabo a las 19:00 horas en la oficinas de la Segob, ubicadas en la calle de Bucareli, en el Centro.<\/p>\n<p>La presidenta de la comisi\u00f3n especial se\u00f1al\u00f3 que que el objetivo de la reuni\u00f3n es para continuar las investigaciones y dar seguimiento a los resultados del GIEI, sobre los hechos ocurridos en Iguala, Guerrero, a alumnos de la Escuela Normal Rural \u201cRa\u00fal Isidro Burgos\u201d de Ayotzinapa, Guadalupe Murgu\u00eda Guti\u00e9rrez.<\/p>\n<p>Esta comisi\u00f3n ya sostuvo reuniones con \u00c1ngel Aguirre Rivero, quien fuera el gobernador de Guerrero, entidad donde fueron atacados ciudadanos la noche del 26 de septiembre de 2014 y desaparecidos 43 estudiantes.<\/p>\n<p>En las mismas condiciones de seguridad y sigilo tambi\u00e9n ya fueron recibidos por la titular de la Procuradur\u00eda General de la Rep\u00fablica, Arely G\u00f3mez Gonz\u00e1lez.<\/p>\n<p>De igual forma sostuvieron encuentros con los titulares de las secretar\u00edas de la Defensa Nacional (Sedena), general Salvador Cienfuegos Zepeda, y de la Marina-Armada de M\u00e9xico, almirante Vidal Francisco Sober\u00f3n Sanz.<\/p>\n<p><strong>Sacan a la SEIDO<\/strong><\/p>\n<p>La investigaci\u00f3n sobre la desaparici\u00f3n de los 43 normalistas de Ayotzinapa quedar\u00e1 a cargo del subprocurador de Derechos Humanos de la Procuradur\u00eda General de la Rep\u00fablica (PGR), Eber Betanzos, inform\u00f3 el Grupo Interdisciplinario de Expertos Independientes (GIEI).<\/p>\n","protected":false},"excerpt":{"rendered":"<p>El secretario de Gobernaci\u00f3n, Miguel \u00c1ngel Osorio Chong se reunir\u00e1 hoy con los diputados federales que integran la comisi\u00f3n especial que sigue el caso Iguala.<\/p>\n","protected":false},"author":5,"featured_media":239161,"comment_status":"open","ping_status":"open","sticky":false,"template":"","format":"standard","meta":{"_monsterinsights_skip_tracking":false,"_monsterinsights_sitenote_active":false,"_monsterinsights_sitenote_note":"","_monsterinsights_sitenote_category":0,"footnotes":""},"categories":[25512],"tags":[45194,11674,3676,43673,21373],"class_list":["post-239160","post","type-post","status-publish","format-standard","has-post-thumbnail","hentry","category-nacional-nacional","tag-caso-iguala","tag-iguala","tag-miguel-angel-osorio-chong","tag-nacional","tag-normalistas"],"_links":{"self":[{"href":"https:\/\/www.diarioimagen.net\/index.php?rest_route=\/wp\/v2\/posts\/239160","targetHints":{"allow":["GET"]}}],"collection":[{"href":"https:\/\/www.diarioimagen.net\/index.php?rest_route=\/wp\/v2\/posts"}],"about":[{"href":"https:\/\/www.diarioimagen.net\/index.php?rest_route=\/wp\/v2\/types\/post"}],"author":[{"embeddable":true,"href":"https:\/\/www.diarioimagen.net\/index.php?rest_route=\/wp\/v2\/users\/5"}],"replies":[{"embeddable":true,"href":"https:\/\/www.diarioimagen.net\/index.php?rest_route=%2Fwp%2Fv2%2Fcomments&post=239160"}],"version-history":[{"count":0,"href":"https:\/\/www.diarioimagen.net\/index.php?rest_route=\/wp\/v2\/posts\/239160\/revisions"}],"wp:featuredmedia":[{"embeddable":true,"href":"https:\/\/www.diarioimagen.net\/index.php?rest_route=\/wp\/v2\/media\/239161"}],"wp:attachment":[{"href":"https:\/\/www.diarioimagen.net\/index.php?rest_route=%2Fwp%2Fv2%2Fmedia&parent=239160"}],"wp:term":[{"taxonomy":"category","embeddable":true,"href":"https:\/\/www.diarioimagen.net\/index.php?rest_route=%2Fwp%2Fv2%2Fcategories&post=239160"},{"taxonomy":"post_tag","embeddable":true,"href":"https:\/\/www.diarioimagen.net\/index.php?rest_route=%2Fwp%2Fv2%2Ftags&post=239160"}],"curies":[{"name":"wp","href":"https:\/\/api.w.org\/{rel}","templated":true}]}}