{"id":239206,"date":"2015-10-21T00:09:52","date_gmt":"2015-10-21T05:09:52","guid":{"rendered":"http:\/\/www.diarioimagen.net\/?p=239206"},"modified":"2015-10-21T04:40:21","modified_gmt":"2015-10-21T09:40:21","slug":"entregan-instalaciones-de-la-normal-del-valle-de-toluca","status":"publish","type":"post","link":"https:\/\/www.diarioimagen.net\/?p=239206","title":{"rendered":"Entregan instalaciones de la Normal del Valle de Toluca"},"content":{"rendered":"<ul>\n<li><strong><em>Suma de esfuerzos entre los gobiernos de la Rep\u00fablica y del Edomex<\/em><\/strong><\/li>\n<\/ul>\n<div id=\"attachment_239287\" style=\"width: 250px\" class=\"wp-caption alignleft\"><a href=\"http:\/\/www.diarioimagen.net\/?attachment_id=239287\" rel=\"attachment wp-att-239287\"><img loading=\"lazy\" decoding=\"async\" aria-describedby=\"caption-attachment-239287\" class=\"size-medium wp-image-239287\" src=\"http:\/\/www.diarioimagen.net\/wp-content\/uploads\/2015\/10\/edomex-2723-240x133.jpg\" alt=\"Las nuevas instalaciones de la Normal Superior del Valle de Toluca est\u00e1n ubicadas en la Hacienda La Huerta, que fue remodelada para albergar esta instituci\u00f3n.\" width=\"240\" height=\"133\" srcset=\"https:\/\/www.diarioimagen.net\/wp-content\/uploads\/2015\/10\/edomex-2723-240x133.jpg 240w, https:\/\/www.diarioimagen.net\/wp-content\/uploads\/2015\/10\/edomex-2723-420x233.jpg 420w, https:\/\/www.diarioimagen.net\/wp-content\/uploads\/2015\/10\/edomex-2723-350x196.jpg 350w, https:\/\/www.diarioimagen.net\/wp-content\/uploads\/2015\/10\/edomex-2723-220x123.jpg 220w, https:\/\/www.diarioimagen.net\/wp-content\/uploads\/2015\/10\/edomex-2723-237x132.jpg 237w, https:\/\/www.diarioimagen.net\/wp-content\/uploads\/2015\/10\/edomex-2723.jpg 680w\" sizes=\"auto, (max-width: 240px) 100vw, 240px\" \/><\/a><p id=\"caption-attachment-239287\" class=\"wp-caption-text\">Las nuevas instalaciones de la Normal Superior del Valle de Toluca est\u00e1n ubicadas en la Hacienda La Huerta, que fue remodelada para albergar esta instituci\u00f3n.<\/p><\/div>\n<p><strong>Zinacantepec, Estado de M\u00e9xico<\/strong>.- La Secretar\u00eda de Educaci\u00f3n entreg\u00f3 nuevas instalaciones de la Escuela Normal Superior del Valle de Toluca, anteriormente llamado Centro de Actualizaci\u00f3n del Magisterio del Estado de M\u00e9xico, en beneficio de m\u00e1s de 500 futuros docentes de educaci\u00f3n preescolar, primaria y secundaria, con especialidad en matem\u00e1ticas, ingl\u00e9s, espa\u00f1ol y biolog\u00eda.<\/p>\n<p>Al entregar las instalaciones, Carlos Auriel Est\u00e9vez Herrera, director general de Servicios Educativos Integrados al Estado de M\u00e9xico (SEIEM), se\u00f1al\u00f3 que es producto de la suma de esfuerzos entre los gobiernos de la Rep\u00fablica y del Edomex, que comparten la visi\u00f3n de que la educaci\u00f3n es la mejor arma para alcanzar mejores niveles de vida y desarrollo personal, profesional, familiar y social.<\/p>\n<p>Acompa\u00f1ado por el director general de Educaci\u00f3n Superior para Profesionales de la Educaci\u00f3n de la Secretar\u00eda de Educaci\u00f3n P\u00fablica (SEP), \u00c1lvaro L\u00f3pez Espinoza, el titular del SEIEM precis\u00f3 que las nuevas instalaciones est\u00e1n ubicadas en la Hacienda La Huerta, que fue remodelada para albergar esta instituci\u00f3n, luego de muchos a\u00f1os de abandono, y tuvieron una inversi\u00f3n superior a los 15 millones de pesos.<\/p>\n<p>Indic\u00f3 que el secretario de Educaci\u00f3n, Sim\u00f3n Iv\u00e1n Villar Mart\u00ednez, ha supervisado las acciones para consolidar la infraestructura educativa, como en este caso que se puso en servicio una sede para la formaci\u00f3n de quienes educar\u00e1n a las nuevas generaciones de mexiquenses.<\/p>\n<p>Durante la inauguraci\u00f3n tambi\u00e9n se entreg\u00f3 el documento que autoriza el cambio de nomenclatura de Centro de Actualizaci\u00f3n del Magisterio del Estado de M\u00e9xico a Escuela Normal Superior del Valle de Toluca.<\/p>\n<p>&nbsp;<\/p>\n","protected":false},"excerpt":{"rendered":"<p>La Secretar\u00eda de Educaci\u00f3n entreg\u00f3 nuevas instalaciones de la Escuela Normal Superior del Valle de Toluca, anteriormente llamado Centro de Actualizaci\u00f3n del Magisterio del Estado de M\u00e9xico, en beneficio de m\u00e1s de 500 futuros docentes de educaci\u00f3n preescolar, primaria y secundaria, con especialidad en matem\u00e1ticas, ingl\u00e9s, espa\u00f1ol y biolog\u00eda.<\/p>\n","protected":false},"author":3,"featured_media":239287,"comment_status":"open","ping_status":"open","sticky":false,"template":"","format":"standard","meta":{"_monsterinsights_skip_tracking":false,"_monsterinsights_sitenote_active":false,"_monsterinsights_sitenote_note":"","_monsterinsights_sitenote_category":0,"footnotes":""},"categories":[5],"tags":[5828,43675,459,184],"class_list":["post-239206","post","type-post","status-publish","format-standard","has-post-thumbnail","hentry","category-estado-de-mexico","tag-eruviel-avila-villegas","tag-estado-de-mexico","tag-sep","tag-zinacantepec"],"_links":{"self":[{"href":"https:\/\/www.diarioimagen.net\/index.php?rest_route=\/wp\/v2\/posts\/239206","targetHints":{"allow":["GET"]}}],"collection":[{"href":"https:\/\/www.diarioimagen.net\/index.php?rest_route=\/wp\/v2\/posts"}],"about":[{"href":"https:\/\/www.diarioimagen.net\/index.php?rest_route=\/wp\/v2\/types\/post"}],"author":[{"embeddable":true,"href":"https:\/\/www.diarioimagen.net\/index.php?rest_route=\/wp\/v2\/users\/3"}],"replies":[{"embeddable":true,"href":"https:\/\/www.diarioimagen.net\/index.php?rest_route=%2Fwp%2Fv2%2Fcomments&post=239206"}],"version-history":[{"count":0,"href":"https:\/\/www.diarioimagen.net\/index.php?rest_route=\/wp\/v2\/posts\/239206\/revisions"}],"wp:featuredmedia":[{"embeddable":true,"href":"https:\/\/www.diarioimagen.net\/index.php?rest_route=\/wp\/v2\/media\/239287"}],"wp:attachment":[{"href":"https:\/\/www.diarioimagen.net\/index.php?rest_route=%2Fwp%2Fv2%2Fmedia&parent=239206"}],"wp:term":[{"taxonomy":"category","embeddable":true,"href":"https:\/\/www.diarioimagen.net\/index.php?rest_route=%2Fwp%2Fv2%2Fcategories&post=239206"},{"taxonomy":"post_tag","embeddable":true,"href":"https:\/\/www.diarioimagen.net\/index.php?rest_route=%2Fwp%2Fv2%2Ftags&post=239206"}],"curies":[{"name":"wp","href":"https:\/\/api.w.org\/{rel}","templated":true}]}}