{"id":239234,"date":"2015-10-21T00:03:02","date_gmt":"2015-10-21T05:03:02","guid":{"rendered":"http:\/\/www.diarioimagen.net\/?p=239234"},"modified":"2015-10-22T00:27:32","modified_gmt":"2015-10-22T05:27:32","slug":"acuerdan-relanzar-la-busqueda-de-normalistas","status":"publish","type":"post","link":"https:\/\/www.diarioimagen.net\/?p=239234","title":{"rendered":"Acuerdan relanzar la b\u00fasqueda de normalistas"},"content":{"rendered":"<ul>\n<li><strong><em>Interrogar\u00e1 el MP a militares<\/em><\/strong><\/li>\n<\/ul>\n<div id=\"attachment_239335\" style=\"width: 250px\" class=\"wp-caption alignleft\"><a href=\"http:\/\/www.diarioimagen.net\/?attachment_id=239335\" rel=\"attachment wp-att-239335\"><img loading=\"lazy\" decoding=\"async\" aria-describedby=\"caption-attachment-239335\" class=\"size-medium wp-image-239335\" src=\"http:\/\/www.diarioimagen.net\/wp-content\/uploads\/2015\/10\/expertos-2723-240x135.jpg\" alt=\"@GIEIAYOTZINAPA presentan las conclusiones sobre las investigaciones sobre #Ayotzinapa \" width=\"240\" height=\"135\" srcset=\"https:\/\/www.diarioimagen.net\/wp-content\/uploads\/2015\/10\/expertos-2723-240x135.jpg 240w, https:\/\/www.diarioimagen.net\/wp-content\/uploads\/2015\/10\/expertos-2723-420x236.jpg 420w, https:\/\/www.diarioimagen.net\/wp-content\/uploads\/2015\/10\/expertos-2723-235x132.jpg 235w, https:\/\/www.diarioimagen.net\/wp-content\/uploads\/2015\/10\/expertos-2723-202x114.jpg 202w, https:\/\/www.diarioimagen.net\/wp-content\/uploads\/2015\/10\/expertos-2723-350x196.jpg 350w, https:\/\/www.diarioimagen.net\/wp-content\/uploads\/2015\/10\/expertos-2723-220x123.jpg 220w, https:\/\/www.diarioimagen.net\/wp-content\/uploads\/2015\/10\/expertos-2723-237x132.jpg 237w, https:\/\/www.diarioimagen.net\/wp-content\/uploads\/2015\/10\/expertos-2723.jpg 480w\" sizes=\"auto, (max-width: 240px) 100vw, 240px\" \/><\/a><p id=\"caption-attachment-239335\" class=\"wp-caption-text\">@GIEIAYOTZINAPA presentan las conclusiones sobre las investigaciones sobre #Ayotzinapa<\/p><\/div>\n<p>Luego de una reuni\u00f3n entre el Grupo Interdisciplinario de Expertos Independientes (GIEI) y funcionarios del gobierno mexicano se acord\u00f3 relanzar la investigaci\u00f3n en torno a la desparici\u00f3na de los 43 estudiantes normalistas en Iguala.<\/p>\n<p>Se trata de reestructurar la investigaci\u00f3n con nuevas l\u00edneas y el gobierno mexicano se comprometi\u00f3 a formular un pronunciamiento antes de que concluya el mes, para que le sea autorizada una pr\u00f3rroga de seis meses, en la que intervendr\u00eda el grupo de expertos.<\/p>\n<p>Es un acuerdo fruto de un mes de intensas negociaciones en las que se aprobaron nuevas reglas en las que el GIEI pueda colaborar como \u00f3rgano coadyuvante en las labores de investigaci\u00f3n, que dejar\u00e1n de estar a cargo de la SIEDO, hecho que aplaudieron por una parte Emilio \u00c1lvarez Icaza, secretario Ejecutivo de la Comisi\u00f3n Interamericana de los Derechos Humanos y Maureen Mayer de la Oficina de Washington para Latinoam\u00e9rica.<\/p>\n<p>Es una minuta de 10 puntos en la que inclusive se establece que se interrogue a los miembros del Ej\u00e9rcito mexicano involucrados en el caso, pero siempre a trav\u00e9s del agente del Ministerio P\u00fablico.<\/p>\n<p>Igualmente que el mismo grupo de expertos se quede en M\u00e9xico a dar seguimiento a la investigaci\u00f3n durante 6 meses m\u00e1s y que se realice un tercer peritaje para ofrecer un veredicto definitivo en torno a si fueron (o es posible cient\u00edficamente) incinerados los cuerpos o no en el basurero de Cocula. En ese tercer peritaje participar\u00e1 Jos\u00e9 Torero, que fue quien refut\u00f3 que es imposible la incineraci\u00f3n de 43 personas en 12 horas.<\/p>\n<p>Un tema m\u00e1s (de los diez) que contiene la minuta aprobada ayer es que los expertos podr\u00e1n interrogar a los funcionarios que participaron en la investigaci\u00f3n, para que puedan precisar las razones de lo que se consideran omisiones, entre ellos el ex procurador general, Jes\u00fas Murillo Karam.<\/p>\n<p style=\"text-align: center;\"><strong>Sacan a la SEIDO<\/strong><\/p>\n<p>La investigaci\u00f3n sobre la desaparici\u00f3n de los 43 normalistas quedar\u00e1 a cargo del subprocurador de Derechos Humanos de la Procuradur\u00eda General de la Rep\u00fablica (PGR), Eber Betanzos<\/p>\n<p>El subsecretario Roberto Campa Cifri\u00e1n explic\u00f3 que en M\u00e9xico el comandante supremo de las fuerzas armadas es el presidente de la Rep\u00fablica y que fue quien decidi\u00f3 que se interrogue a militares, pero siempre a trav\u00e9s del Ministerio P\u00fablico y que de hecho se ampliar\u00e1n las declaraciones de los soldados que estuvieron involucrados y que son 50 del 27 Batall\u00f3n de Infanter\u00eda con sede en Iguala.<\/p>\n","protected":false},"excerpt":{"rendered":"<p>Luego de una reuni\u00f3n entre el Grupo Interdisciplinario de Expertos Independientes (GIEI) y funcionarios del gobierno mexicano se acord\u00f3 relanzar la investigaci\u00f3n en torno a la desparici\u00f3na de los 43 estudiantes normalistas en Iguala.<\/p>\n","protected":false},"author":3,"featured_media":239335,"comment_status":"open","ping_status":"open","sticky":false,"template":"","format":"standard","meta":{"_monsterinsights_skip_tracking":false,"_monsterinsights_sitenote_active":false,"_monsterinsights_sitenote_note":"","_monsterinsights_sitenote_category":0,"footnotes":""},"categories":[3],"tags":[3573,11674,43673,21373,25065],"class_list":["post-239234","post","type-post","status-publish","format-standard","has-post-thumbnail","hentry","category-nacional","tag-ejercito-mexicano","tag-iguala","tag-nacional","tag-normalistas","tag-seido"],"_links":{"self":[{"href":"https:\/\/www.diarioimagen.net\/index.php?rest_route=\/wp\/v2\/posts\/239234","targetHints":{"allow":["GET"]}}],"collection":[{"href":"https:\/\/www.diarioimagen.net\/index.php?rest_route=\/wp\/v2\/posts"}],"about":[{"href":"https:\/\/www.diarioimagen.net\/index.php?rest_route=\/wp\/v2\/types\/post"}],"author":[{"embeddable":true,"href":"https:\/\/www.diarioimagen.net\/index.php?rest_route=\/wp\/v2\/users\/3"}],"replies":[{"embeddable":true,"href":"https:\/\/www.diarioimagen.net\/index.php?rest_route=%2Fwp%2Fv2%2Fcomments&post=239234"}],"version-history":[{"count":0,"href":"https:\/\/www.diarioimagen.net\/index.php?rest_route=\/wp\/v2\/posts\/239234\/revisions"}],"wp:featuredmedia":[{"embeddable":true,"href":"https:\/\/www.diarioimagen.net\/index.php?rest_route=\/wp\/v2\/media\/239335"}],"wp:attachment":[{"href":"https:\/\/www.diarioimagen.net\/index.php?rest_route=%2Fwp%2Fv2%2Fmedia&parent=239234"}],"wp:term":[{"taxonomy":"category","embeddable":true,"href":"https:\/\/www.diarioimagen.net\/index.php?rest_route=%2Fwp%2Fv2%2Fcategories&post=239234"},{"taxonomy":"post_tag","embeddable":true,"href":"https:\/\/www.diarioimagen.net\/index.php?rest_route=%2Fwp%2Fv2%2Ftags&post=239234"}],"curies":[{"name":"wp","href":"https:\/\/api.w.org\/{rel}","templated":true}]}}