{"id":239368,"date":"2015-10-22T00:03:49","date_gmt":"2015-10-22T05:03:49","guid":{"rendered":"http:\/\/www.diarioimagen.net\/?p=239368"},"modified":"2015-10-29T02:25:40","modified_gmt":"2015-10-29T08:25:40","slug":"el-impacto-mayor-de-reformas-de-mexico-a-largo-plazo-fmi","status":"publish","type":"post","link":"https:\/\/www.diarioimagen.net\/?p=239368","title":{"rendered":"Impacto mayor de reformas de M\u00e9xico, a largo plazo: FMI"},"content":{"rendered":"<ul>\n<li><em><strong>Inversiones y reducci\u00f3n de precios<\/strong><\/em><\/li>\n<\/ul>\n<div id=\"attachment_239369\" style=\"width: 250px\" class=\"wp-caption alignleft\"><a href=\"http:\/\/www.diarioimagen.net\/?attachment_id=239369\" rel=\"attachment wp-att-239369\"><img loading=\"lazy\" decoding=\"async\" aria-describedby=\"caption-attachment-239369\" class=\"size-medium wp-image-239369\" src=\"http:\/\/www.diarioimagen.net\/wp-content\/uploads\/2015\/10\/FMI-PORTAL-240x140.jpg\" alt=\"Todas las reformas de M\u00e9xico van en la direcci\u00f3n correcta para el pa\u00eds\u201d, se\u00f1ala el subdirector del Departamento del Hemisferio Occidental del FMI, Robert Rennhack.\" width=\"240\" height=\"140\" srcset=\"https:\/\/www.diarioimagen.net\/wp-content\/uploads\/2015\/10\/FMI-PORTAL-240x140.jpg 240w, https:\/\/www.diarioimagen.net\/wp-content\/uploads\/2015\/10\/FMI-PORTAL-420x245.jpg 420w, https:\/\/www.diarioimagen.net\/wp-content\/uploads\/2015\/10\/FMI-PORTAL.jpg 480w\" sizes=\"auto, (max-width: 240px) 100vw, 240px\" \/><\/a><p id=\"caption-attachment-239369\" class=\"wp-caption-text\">Todas las reformas de M\u00e9xico van en la direcci\u00f3n correcta para el pa\u00eds\u201d, se\u00f1ala el subdirector del Departamento del Hemisferio Occidental del FMI, Robert Rennhack.<\/p><\/div>\n<p>Las reformas estructurales de M\u00e9xico empiezan a tener efectos positivos en el pa\u00eds, pero se requerir\u00e1 \u201cpaciencia\u201d porque su impacto mayor ser\u00e1 en el mediano y largo plazos, afirm\u00f3 el Fondo Monetario Internacional (FMI).<\/p>\n<p>El subdirector del Departamento del Hemisferio Occidental del FMI, Robert Rennhack, sostuvo que la reforma de telecomunicaciones comenz\u00f3 a tener un impacto positivo con la reducci\u00f3n de precios e inversiones adicionales en el sector.<\/p>\n<p>\u201cHay que tener paciencia para que las reformas tengan efecto (&#8230;) pero todas las reformas de M\u00e9xico van en la direcci\u00f3n correcta para el pa\u00eds\u201d, dijo Rennhack en el marco de un foro sobre la situaci\u00f3n econ\u00f3mica de Am\u00e9rica Latina en la Instituci\u00f3n Brookings de Washington.<\/p>\n<p>Consider\u00f3 asimismo que la reforma energ\u00e9tica es \u201cmuy importante\u201d, pero requerir\u00e1 de tres a cinco a\u00f1os para ver mejoras en la producci\u00f3n y sostuvo que la reforma de competencia es de m\u00e1s largo plazo pero puede ayudar mucho a la econom\u00eda mexicana.<\/p>\n<p>\u201cY la reforma educativa es muy importante, pero eso toma d\u00e9cadas\u201d, se\u00f1al\u00f3 el funcionario del FMI.<\/p>\n<p>En relaci\u00f3n con la situaci\u00f3n del peso en relaci\u00f3n con el d\u00f3lar, Rennhack calific\u00f3 como positiva la depreciaci\u00f3n de la divisa mexicana.<\/p>\n<p>\u201cFue importante para el peso ajustarse a la baja en el precio del petr\u00f3leo y por las expectativas del aumento de la tasa de fondos federales\u201d de la Reserva Federal de Estados Unidos, indic\u00f3.<\/p>\n<p>Durante el foro, Rennhack apunt\u00f3 que M\u00e9xico, Chile, Colombia y Per\u00fa son los pa\u00edses que muestran el mejor manejo econ\u00f3mico de Am\u00e9rica Latina, mientras que Argentina enfrenta el dilema de la velocidad del ajuste y otros pa\u00edses como Brasil padecen problemas serios como el caso de corrupci\u00f3n.<\/p>\n<p>\u201cVenezuela es un caso muy complicado. El manejo no es bueno en ning\u00fan sentido\u201d,manifest\u00f3.<\/p>\n<p>Jos\u00e9 Juan Ruiz G\u00f3mez, economista del Banco Interamericano de Desarrollo (BID), destac\u00f3 los casos de cuatro pa\u00edses de Am\u00e9rica Latina que se han esforzado que buscan el reforzamiento institucional durante los \u00faltimos 15 a\u00f1os.<\/p>\n<p>\u201cPercibo avances en estos pa\u00edses. No es casual que Per\u00fa, Colombia, Chile y M\u00e9xico tengan bancos centrales que tengan reputaci\u00f3n, reglas fiscales, as\u00ed como pesos y contrapesos en el gobierno y la gobernanza econ\u00f3mica\u201d.<\/p>\n<p>\u201cQueda mucho por hacer, pero estos pa\u00edses, con ese reforzamiento institucional son los que nos pueden hacer olvidar un poco esta enorme volatilidad que la regi\u00f3n tiene\u201d.<\/p>\n","protected":false},"excerpt":{"rendered":"<p>Las reformas estructurales de M\u00e9xico empiezan a tener efectos positivos en el pa\u00eds, pero se requerir\u00e1 \u201cpaciencia\u201d porque su impacto mayor ser\u00e1 en el mediano y largo plazos, afirm\u00f3 el Fondo Monetario Internacional (FMI).<\/p>\n","protected":false},"author":5,"featured_media":239369,"comment_status":"open","ping_status":"open","sticky":false,"template":"","format":"standard","meta":{"_monsterinsights_skip_tracking":false,"_monsterinsights_sitenote_active":false,"_monsterinsights_sitenote_note":"","_monsterinsights_sitenote_category":0,"footnotes":""},"categories":[3],"tags":[1481,1480,44,43673,18768],"class_list":["post-239368","post","type-post","status-publish","format-standard","has-post-thumbnail","hentry","category-nacional","tag-fmi","tag-fondo-monetario-internacional","tag-mexico","tag-nacional","tag-reformas"],"_links":{"self":[{"href":"https:\/\/www.diarioimagen.net\/index.php?rest_route=\/wp\/v2\/posts\/239368","targetHints":{"allow":["GET"]}}],"collection":[{"href":"https:\/\/www.diarioimagen.net\/index.php?rest_route=\/wp\/v2\/posts"}],"about":[{"href":"https:\/\/www.diarioimagen.net\/index.php?rest_route=\/wp\/v2\/types\/post"}],"author":[{"embeddable":true,"href":"https:\/\/www.diarioimagen.net\/index.php?rest_route=\/wp\/v2\/users\/5"}],"replies":[{"embeddable":true,"href":"https:\/\/www.diarioimagen.net\/index.php?rest_route=%2Fwp%2Fv2%2Fcomments&post=239368"}],"version-history":[{"count":0,"href":"https:\/\/www.diarioimagen.net\/index.php?rest_route=\/wp\/v2\/posts\/239368\/revisions"}],"wp:featuredmedia":[{"embeddable":true,"href":"https:\/\/www.diarioimagen.net\/index.php?rest_route=\/wp\/v2\/media\/239369"}],"wp:attachment":[{"href":"https:\/\/www.diarioimagen.net\/index.php?rest_route=%2Fwp%2Fv2%2Fmedia&parent=239368"}],"wp:term":[{"taxonomy":"category","embeddable":true,"href":"https:\/\/www.diarioimagen.net\/index.php?rest_route=%2Fwp%2Fv2%2Fcategories&post=239368"},{"taxonomy":"post_tag","embeddable":true,"href":"https:\/\/www.diarioimagen.net\/index.php?rest_route=%2Fwp%2Fv2%2Ftags&post=239368"}],"curies":[{"name":"wp","href":"https:\/\/api.w.org\/{rel}","templated":true}]}}