{"id":239380,"date":"2015-10-22T00:13:14","date_gmt":"2015-10-22T05:13:14","guid":{"rendered":"http:\/\/www.diarioimagen.net\/?p=239380"},"modified":"2015-10-23T01:58:56","modified_gmt":"2015-10-23T06:58:56","slug":"aparece-otro-ejecutado-en-iztapalapa-van-2-esta-semana","status":"publish","type":"post","link":"https:\/\/www.diarioimagen.net\/?p=239380","title":{"rendered":"Otro ejecutado en Iztapalapa; ya van dos esta semana"},"content":{"rendered":"<ul>\n<li><strong><em>Refuerzan vigilancia en los l\u00edmites con Edomex<\/em><\/strong><\/li>\n<\/ul>\n<div id=\"attachment_239381\" style=\"width: 250px\" class=\"wp-caption alignleft\"><a href=\"http:\/\/www.diarioimagen.net\/?attachment_id=239381\" rel=\"attachment wp-att-239381\"><img loading=\"lazy\" decoding=\"async\" aria-describedby=\"caption-attachment-239381\" class=\"wp-image-239381 size-medium\" src=\"http:\/\/www.diarioimagen.net\/wp-content\/uploads\/2015\/10\/EJECUTADO-portal-240x140.jpg\" alt=\"Se refuerza la vigilancia policiaca en la delegaci\u00f3n Iztapalapa, en donde han aparecido dos ejecutados en esta semana.\" width=\"240\" height=\"140\" srcset=\"https:\/\/www.diarioimagen.net\/wp-content\/uploads\/2015\/10\/EJECUTADO-portal-240x140.jpg 240w, https:\/\/www.diarioimagen.net\/wp-content\/uploads\/2015\/10\/EJECUTADO-portal-420x245.jpg 420w, https:\/\/www.diarioimagen.net\/wp-content\/uploads\/2015\/10\/EJECUTADO-portal.jpg 480w\" sizes=\"auto, (max-width: 240px) 100vw, 240px\" \/><\/a><p id=\"caption-attachment-239381\" class=\"wp-caption-text\">Se refuerza la vigilancia policiaca en la delegaci\u00f3n Iztapalapa, donde han aparecido dos ejecutados esta semana.<\/p><\/div>\n<p>Iztapalapa volvi\u00f3 a ser el escenario de la aparici\u00f3n de otro hombre asesinado y con el tiro de gracia en la cabeza, ten\u00eda 45 a\u00f1os y le fue colocado un mensaje, con una cartulina en el que los delincuentes se dirigen al \u201cJefe Mansera\u201d (<em>sic<\/em>).<\/p>\n<p>El cad\u00e1ver del individuo fue abandonado en la calle Chilpancingo Sur y Jos\u00e9 Pagola, en la colonia Emiliano Zapata. Los servicios periciales recogieron el cuerpo y el mensaje, lo cual dio la oportunidad de que la delegada en esa demarcaci\u00f3n Dionme Anguiano, lanzara un SOS al jefe de gobierno, Miguel \u00c1ngel Mancera, para que sea reforzada la seguridad en esa zona.<\/p>\n<p>La respuesta no se hizo esperar y el secretario de Seguridad P\u00fablica del Distrito Federal, Hiram Almeida Estrada, inform\u00f3 del env\u00edo de m\u00e1s de cien polic\u00edas m\u00e1s que se suman a los patrullajes que ya se realizaban, luego de que la noche anterior apareci\u00f3 otro cad\u00e1ver colgado en el puente de La Concordia.<\/p>\n<p>Almeida Estrada dijo que se ha incorporado un mayor n\u00famero de elementos y patrillas para Iztapalapa para atenuar la presencia de los agentes delictivos y que al mismo tiempo se apoya la investigaci\u00f3n sobre el individuo colgado en el puente de La Concordia, ya que su dependencia cuenta con elementos importantes para el esclarecimiento del crimen, como son el material video grabado por las c\u00e1maras del C-4 y la reconstrucci\u00f3n con una serie de datos para generar un an\u00e1lisis de las rutas de quienes ingresan y salen de la ciudad por la carretera de Puebla.<\/p>\n<p>Hizo notar que muchas de sus patrullas tambi\u00e9n ya cuentan con c\u00e1maras de videovigilancia y se recopilan elementos para enriquecer la investigaci\u00f3n ahora de los dos homicidios.<\/p>\n<p>El jefe policiaco capitalino reiter\u00f3 que en el DF no acciona la delincuencia organizada porque no existen lugares apropiados para instalar bodegas, tampoco existen plant\u00edos de mariguana ni se ha descubierto alg\u00fan laboratorio.<\/p>\n<p>Los cr\u00edmenes fueron atribuidos a que se busca que el DF se convierta en mercado de compra de drogas y en consecuencia de consumo, pero que la polic\u00eda lucha para inhibir esta intenci\u00f3n.<\/p>\n<p>Dijo que s\u00ed existe en el DF quienes compran y consumen drogas, s\u00ed, pero se lucha para reducir esta pr\u00e1ctica y que no por eso el crimen organizado tiene su cede en la capital de la Rep\u00fablica.<\/p>\n<p>Al respecto, el jefe de gobierno se comprometi\u00f3 a \u201cdar con los responsables y que ya se reforz\u00f3 la vigilancia en esa delegaci\u00f3n. Habr\u00e1 sobrevigilancia permanente en todos los espacios y la seguriodad de que vamos a dar con ellos\u201d.<\/p>\n","protected":false},"excerpt":{"rendered":"<p>Iztapalapa volvi\u00f3 a ser el escenario de la aparici\u00f3n de otro hombre asesinado y con el tiro de gracia en la cabeza, ten\u00eda 45 a\u00f1os y le fue colocado un mensaje, con una cartulina en el que los delincuentes se dirigen al \u201cJefe Mansera\u201d (<em>sic<\/em>).<\/p>\n","protected":false},"author":5,"featured_media":239381,"comment_status":"open","ping_status":"open","sticky":false,"template":"","format":"standard","meta":{"_monsterinsights_skip_tracking":false,"_monsterinsights_sitenote_active":false,"_monsterinsights_sitenote_note":"","_monsterinsights_sitenote_category":0,"footnotes":""},"categories":[6],"tags":[4760,3540,217,5314,43677],"class_list":["post-239380","post","type-post","status-publish","format-standard","has-post-thumbnail","hentry","category-cd-de-mexico","tag-asesinato","tag-ejecutado","tag-iztapalapa","tag-miguel-angel-mancera-espinosa","tag-seguridad"],"_links":{"self":[{"href":"https:\/\/www.diarioimagen.net\/index.php?rest_route=\/wp\/v2\/posts\/239380","targetHints":{"allow":["GET"]}}],"collection":[{"href":"https:\/\/www.diarioimagen.net\/index.php?rest_route=\/wp\/v2\/posts"}],"about":[{"href":"https:\/\/www.diarioimagen.net\/index.php?rest_route=\/wp\/v2\/types\/post"}],"author":[{"embeddable":true,"href":"https:\/\/www.diarioimagen.net\/index.php?rest_route=\/wp\/v2\/users\/5"}],"replies":[{"embeddable":true,"href":"https:\/\/www.diarioimagen.net\/index.php?rest_route=%2Fwp%2Fv2%2Fcomments&post=239380"}],"version-history":[{"count":0,"href":"https:\/\/www.diarioimagen.net\/index.php?rest_route=\/wp\/v2\/posts\/239380\/revisions"}],"wp:featuredmedia":[{"embeddable":true,"href":"https:\/\/www.diarioimagen.net\/index.php?rest_route=\/wp\/v2\/media\/239381"}],"wp:attachment":[{"href":"https:\/\/www.diarioimagen.net\/index.php?rest_route=%2Fwp%2Fv2%2Fmedia&parent=239380"}],"wp:term":[{"taxonomy":"category","embeddable":true,"href":"https:\/\/www.diarioimagen.net\/index.php?rest_route=%2Fwp%2Fv2%2Fcategories&post=239380"},{"taxonomy":"post_tag","embeddable":true,"href":"https:\/\/www.diarioimagen.net\/index.php?rest_route=%2Fwp%2Fv2%2Ftags&post=239380"}],"curies":[{"name":"wp","href":"https:\/\/api.w.org\/{rel}","templated":true}]}}