{"id":239394,"date":"2015-10-22T00:04:39","date_gmt":"2015-10-22T05:04:39","guid":{"rendered":"http:\/\/www.diarioimagen.net\/?p=239394"},"modified":"2015-10-22T03:22:40","modified_gmt":"2015-10-22T08:22:40","slug":"el-robot-de-blanca-li-soreprendio-al-coloso-de-reforma","status":"publish","type":"post","link":"https:\/\/www.diarioimagen.net\/?p=239394","title":{"rendered":"\u201cRobot!\u201d de Blanca Li sorprendi\u00f3 al Coloso de Reforma"},"content":{"rendered":"<ul>\n<li><strong><em>Mundialmente aclamado por la prensa, este espect\u00e1culo abre nuevos horizontes sobre el empleo de aut\u00f3matas en la escena, que en este caso tocan instrumentos musicales, gracias a sistemas electromec\u00e1nicos activados por ocho bailarines<\/em><\/strong><\/li>\n<\/ul>\n<h6>Asael Grande<\/h6>\n<p>&nbsp;<\/p>\n<div id=\"attachment_239395\" style=\"width: 250px\" class=\"wp-caption alignleft\"><a href=\"http:\/\/www.diarioimagen.net\/?attachment_id=239395\" rel=\"attachment wp-att-239395\"><img loading=\"lazy\" decoding=\"async\" aria-describedby=\"caption-attachment-239395\" class=\"wp-image-239395 size-medium\" src=\"http:\/\/www.diarioimagen.net\/wp-content\/uploads\/2015\/10\/el-robot-portal-240x140.jpg\" alt=\"\u201cRobot!\u201d traslada al p\u00fablico al complejo v\u00ednculo entre el hombre y la m\u00e1quina, sin abandonar por ello el tono caracter\u00edstico con coreograf\u00edas que gu\u00edan a ocho bailarines, cuyos movimientos activan los absurdos instrumentos musicales de Maywa Denki. foto Asael Grande\" width=\"240\" height=\"140\" srcset=\"https:\/\/www.diarioimagen.net\/wp-content\/uploads\/2015\/10\/el-robot-portal-240x140.jpg 240w, https:\/\/www.diarioimagen.net\/wp-content\/uploads\/2015\/10\/el-robot-portal-420x245.jpg 420w, https:\/\/www.diarioimagen.net\/wp-content\/uploads\/2015\/10\/el-robot-portal.jpg 480w\" sizes=\"auto, (max-width: 240px) 100vw, 240px\" \/><\/a><p id=\"caption-attachment-239395\" class=\"wp-caption-text\">\u201cRobot!\u201d traslada al p\u00fablico al complejo v\u00ednculo entre el hombre y la m\u00e1quina, sin abandonar por ello el tono caracter\u00edstico con coreograf\u00edas que gu\u00edan a ocho bailarines, cuyos movimientos activan los absurdos instrumentos musicales de Maywa Denki.<\/p><\/div>\n<p>El Auditorio Nacional y el XLIII Festival Internacional Cervantino present\u00f3 en nuestro pa\u00eds el espect\u00e1culo coreogr\u00e1fico \u201cRobot!\u201d de Blanca Li, su aclamada puesta en escena, considerada una proeza t\u00e9cnica y est\u00e9tica.<\/p>\n<p>Mundialmente aclamada por la prensa, \u201cRobot!\u201d abre nuevos horizontes sobre el empleo de aut\u00f3matas en la escena, que en este caso tocan instrumentos musicales gracias a sistemas electromec\u00e1nicos activados por ocho bailarines. En esta coreograf\u00eda, que traslada a escena el complejo v\u00ednculo entre el hombre y la m\u00e1quina, colabora con el colectivo de artistas japoneses.<\/p>\n<p>De d\u00eda, de noche, dentro, fuera, en la calle, en el cielo&#8230; vivimos con las m\u00e1quinas. Nuestra memoria se est\u00e1 volviendo artificial, nuestras huellas electr\u00f3nicas, nuestra identidad digital. Robots, m\u00e1quinas, ordenadores disfrazados de tel\u00e9fono, o de autom\u00f3vil; pantallas evidentemente t\u00e1ctiles que las manos infantiles manipulan sin siquiera pens\u00e1rselo, distribuidores y bornes autom\u00e1ticos de todo tipo, etiquetas Rfid, C\u00f3digos QR, Flashcodes, geolocalizaci\u00f3n de objetos y sujetos, avatares en l\u00ednea&#8230; diariamente interactuamos con decenas de m\u00e1quinas m\u00e1s o menos autom\u00e1ticas, m\u00e1s o menos electr\u00f3nicas, m\u00e1s o menos \u201cpensantes\u201d, que reflejan nuestros gustos y nuestros actos.<\/p>\n<p>\u201cRobot!\u201d Traslada al p\u00fablico al complejo v\u00ednculo entre el hombre y la m\u00e1quina, sin abandonar por ello el tono caracter\u00edstico con coreograf\u00edas que gu\u00edan a ocho bailarines, cuyos movimientos activan los absurdos instrumentos musicales de Maywa Denki. El paso de los aut\u00f3matas al robot reside en los circuitos electr\u00f3nicos conectados a la forma humanoide. Lejos de ser una an\u00e9cdota, la incursi\u00f3n de varios robots Nao en el espect\u00e1culo plantea con sensibilidad y emoci\u00f3n la posibilidad de intercambiar hombres y m\u00e1quinas.<\/p>\n<p>Hombres-m\u00e1quinas, aut\u00f3matas electromec\u00e1nicos, robots programables conllevan diferentes formas de relacionarse con el mundo, diferentes etapas de esa evoluci\u00f3n. \u201cRobot!\u201d explora la fase m\u00e1s actual de sus interacciones de manera divertida y po\u00e9tica.<\/p>\n<p>\u00bfUna m\u00e1quina, incluso evolucionada, puede reemplazar la relaci\u00f3n con lo vivo? \u00bfNuestras r\u00e9plicas rob\u00f3ticas expresar\u00e1n un d\u00eda sentimientos adem\u00e1s de gestionar nuestro cotidiano? \u00bfQu\u00e9 sociedad producir\u00e1n? \u00bfSon los robots entidades capaces de integrar el desorden creador? \u00bfSer\u00e1n un reflejo de los deseos inconscientes de la sociedad ? Si los robots se humanizan adoptando nuestra apariencia \u00bfNos robotizaremos nosotros? \u00bfNos convertiremos en h\u00edbridos, en androides?<\/p>\n","protected":false},"excerpt":{"rendered":"<p>El Auditorio Nacional y el XLIII Festival Internacional Cervantino present\u00f3 en nuestro pa\u00eds el espect\u00e1culo coreogr\u00e1fico \u201cRobot!\u201d de Blanca Li, su aclamada puesta en escena, considerada una proeza t\u00e9cnica y est\u00e9tica.<\/p>\n","protected":false},"author":5,"featured_media":239395,"comment_status":"open","ping_status":"open","sticky":false,"template":"","format":"standard","meta":{"_monsterinsights_skip_tracking":false,"_monsterinsights_sitenote_active":false,"_monsterinsights_sitenote_note":"","_monsterinsights_sitenote_category":0,"footnotes":""},"categories":[12],"tags":[6725,43682],"class_list":["post-239394","post","type-post","status-publish","format-standard","has-post-thumbnail","hentry","category-espectaculos","tag-coloso-de-reforma","tag-espectaculos"],"_links":{"self":[{"href":"https:\/\/www.diarioimagen.net\/index.php?rest_route=\/wp\/v2\/posts\/239394","targetHints":{"allow":["GET"]}}],"collection":[{"href":"https:\/\/www.diarioimagen.net\/index.php?rest_route=\/wp\/v2\/posts"}],"about":[{"href":"https:\/\/www.diarioimagen.net\/index.php?rest_route=\/wp\/v2\/types\/post"}],"author":[{"embeddable":true,"href":"https:\/\/www.diarioimagen.net\/index.php?rest_route=\/wp\/v2\/users\/5"}],"replies":[{"embeddable":true,"href":"https:\/\/www.diarioimagen.net\/index.php?rest_route=%2Fwp%2Fv2%2Fcomments&post=239394"}],"version-history":[{"count":0,"href":"https:\/\/www.diarioimagen.net\/index.php?rest_route=\/wp\/v2\/posts\/239394\/revisions"}],"wp:featuredmedia":[{"embeddable":true,"href":"https:\/\/www.diarioimagen.net\/index.php?rest_route=\/wp\/v2\/media\/239395"}],"wp:attachment":[{"href":"https:\/\/www.diarioimagen.net\/index.php?rest_route=%2Fwp%2Fv2%2Fmedia&parent=239394"}],"wp:term":[{"taxonomy":"category","embeddable":true,"href":"https:\/\/www.diarioimagen.net\/index.php?rest_route=%2Fwp%2Fv2%2Fcategories&post=239394"},{"taxonomy":"post_tag","embeddable":true,"href":"https:\/\/www.diarioimagen.net\/index.php?rest_route=%2Fwp%2Fv2%2Ftags&post=239394"}],"curies":[{"name":"wp","href":"https:\/\/api.w.org\/{rel}","templated":true}]}}