{"id":239409,"date":"2015-10-22T00:01:46","date_gmt":"2015-10-22T05:01:46","guid":{"rendered":"http:\/\/www.diarioimagen.net\/?p=239409"},"modified":"2015-10-23T01:27:19","modified_gmt":"2015-10-23T06:27:19","slug":"hoy-se-celebra-el-dia-mundial-de-la-tapa-en-el-df-participan-38-restaurantes-y-concluye-el-proximo-domingo","status":"publish","type":"post","link":"https:\/\/www.diarioimagen.net\/?p=239409","title":{"rendered":"Hoy se celebra el D\u00eda Mundial de la Tapa; en el DF participan 38 restaurantes y concluye el pr\u00f3ximo domingo"},"content":{"rendered":"<h2>De cinco estrellas<\/h2>\n<h5>Victoria Gonz\u00e1lez Prado<\/h5>\n<p>&nbsp;<\/p>\n<ul>\n<li><em><strong>Volaris reporta r\u00e9cord hist\u00f3rico en el tercer trimestre 2015: 41% de margen UAFIDAR ajustada y 22% de margen neto<\/strong><\/em><\/li>\n<li><em><strong>Aerol\u00edneas Ejecutivas participar\u00e1 en el Gran Premio de M\u00e9xico de F\u00f3rmula 1; ofrecer\u00e1 servicio de taxi a\u00e9reo oficial<\/strong><\/em><\/li>\n<\/ul>\n<div id=\"attachment_239551\" style=\"width: 250px\" class=\"wp-caption alignleft\"><a href=\"http:\/\/www.diarioimagen.net\/?attachment_id=239551\" rel=\"attachment wp-att-239551\"><img loading=\"lazy\" decoding=\"async\" aria-describedby=\"caption-attachment-239551\" class=\"size-medium wp-image-239551\" src=\"http:\/\/www.diarioimagen.net\/wp-content\/uploads\/2015\/10\/turismo-2724-240x135.jpg\" alt=\"\u00c1lvaro Renedo, con dos cocineros en la presentaci\u00f3n. (Foto: Mario B\u00e1ez).\" width=\"240\" height=\"135\" srcset=\"https:\/\/www.diarioimagen.net\/wp-content\/uploads\/2015\/10\/turismo-2724-240x135.jpg 240w, https:\/\/www.diarioimagen.net\/wp-content\/uploads\/2015\/10\/turismo-2724-420x236.jpg 420w, https:\/\/www.diarioimagen.net\/wp-content\/uploads\/2015\/10\/turismo-2724-480x270.jpg 480w, https:\/\/www.diarioimagen.net\/wp-content\/uploads\/2015\/10\/turismo-2724-235x132.jpg 235w, https:\/\/www.diarioimagen.net\/wp-content\/uploads\/2015\/10\/turismo-2724-202x114.jpg 202w, https:\/\/www.diarioimagen.net\/wp-content\/uploads\/2015\/10\/turismo-2724-350x196.jpg 350w, https:\/\/www.diarioimagen.net\/wp-content\/uploads\/2015\/10\/turismo-2724-220x123.jpg 220w, https:\/\/www.diarioimagen.net\/wp-content\/uploads\/2015\/10\/turismo-2724-237x132.jpg 237w, https:\/\/www.diarioimagen.net\/wp-content\/uploads\/2015\/10\/turismo-2724.jpg 1200w\" sizes=\"auto, (max-width: 240px) 100vw, 240px\" \/><\/a><p id=\"caption-attachment-239551\" class=\"wp-caption-text\">\u00c1lvaro Renedo, con dos cocineros en la presentaci\u00f3n. (Foto: Mario B\u00e1ez).<\/p><\/div>\n<p>\u00c1lvaro Renedo, director de la Oficina Espa\u00f1ola de Turismo (OET), asegur\u00f3 que las tapas \u201cson una muestra en miniatura de la cocina espa\u00f1ola y han sido motivo de atenci\u00f3n y me atrever\u00eda a decir tambi\u00e9n de devoci\u00f3n por parte de nuestros grandes cocineros, los tradicionales los innovadores, todos por igual que han conseguido que la tapa tenga un reconocimiento internacional\u201d.<\/p>\n<p>Dijo que la tapa es mucho m\u00e1s que una manera de comer. \u201cEs una manera maravillosa de comer y beber. Porque la tapa sin vino no se entiende y es una manera muy espa\u00f1ola, profundamente espa\u00f1ola de entender la vida, la amistad y el disfrute compartido. Es una de las mayores expresiones de lo que nosotros entendemos que es la pasi\u00f3n espa\u00f1ola\u201d.<\/p>\n<p>Y es que hoy, jueves 22 de octubre se celebra el D\u00eda de la Tapa en 40 pa\u00edses del orbe, por lo que Renedo se\u00f1al\u00f3 \u201cse va celebrar aqu\u00ed en M\u00e9xico al igual que en 40 pa\u00edses m\u00e1s en todo el mundo y va a consistir adem\u00e1s de este d\u00eda en unas jornadas que van a arropar la celebraci\u00f3n de la tapa en M\u00e9xico en 38 maravillosos restaurantes de cocina o de influencia espa\u00f1ola esparcidos por el DF. Muchos de ellos est\u00e1n aqu\u00ed y les agradezco su participaci\u00f3n y su contribuci\u00f3n al \u00e9xito de estas jornadas.<\/p>\n<p>Para promocionarlas e incentivar la presencia de interesados mexicanos en probar esas creaciones que los chefs de los 38 restaurantes van a elaborar, explic\u00f3 habr\u00e1 \u201cdos concursos. Uno de ellos con la colaboraci\u00f3n de Iberia. El premio un viaje a Espa\u00f1a y el otro de Rioja, de la Denominaci\u00f3n de Origen. Una de las m\u00e1s importantes de Espa\u00f1a y del mundo que consistir\u00e1 para el primer premio una cata de vino y para el segundo una peque\u00f1a muestra de botellas de vino\u201d.<\/p>\n<p>El director de la OET no dej\u00f3 de agradecer el apoyo brindado por el consejero de Comunicaci\u00f3n de la embajada, Jos\u00e9 S\u00e1nchez Crespo, la ayuda esencial al personal de la oficina y mencion\u00f3 sus nombre en estricto orden alfab\u00e9tico: Alicia, Bego\u00f1a, Mal\u00fa, Silvia y Susana, \u201csin ellas esto no hubiera sido posible\u201d.<\/p>\n<p>Tambi\u00e9n a los patrocinadores Iberia y Vinos Rioja con los cuales hemos podido armar unos peque\u00f1os premios para incentivar la presencia y el \u00e9xito de las Jornadas de la Tapa que haremos en torno al D\u00eda Mundial.<\/p>\n<p>Por \u00faltimo, agradeci\u00f3 tambi\u00e9n a Millesime, recinto que alberg\u00f3 el anuncio del D\u00eda Mundial de la Tapa, \u201cA la familia Quintanero, Manuel padre, Manuel hijo a Claudia por cedernos este maravilloso lugar que es adem\u00e1s, tal vez el lugar emblem\u00e1tico de la cocina espa\u00f1ola de creatividad en M\u00e9xico. Son unos h\u00e9roes que han establecido en M\u00e9xico una pica important\u00edsima y que nos ayudan a nosotros mucho en la promoci\u00f3n.<\/p>\n<p>El comunicado emitido por OET se refiere a detalle al concurso mencionado por \u00c1lvaro Renedo en el que podr\u00e1n participar todas las personas que registren en un \u201cpasaporte\u201d cuatro sellos de los restaurantes participantes. Se otorgar\u00e1 un sello por cada ticket de consumo que deber\u00e1n enviar por email junto con los tickets y contestar en cinco l\u00edneas por qu\u00e9 las tapas son el \u00edcono de Espa\u00f1a. La OET premiar\u00e1 la respuesta m\u00e1s creativa.<\/p>\n<p>Por medio de la p\u00e1gina oficinal de <em>Facebook <\/em><a href=\"http:\/\/www.facebook.com\/spain.info.mx\" target=\"_blank\">www.facebook.com\/spain.info.mx<\/a> se llevar\u00e1 a cabo otro concurso en el que los consumidores podr\u00e1n subir sus fotograf\u00edas, degustando las tapas en los restaurantes. El primero y el segundo autor de las dos fotograf\u00edas m\u00e1s votadas ganar\u00e1n respectivamente, una cata de vinos organizada por La Rioja y un lote de vinos de la misma regi\u00f3n.<\/p>\n<p>A partir de hoy jueves 22 y al domingo 25 de octubre, 38 restaurantes del DF participan en las jornadas que celebran el D\u00eda de la Tapa, entre ellos: 100 Montaditos, Alaia, El Jaleo, Gaudi, Jam\u00f3n, La Bota, La Aceituna, Masa Madre y Pajares.<\/p>\n<p>\u2730\u2730\u2730\u2730\u2730 De acuerdo con lo reportado por Volaris, su Utilidad antes de Financiamiento, Impuestos, Depreciaci\u00f3n, Amortizaci\u00f3n y Rentas (UAFIDAR) fue de <strong>2 mil 121 millones de pesos (mdp) durante el tercer trimestre de 2015, lo que devino en un incremento de 95.5% respecto de mil 085 mdp del mismo lapso de 2014.<\/strong><\/p>\n<p>Este crecimiento, pese a la paridad peso-d\u00f3lar la aerol\u00ednea lo atribuye a la <strong>\u201cmejora en ingresos unitarios impulsados por un enfoque tanto en el crecimiento de otros ingresos por servicios y mejoras en administraci\u00f3n de ingresos\u201d,<\/strong> lo cual se dio debido a una \u201crecuperaci\u00f3n de las condiciones de precios en el mercado nacional, y a un s\u00f3lido ambiente tarifario en el mercado internacional.<\/p>\n<p><strong>Lo anterior se reflej\u00f3 en un crecimiento de la capacidad nacional de 16.8% al reportar 2 mil 699 millones de Asientos Disponibles por Milla (ASM),<\/strong> comparado con los 2 mil 310 millones ASM del a\u00f1o anterior. En tanto (mi como reflejo del aumento en la demanda por parte del mercado, mientras que la capacidad internacional creci\u00f3 a mil 184 millones AMS, 44.2% m\u00e1s que 821 millones del a\u00f1o anterior.<\/p>\n<p>Durante el tercer trimestre Volaris respondi\u00f3 a un incremento en la demanda mediante la administraci\u00f3n de su capacidad, basado en flexibilidad y alta utilizaci\u00f3n de la flota. El modelo de ultra bajo costo contin\u00faa penetrando el mercado nacional, y tambi\u00e9n el internacional, resultando en un s\u00f3lido trimestre, tanto desde la perspectiva operacional como desde la financiera\u201d, indic\u00f3 Enrique Beltranena, director general de la aerol\u00ednea.<\/p>\n<p>Otro de los factores a los que se atribuy\u00f3 el crecimiento en el tercer trimestre del a\u00f1o es el lanzamiento de nuevas rutas, el incremento en ingresos por pasajeros y por servicios por pasajeros <strong>\u201ccomo resultado de implementar nuevos precios en los productos de otros ingresos por servicios, un nuevo producto de seguro de viaje, y nuevas opciones de pago\u201d.<\/strong><\/p>\n<p>Por \u00faltimo, la baja en el precio de la turbosina y el ahorro en el combustible que su flota genera contrarrestaron la presi\u00f3n que gener\u00f3 el tipo de cambio, y ayudaron al crecimiento registrado.<\/p>\n<p>\u2730\u2730\u2730\u2730\u2730 Aerol\u00edneas Ejecutivas, empresa presidida por Arturo Ortega Oliv\u00e9, informa que participar\u00e1 en el Gran Premio de M\u00e9xico de F\u00f3rmula 1 al ofrecer servicio de taxi a\u00e9reo oficial, transportando aficionados e invitados especiales desde diversas zonas de la ciudad y el Estado de M\u00e9xico hacia el Aut\u00f3dromo Hermanos Rodr\u00edguez los d\u00edas 30 y 31 de octubre para las pr\u00e1cticas y calificaci\u00f3n y el domingo 1 de noviembre para la gran carrera que marca el regreso de esta categor\u00eda a la ciudad de M\u00e9xico.<\/p>\n<p>La empresa participa activamente dando apoyo en este evento deportivo brindando la oportunidad de vivir m\u00e1s de cerca, la experiencia del Gran Premio de M\u00e9xico. As\u00ed ofrece servicio exclusivo de transportaci\u00f3n en helic\u00f3ptero, experiencia \u00fanica y ahorro de tiempo en los diferentes traslados.<\/p>\n<p>El servicio se ofrece por medio de su l\u00ednea de negocio <em>MexJet,<\/em> con el cual sus clientes tienen disponibilidad de cualquiera de las aeronaves con que cuenta, los 365 d\u00edas del a\u00f1o, las 24 horas del d\u00eda, para volar desde sus bases o a cualquier parte del continente americano. Adicionalmente, la compa\u00f1\u00eda cuenta con bases en las ciudades de Toluca, Estado de M\u00e9xico; Monterrey, Nuevo Le\u00f3n; M\u00e9rida, Yucat\u00e1n; Canc\u00fan, Quintana Room y Le\u00f3n, Guanajuato.<\/p>\n<p><em><i><a href=\"mailto:victoriagprado@gmail.com\" target=\"_blank\">victoriagprado@gmail.com<\/a><\/i><\/em><\/p>\n","protected":false},"excerpt":{"rendered":"<p>\u00c1lvaro Renedo, director de la Oficina Espa\u00f1ola de Turismo (OET), asegur\u00f3 que las tapas \u201cson una muestra en miniatura de la cocina espa\u00f1ola y han sido motivo de atenci\u00f3n y me atrever\u00eda a decir tambi\u00e9n de devoci\u00f3n por parte de nuestros grandes cocineros, los tradicionales los innovadores, todos por igual que han conseguido que la tapa tenga un reconocimiento internacional\u201d.<\/p>\n","protected":false},"author":3,"featured_media":239551,"comment_status":"open","ping_status":"open","sticky":false,"template":"","format":"standard","meta":{"_monsterinsights_skip_tracking":false,"_monsterinsights_sitenote_active":false,"_monsterinsights_sitenote_note":"","_monsterinsights_sitenote_category":0,"footnotes":""},"categories":[11],"tags":[107,43674,43681,106],"class_list":["post-239409","post","type-post","status-publish","format-standard","has-post-thumbnail","hentry","category-turismo","tag-de-cinco-estrellas","tag-opinion","tag-turismo","tag-victoria-gonzalez-prado"],"_links":{"self":[{"href":"https:\/\/www.diarioimagen.net\/index.php?rest_route=\/wp\/v2\/posts\/239409","targetHints":{"allow":["GET"]}}],"collection":[{"href":"https:\/\/www.diarioimagen.net\/index.php?rest_route=\/wp\/v2\/posts"}],"about":[{"href":"https:\/\/www.diarioimagen.net\/index.php?rest_route=\/wp\/v2\/types\/post"}],"author":[{"embeddable":true,"href":"https:\/\/www.diarioimagen.net\/index.php?rest_route=\/wp\/v2\/users\/3"}],"replies":[{"embeddable":true,"href":"https:\/\/www.diarioimagen.net\/index.php?rest_route=%2Fwp%2Fv2%2Fcomments&post=239409"}],"version-history":[{"count":0,"href":"https:\/\/www.diarioimagen.net\/index.php?rest_route=\/wp\/v2\/posts\/239409\/revisions"}],"wp:featuredmedia":[{"embeddable":true,"href":"https:\/\/www.diarioimagen.net\/index.php?rest_route=\/wp\/v2\/media\/239551"}],"wp:attachment":[{"href":"https:\/\/www.diarioimagen.net\/index.php?rest_route=%2Fwp%2Fv2%2Fmedia&parent=239409"}],"wp:term":[{"taxonomy":"category","embeddable":true,"href":"https:\/\/www.diarioimagen.net\/index.php?rest_route=%2Fwp%2Fv2%2Fcategories&post=239409"},{"taxonomy":"post_tag","embeddable":true,"href":"https:\/\/www.diarioimagen.net\/index.php?rest_route=%2Fwp%2Fv2%2Ftags&post=239409"}],"curies":[{"name":"wp","href":"https:\/\/api.w.org\/{rel}","templated":true}]}}