{"id":239446,"date":"2015-10-22T00:09:01","date_gmt":"2015-10-22T05:09:01","guid":{"rendered":"http:\/\/www.diarioimagen.net\/?p=239446"},"modified":"2015-10-22T04:03:16","modified_gmt":"2015-10-22T09:03:16","slug":"con-apagon-analogico-habra-casi-8-millones-sin-senal-de-tv","status":"publish","type":"post","link":"https:\/\/www.diarioimagen.net\/?p=239446","title":{"rendered":"Con apag\u00f3n anal\u00f3gico habr\u00e1 casi 8 millones sin se\u00f1al de TV"},"content":{"rendered":"<ul>\n<li><strong><em>Plantean ampliar el plazo<\/em><\/strong><\/li>\n<\/ul>\n<div id=\"attachment_239541\" style=\"width: 250px\" class=\"wp-caption alignleft\"><a href=\"http:\/\/www.diarioimagen.net\/?attachment_id=239541\" rel=\"attachment wp-att-239541\"><img loading=\"lazy\" decoding=\"async\" aria-describedby=\"caption-attachment-239541\" class=\"size-medium wp-image-239541\" src=\"http:\/\/www.diarioimagen.net\/wp-content\/uploads\/2015\/10\/APAGON-2724-240x135.jpg\" alt=\"De concretarse el apag\u00f3n anal\u00f3gico este 31 de diciembre, entre 7 y 8 millones de mexicanos se quedar\u00edan sin se\u00f1ala de televisi\u00f3n abierta.\" width=\"240\" height=\"135\" srcset=\"https:\/\/www.diarioimagen.net\/wp-content\/uploads\/2015\/10\/APAGON-2724-240x135.jpg 240w, https:\/\/www.diarioimagen.net\/wp-content\/uploads\/2015\/10\/APAGON-2724-420x236.jpg 420w, https:\/\/www.diarioimagen.net\/wp-content\/uploads\/2015\/10\/APAGON-2724-235x132.jpg 235w, https:\/\/www.diarioimagen.net\/wp-content\/uploads\/2015\/10\/APAGON-2724-202x114.jpg 202w, https:\/\/www.diarioimagen.net\/wp-content\/uploads\/2015\/10\/APAGON-2724-350x196.jpg 350w, https:\/\/www.diarioimagen.net\/wp-content\/uploads\/2015\/10\/APAGON-2724-220x123.jpg 220w, https:\/\/www.diarioimagen.net\/wp-content\/uploads\/2015\/10\/APAGON-2724-237x132.jpg 237w, https:\/\/www.diarioimagen.net\/wp-content\/uploads\/2015\/10\/APAGON-2724.jpg 480w\" sizes=\"auto, (max-width: 240px) 100vw, 240px\" \/><\/a><p id=\"caption-attachment-239541\" class=\"wp-caption-text\">De concretarse el apag\u00f3n anal\u00f3gico este 31 de diciembre, entre 7 y 8 millones de mexicanos se quedar\u00edan sin se\u00f1ala de televisi\u00f3n abierta.<\/p><\/div>\n<p>El presidente de la televisora m\u00e1s grande de M\u00e9xico, Emilio Azc\u00e1rraga Jean, se pronunci\u00f3 ayer porque se establezca una pr\u00f3rroga para realizar el apag\u00f3n anal\u00f3gico, pero aclar\u00f3 que no se trata de un boicot al proceso ni el mismo est\u00e1 vinculado a cuestiones comerciales o de ingresos de las empresas, sino de la defensa de un derecho a que la gente vea su televisor.<\/p>\n<p>Funda su petici\u00f3n en que si se cumple con el calendario al 31 de diciembre entre 7 y 8 millones de personas tendr\u00e1n cancelado su derecho a ver la programaci\u00f3n por TV.<\/p>\n<p>Hizo notar que las televisoras se prepararon con anticipaci\u00f3n desde hace 11 a\u00f1os y que las suyas est\u00e1n listas y todas sus producciones ya son en 4k de alta definici\u00f3n, pero el reparto de pantallas va muy lento y si no que lo revisen en el Distrito Federal, donde no hay nada y Nuevo Le\u00f3n, donde se quedaron fuera miles de televidentes.<\/p>\n<p>Explic\u00f3 que podr\u00edan mantenerse por un tiempo las dos se\u00f1ales (an\u00e1loga y digital), que tendr\u00eda un costo que hay que prorratear, pues para las televisoras es mejor que se cumpla puntualmente con el apag\u00f3n, pero habr\u00eda afectaciones, que es lo que no se quiere.<\/p>\n<p>Por lo que estamos viendo no se terminar\u00e1 de entregar 3 millones de televisores digitales que faltan para que se cubra el 90 por ciento de la poblaci\u00f3n m\u00e1s pobre y apartada, por lo cual debe analizarse el proceso.<\/p>\n<p style=\"text-align: center;\"><strong>Beltrones, a favor\u00a0<\/strong><strong>de pr\u00f3rroga<\/strong><\/p>\n<p>El dirigente nacional del PRI, Manlio Fabio Beltrones, impulsar\u00e1 en el \u00e1mbito legislativo una pr\u00f3rroga para que el apag\u00f3n anal\u00f3gico no concluya el 31 de diciembre del a\u00f1o en curso.<\/p>\n<p>Lo que necesitamos es que el tiempo alcance, para que nadie se quede sin la se\u00f1al digital\u201d, declar\u00f3.<\/p>\n<p>Dijo que el apag\u00f3n anal\u00f3gico es la herramienta que se ha buscado para que la Secretar\u00eda de Comunicaciones (SCT) proporcione lo necesario, \u201c ya sea en pantallas de televisi\u00f3n o en convertidores en las televisiones anal\u00f3gicas, para que pasen a la era digital\u201d.<\/p>\n<p>Beltrones insisti\u00f3 que en materia legislativa se tiene que impulsar una pr\u00f3rroga para que los tiempos sean suficiente para que nadie se quede sin la se\u00f1al digital.<\/p>\n<p>El l\u00edder del PRI demand\u00f3 a todos los grupos parlamentarios representados en el Congreso a que tengan sensibilidad para que miles de familias mexicanas no se queden al margen tecnolog\u00eda.<\/p>\n<p>Por su parte, el senador poblano Javier Lozano, quien preside la Comisi\u00f3n de Comunicaciones en el Senado, sostuvo que debe ampliarse el plazo y para ello se puede modificar la Constituci\u00f3n en la fecha del mismo y que si no hay de otra, se puede nulificar la ley, pues no ser\u00eda la primera ni la \u00faltima y que el programa marche bien, mientras no lleguen los aparatos receptores a la totalidad de los hogares.<\/p>\n<p>Dijo que debe analizarse lo que pas\u00f3 en Nuevo Le\u00f3n, donde 12 municipios quedaron fuera y ya se concret\u00f3 el apag\u00f3n y existe gente afectada y es la m\u00e1s pobre.<\/p>\n<p>Tambi\u00e9n el Partido de la Revoluci\u00f3n Democr\u00e1tica (PRD) se pronunci\u00f3 por establecer una pr\u00f3rroga para la entrada en vigor del apag\u00f3n anal\u00f3gico, y con ello, evitar que un n\u00famero considerable de mexicanos se quede sin acceso a la televisi\u00f3n digital a partir del primer minuto del pr\u00f3ximo a\u00f1o.<\/p>\n<p>El dirigente nacional del Sol Azteca, Carlos Navarrete aclar\u00f3 que no se trata de una contrarreforma a la Reforma en Telecomunicaciones, sino de un aplazamiento \u201cno indefinido\u201d del apag\u00f3n.<\/p>\n<p>&nbsp;<\/p>\n","protected":false},"excerpt":{"rendered":"<p>El presidente de la televisora m\u00e1s grande de M\u00e9xico, Emilio Azc\u00e1rraga Jean, se pronunci\u00f3 ayer porque se establezca una pr\u00f3rroga para realizar el apag\u00f3n anal\u00f3gico, pero aclar\u00f3 que no se trata de un boicot al proceso ni el mismo est\u00e1 vinculado a cuestiones comerciales o de ingresos de las empresas, sino de la defensa de un derecho a que la gente vea su televisor.<\/p>\n","protected":false},"author":3,"featured_media":239541,"comment_status":"open","ping_status":"open","sticky":false,"template":"","format":"standard","meta":{"_monsterinsights_skip_tracking":false,"_monsterinsights_sitenote_active":false,"_monsterinsights_sitenote_note":"","_monsterinsights_sitenote_category":0,"footnotes":""},"categories":[3],"tags":[20835,43673,1214,211,347,2008],"class_list":["post-239446","post","type-post","status-publish","format-standard","has-post-thumbnail","hentry","category-nacional","tag-apagon-analogico","tag-nacional","tag-partido-de-la-revolucion-democratica","tag-prd","tag-sct","tag-tv"],"_links":{"self":[{"href":"https:\/\/www.diarioimagen.net\/index.php?rest_route=\/wp\/v2\/posts\/239446","targetHints":{"allow":["GET"]}}],"collection":[{"href":"https:\/\/www.diarioimagen.net\/index.php?rest_route=\/wp\/v2\/posts"}],"about":[{"href":"https:\/\/www.diarioimagen.net\/index.php?rest_route=\/wp\/v2\/types\/post"}],"author":[{"embeddable":true,"href":"https:\/\/www.diarioimagen.net\/index.php?rest_route=\/wp\/v2\/users\/3"}],"replies":[{"embeddable":true,"href":"https:\/\/www.diarioimagen.net\/index.php?rest_route=%2Fwp%2Fv2%2Fcomments&post=239446"}],"version-history":[{"count":0,"href":"https:\/\/www.diarioimagen.net\/index.php?rest_route=\/wp\/v2\/posts\/239446\/revisions"}],"wp:featuredmedia":[{"embeddable":true,"href":"https:\/\/www.diarioimagen.net\/index.php?rest_route=\/wp\/v2\/media\/239541"}],"wp:attachment":[{"href":"https:\/\/www.diarioimagen.net\/index.php?rest_route=%2Fwp%2Fv2%2Fmedia&parent=239446"}],"wp:term":[{"taxonomy":"category","embeddable":true,"href":"https:\/\/www.diarioimagen.net\/index.php?rest_route=%2Fwp%2Fv2%2Fcategories&post=239446"},{"taxonomy":"post_tag","embeddable":true,"href":"https:\/\/www.diarioimagen.net\/index.php?rest_route=%2Fwp%2Fv2%2Ftags&post=239446"}],"curies":[{"name":"wp","href":"https:\/\/api.w.org\/{rel}","templated":true}]}}