{"id":239467,"date":"2015-10-22T00:12:46","date_gmt":"2015-10-22T05:12:46","guid":{"rendered":"http:\/\/www.diarioimagen.net\/?p=239467"},"modified":"2015-10-22T04:09:47","modified_gmt":"2015-10-22T09:09:47","slug":"tifanny-calligaris-presenta-en-mexico-lesath","status":"publish","type":"post","link":"https:\/\/www.diarioimagen.net\/?p=239467","title":{"rendered":"Tifanny Calligaris presenta en M\u00e9xico <em>Lesath<\/em>"},"content":{"rendered":"<h2>En la ruta de las letras<\/h2>\n<h5>Patricia Correa<\/h5>\n<p>&nbsp;<\/p>\n<ul>\n<li><em><strong>Publicado por Editorial Planeta<\/strong><\/em><\/li>\n<li><em><strong>El periodista Asael Grande entrevist\u00f3 en exclusiva a la autora<\/strong><\/em><\/li>\n<\/ul>\n<div id=\"attachment_239547\" style=\"width: 293px\" class=\"wp-caption alignleft\"><a href=\"http:\/\/www.diarioimagen.net\/?attachment_id=239547\" rel=\"attachment wp-att-239547\"><img loading=\"lazy\" decoding=\"async\" aria-describedby=\"caption-attachment-239547\" class=\" wp-image-239547\" src=\"http:\/\/www.diarioimagen.net\/wp-content\/uploads\/2015\/10\/en-la-ruta-de-las-letras-2724-315x420.jpg\" alt=\"Tiffany Calligaris present\u00f3 en nuestro pa\u00eds su libro Lesath, el primero de una saga de literatura fant\u00e1stica, llena de aventuras, personajes valientes y bellos paisajes. (Foto: Asael Grande).\" width=\"283\" height=\"377\" srcset=\"https:\/\/www.diarioimagen.net\/wp-content\/uploads\/2015\/10\/en-la-ruta-de-las-letras-2724-315x420.jpg 315w, https:\/\/www.diarioimagen.net\/wp-content\/uploads\/2015\/10\/en-la-ruta-de-las-letras-2724-180x240.jpg 180w, https:\/\/www.diarioimagen.net\/wp-content\/uploads\/2015\/10\/en-la-ruta-de-las-letras-2724.jpg 525w\" sizes=\"auto, (max-width: 283px) 100vw, 283px\" \/><\/a><p id=\"caption-attachment-239547\" class=\"wp-caption-text\">Tiffany Calligaris present\u00f3 en nuestro pa\u00eds su libro Lesath, el primero de una saga de literatura fant\u00e1stica, llena de aventuras, personajes valientes y bellos paisajes. (Foto: Asael Grande).<\/p><\/div>\n<p>Nacida en 1988 en Buenos Aires, Tiffany Calligaris, present\u00f3 en nuestro pa\u00eds su libro <em>Lesath<\/em>, primero de una saga de literatura fant\u00e1stica, llena de aventuras, personajes valientes y bellos paisajes. \u201cMe siento super contenta de estar ac\u00e1 en M\u00e9xico, hab\u00eda venido hace un a\u00f1o a la Feria del Libro de Guadalajara\u201d, dijo la autora, quien visit\u00f3 recientemente nuestro pa\u00eds, y ofreci\u00f3 una entrevista exclusiva con <strong>DIARIO IMAGEN<\/strong>:<\/p>\n<p><strong>\u00bfC\u00f3mo empez\u00f3 tu atracci\u00f3n por el g\u00e9nero fant\u00e1stico?<\/strong><\/p>\n<p>\u201cMi atracci\u00f3n por el g\u00e9nero fant\u00e1stico empez\u00f3 por el <em>Hobbit<\/em>, uno de los primeros libros que le\u00ed del g\u00e9nero, una vez que empec\u00e9 fue libro tras libro, descubr\u00ed m\u00e1s historias, tambi\u00e9n me gusta mucho <em>La guerra de las galaxias<\/em>, pel\u00edculas que ve\u00eda desde chiquita, as\u00ed que nac\u00ed entre libros y ciencia ficci\u00f3n\u201d.<\/p>\n<p><strong>\u00bfC\u00f3mo pasaste de escribir poemas a novela?<\/strong><\/p>\n<p>\u201cFue un cambio bastante grande, escrib\u00eda poemas y canciones, que seguramente muchas mujeres lo hacen cuando son chicas, y despu\u00e9s empec\u00e9 a escribir historias cortas de tres o cuatro p\u00e1ginas, y a eso de los 15 a\u00f1os tuve como un primer intento de novela que no llegu\u00e9 a terminar, fue algo lento, de sentarse un poco todos los d\u00edas a escribir y ser persistente, hasta que me di cuenta que hab\u00eda terminado <em>Lesath<\/em>\u201d.<\/p>\n<p><strong>En tu novela hay romance, aventura, suspenso, peleas \u00bfEstas son las caracter\u00edsticas de la fantas\u00eda moderna en la literatura? Que haya elfos, magos, que el protagonista sea un h\u00e9roe, lleno de obst\u00e1culos y peligros?<\/strong><\/p>\n<p>\u201cCreo que cuando Tolkien escribi\u00f3 <em>El se\u00f1or de los anillos<\/em> puso muy en claro el papel del h\u00e9roe y los obst\u00e1culos, y el viaje que hace el personaje para ser una persona ordinaria, a convertirse en alguien extraordinario, pero s\u00ed creo que deben de haber muchas historias que van marcando tendencias como en <em>Los juegos del hambre<\/em> o <em>Divergente<\/em>, que mezclan acci\u00f3n con romance, misterio, con hero\u00ednas\u201d.<\/p>\n<p><strong><em>Lesath <\/em><\/strong><strong>es tu primer libro de una trilog\u00eda, \u00bfc\u00f3mo naci\u00f3 la idea de mezclar a los elfos con los humanos? <em>Lesath<\/em> es el mundo de los humanos:<\/strong><\/p>\n<p>\u201cLa idea de mezclar elfos con humanos, naci\u00f3 con esta idea en mi cabeza de por qu\u00e9 no hacer un personaje que fuese hijo de un elfo o de una humana, as\u00ed me imagin\u00e9 a mi protagonista <em>Adhara<\/em>, que tuviera una personalidad impaciente, que fuese muy parecida a los elfos y a los humanos , ten\u00eda esta idea de hacer una tierra ficticia medieval que tuvieran un tono medieval como en <em>El rey Arturo o Narnia<\/em>\u201d.<\/p>\n<p><strong>\u00bfC\u00f3mo configuras tus personajes? <\/strong><\/p>\n<p>\u201c<em>Adhara <\/em>fue el primer personaje que naci\u00f3 de mi novela, fue ir descubriendo su personalidad poni\u00e9ndome yo en la vida del personaje, c\u00f3mo me sentir\u00eda o qu\u00e9 buscar\u00eda, era un poco para m\u00ed la noci\u00f3n de lo que ser\u00eda el caballero perfecto o el pr\u00edncipe azul, entonces me pregunt\u00e9 qu\u00e9 quer\u00eda de los personajes\u201d.<\/p>\n<p>\u00bfHas imaginado tu novela llevada al cine?<\/p>\n<p>\u201cS\u00ed, me la imagino, me encantar\u00eda, ese es el sue\u00f1o de todo autor, llevar a sus personajes y escenas y paisajes de su libro\u201d.<\/p>\n<p><strong>\u00bfQu\u00e9 esperas del lector mexicano?<\/strong><\/p>\n<p>\u201cSoy una autora nueva para M\u00e9xico, espero que den una oportunidad de leerlo y les guste, me gusta conocer este nuevo p\u00fablico, es incre\u00edble conocer de otros pa\u00edses\u201d.<\/p>\n<p><i><a href=\"mailto:patolina22@hotmail.com\" target=\"_blank\">patolina22@hotmail.com<\/a><\/i><\/p>\n<h3><\/h3>\n","protected":false},"excerpt":{"rendered":"<p><span style=\"color: #005497;\"><strong>Patricia Correa<\/strong><\/span><br \/>\n<br \/>\nNacida en 1988 en Buenos Aires, Tiffany Calligaris, present\u00f3 en nuestro pa\u00eds su libro <em>Lesath<\/em>, primero de una saga de literatura fant\u00e1stica, llena de aventuras, personajes valientes y bellos paisajes. \u201cMe siento super contenta de estar ac\u00e1 en M\u00e9xico, hab\u00eda venido hace un a\u00f1o a la Feria del Libro de Guadalajara\u201d, dijo la autora, quien visit\u00f3 recientemente nuestro pa\u00eds, y ofreci\u00f3 una entrevista exclusiva con <strong>DIARIO IMAGEN<\/strong>:<\/p>\n","protected":false},"author":3,"featured_media":239548,"comment_status":"open","ping_status":"open","sticky":false,"template":"","format":"standard","meta":{"_monsterinsights_skip_tracking":false,"_monsterinsights_sitenote_active":false,"_monsterinsights_sitenote_note":"","_monsterinsights_sitenote_category":0,"footnotes":""},"categories":[156],"tags":[31104,43674,11392],"class_list":["post-239467","post","type-post","status-publish","format-standard","has-post-thumbnail","hentry","category-cultura","tag-en-la-ruta-de-las-letras","tag-opinion","tag-patricia-correa"],"_links":{"self":[{"href":"https:\/\/www.diarioimagen.net\/index.php?rest_route=\/wp\/v2\/posts\/239467","targetHints":{"allow":["GET"]}}],"collection":[{"href":"https:\/\/www.diarioimagen.net\/index.php?rest_route=\/wp\/v2\/posts"}],"about":[{"href":"https:\/\/www.diarioimagen.net\/index.php?rest_route=\/wp\/v2\/types\/post"}],"author":[{"embeddable":true,"href":"https:\/\/www.diarioimagen.net\/index.php?rest_route=\/wp\/v2\/users\/3"}],"replies":[{"embeddable":true,"href":"https:\/\/www.diarioimagen.net\/index.php?rest_route=%2Fwp%2Fv2%2Fcomments&post=239467"}],"version-history":[{"count":0,"href":"https:\/\/www.diarioimagen.net\/index.php?rest_route=\/wp\/v2\/posts\/239467\/revisions"}],"wp:featuredmedia":[{"embeddable":true,"href":"https:\/\/www.diarioimagen.net\/index.php?rest_route=\/wp\/v2\/media\/239548"}],"wp:attachment":[{"href":"https:\/\/www.diarioimagen.net\/index.php?rest_route=%2Fwp%2Fv2%2Fmedia&parent=239467"}],"wp:term":[{"taxonomy":"category","embeddable":true,"href":"https:\/\/www.diarioimagen.net\/index.php?rest_route=%2Fwp%2Fv2%2Fcategories&post=239467"},{"taxonomy":"post_tag","embeddable":true,"href":"https:\/\/www.diarioimagen.net\/index.php?rest_route=%2Fwp%2Fv2%2Ftags&post=239467"}],"curies":[{"name":"wp","href":"https:\/\/api.w.org\/{rel}","templated":true}]}}