{"id":239562,"date":"2015-10-23T00:00:36","date_gmt":"2015-10-23T05:00:36","guid":{"rendered":"http:\/\/www.diarioimagen.net\/?p=239562"},"modified":"2015-10-26T01:37:50","modified_gmt":"2015-10-26T07:37:50","slug":"huracan-patricia-se-intensifica-manana-llegaria-a-categoria-5","status":"publish","type":"post","link":"https:\/\/www.diarioimagen.net\/?p=239562","title":{"rendered":"Hurac\u00e1n \u201cPatricia\u201d se intensifica; hoy llegar\u00eda a categor\u00eda 5"},"content":{"rendered":"<ul>\n<li><em><strong>Alerta en Jalisco y Colima; toman previsiones<\/strong><\/em><\/li>\n<\/ul>\n<div id=\"attachment_239563\" style=\"width: 250px\" class=\"wp-caption alignleft\"><a href=\"http:\/\/www.diarioimagen.net\/?attachment_id=239563\" rel=\"attachment wp-att-239563\"><img loading=\"lazy\" decoding=\"async\" aria-describedby=\"caption-attachment-239563\" class=\"size-medium wp-image-239563\" src=\"http:\/\/www.diarioimagen.net\/wp-content\/uploads\/2015\/10\/PATRICIA-PORTAL-240x140.jpg\" alt=\"El hurac\u00e1n \u201cPatricia\u201d se intensifica y este viernes llegar\u00eda a categor\u00eda 4 con posibilidades de impactar en costas de Jalisco y Colima.\" width=\"240\" height=\"140\" srcset=\"https:\/\/www.diarioimagen.net\/wp-content\/uploads\/2015\/10\/PATRICIA-PORTAL-240x140.jpg 240w, https:\/\/www.diarioimagen.net\/wp-content\/uploads\/2015\/10\/PATRICIA-PORTAL-420x245.jpg 420w, https:\/\/www.diarioimagen.net\/wp-content\/uploads\/2015\/10\/PATRICIA-PORTAL.jpg 480w\" sizes=\"auto, (max-width: 240px) 100vw, 240px\" \/><\/a><p id=\"caption-attachment-239563\" class=\"wp-caption-text\">El hurac\u00e1n \u201cPatricia\u201d se intensifica con posibilidades de impactar en costas de Jalisco y Colima.<\/p><\/div>\n<p>\u201cPatricia\u201d ya es hurac\u00e1n categor\u00eda 4\u00a0en la escala Saffir-Simpson y podr\u00eda impactar hoy las costas de Jalisco y Colima como cicl\u00f3n tropical 5.<\/p>\n<p>El Servicio Meteorol\u00f3gico Nacional (SMN) inform\u00f3 que el fen\u00f3meno clim\u00e1tico se ubicaba ayer en la ma\u00f1ana a 385 kil\u00f3metros al sur-suroeste de L\u00e1zaro C\u00e1rdenas, Michoac\u00e1n y a 460 km al sur de Manzanillo, Colima.<\/p>\n<p>\u201cPatricia\u201d presenta desplazamiento hacia el oeste-noroeste a una velocidad de 28 kil\u00f3metros por hora, con vientos m\u00e1ximos sostenidos de 155 kil\u00f3metros por hora y rachas de 195 kil\u00f3metros por hora.<\/p>\n<p>Ante su cercan\u00eda con territorio nacional, se mantiene zona de prevenci\u00f3n por efectos de hurac\u00e1n desde Cabo Corrientes, Jalisco, hasta Punta San Telmo, Michoac\u00e1n.<\/p>\n<p>Adem\u00e1s se estableci\u00f3 como zona de vigilancia por hurac\u00e1n desde Punta San Telmo hasta L\u00e1zaro C\u00e1rdenas Michoac\u00e1n y del Cabo Corrientes, Jalisco, hasta San Blas, Nayarit; y zona de vigilancia por efectos de tormenta tropical desde L\u00e1zaro C\u00e1rdenas, hacia el este hasta Tecpan de Galeana, Guerrero.<\/p>\n<p style=\"text-align: center;\"><strong>Gobierno vigila evoluci\u00f3n<\/strong><\/p>\n<p>El gobierno de M\u00e9xico, a trav\u00e9s de la Conagua y en coordinaci\u00f3n con Protecci\u00f3n Civil de la Secretaria de Gobernaci\u00f3n, entre otras dependencia federales, mantiene una vigilancia permanente ante la presencia del hurac\u00e1n \u201cPatricia\u201d en el Oc\u00e9ano Pac\u00edfico.<\/p>\n<p>En conferencia de prensa, el titular de Conagua, Roberto Ram\u00edrez de la Parra, inform\u00f3 que se han establecido tres zonas de monitoreo ante la presencia de este fen\u00f3meno meteorol\u00f3gico, que se espera toque tierra este viernes por la noche.<\/p>\n","protected":false},"excerpt":{"rendered":"<p>\u201cPatricia\u201d ya es hurac\u00e1n categor\u00eda 4en la escala Saffir-Simpson y podr\u00eda impactar este viernes las costas de Jalisco y Colima como cicl\u00f3n tropical 5.<\/p>\n","protected":false},"author":5,"featured_media":239563,"comment_status":"open","ping_status":"open","sticky":false,"template":"","format":"standard","meta":{"_monsterinsights_skip_tracking":false,"_monsterinsights_sitenote_active":false,"_monsterinsights_sitenote_note":"","_monsterinsights_sitenote_category":0,"footnotes":""},"categories":[3],"tags":[4221,531,43,6601,43673,45504],"class_list":["post-239562","post","type-post","status-publish","format-standard","has-post-thumbnail","hentry","category-nacional","tag-colima","tag-conagua","tag-jalisco","tag-manzanillo","tag-nacional","tag-patricia"],"_links":{"self":[{"href":"https:\/\/www.diarioimagen.net\/index.php?rest_route=\/wp\/v2\/posts\/239562","targetHints":{"allow":["GET"]}}],"collection":[{"href":"https:\/\/www.diarioimagen.net\/index.php?rest_route=\/wp\/v2\/posts"}],"about":[{"href":"https:\/\/www.diarioimagen.net\/index.php?rest_route=\/wp\/v2\/types\/post"}],"author":[{"embeddable":true,"href":"https:\/\/www.diarioimagen.net\/index.php?rest_route=\/wp\/v2\/users\/5"}],"replies":[{"embeddable":true,"href":"https:\/\/www.diarioimagen.net\/index.php?rest_route=%2Fwp%2Fv2%2Fcomments&post=239562"}],"version-history":[{"count":0,"href":"https:\/\/www.diarioimagen.net\/index.php?rest_route=\/wp\/v2\/posts\/239562\/revisions"}],"wp:featuredmedia":[{"embeddable":true,"href":"https:\/\/www.diarioimagen.net\/index.php?rest_route=\/wp\/v2\/media\/239563"}],"wp:attachment":[{"href":"https:\/\/www.diarioimagen.net\/index.php?rest_route=%2Fwp%2Fv2%2Fmedia&parent=239562"}],"wp:term":[{"taxonomy":"category","embeddable":true,"href":"https:\/\/www.diarioimagen.net\/index.php?rest_route=%2Fwp%2Fv2%2Fcategories&post=239562"},{"taxonomy":"post_tag","embeddable":true,"href":"https:\/\/www.diarioimagen.net\/index.php?rest_route=%2Fwp%2Fv2%2Ftags&post=239562"}],"curies":[{"name":"wp","href":"https:\/\/api.w.org\/{rel}","templated":true}]}}