{"id":239589,"date":"2015-10-23T00:04:31","date_gmt":"2015-10-23T05:04:31","guid":{"rendered":"http:\/\/www.diarioimagen.net\/?p=239589"},"modified":"2015-10-23T04:56:43","modified_gmt":"2015-10-23T09:56:43","slug":"tres-son-suficientes-para-encender-el-metropolitan","status":"publish","type":"post","link":"https:\/\/www.diarioimagen.net\/?p=239589","title":{"rendered":"Tres son suficientes para encender el Metrop\u00f3litan"},"content":{"rendered":"<ul>\n<li><em><strong>Los chilenos abarrotaron el recinto y pusieron a cantar a todos cada uno de sus \u00e9xitos<\/strong><\/em><\/li>\n<li><em><strong>Espectacular apertura del concierto de parte de Mon Laferte<\/strong><\/em><\/li>\n<\/ul>\n<h6>Arturo Arellano<br \/>\nFotos: Jos\u00e9 Jorge Carre\u00f3n\/OCESA.<\/h6>\n<p>&nbsp;<\/p>\n<p>Desde la hermana rep\u00fablica de Chile, llegaron al escenario del Teatro Metrop\u00f3litan Los Tres, quienes demostraron ser dosis suficiente para enloquecer a un recinto completamente abarrotado, con rock, baladas y una extraordinaria fuerza llamada sentimiento.<\/p>\n<p style=\"text-align: center;\"><strong>Cuidado mujeres del rock&#8230; Ella es Mon Laferte<\/strong><\/p>\n<p><a href=\"http:\/\/www.diarioimagen.net\/?attachment_id=239734\" rel=\"attachment wp-att-239734\"><img loading=\"lazy\" decoding=\"async\" class=\"alignleft size-large wp-image-239734\" src=\"http:\/\/www.diarioimagen.net\/wp-content\/uploads\/2015\/10\/tres-1-2725-262x420.jpg\" alt=\"tres-1-2725\" width=\"262\" height=\"420\" srcset=\"https:\/\/www.diarioimagen.net\/wp-content\/uploads\/2015\/10\/tres-1-2725-262x420.jpg 262w, https:\/\/www.diarioimagen.net\/wp-content\/uploads\/2015\/10\/tres-1-2725-150x240.jpg 150w, https:\/\/www.diarioimagen.net\/wp-content\/uploads\/2015\/10\/tres-1-2725.jpg 437w\" sizes=\"auto, (max-width: 262px) 100vw, 262px\" \/><\/a>El concierto empez\u00f3 de manera espectacular con la presencia, de verdad imponente e impactante presencia de Mon Laferte, quien ataviada en un sencillo vestido blanco y acompa\u00f1ada de un grupo de siete m\u00fasicos en traje rojo, demostr\u00f3 talento, calidad musical y l\u00edrica, dejando claro que definitivamente NO es m\u00e1s de lo mismo. Cant\u00f3 entre otras \u201cTormento\u201d, \u201clo que pido\u201d, \u201cVuelve Por Favor\u201d, \u201cSalvador\u201d, \u201cSi tu me quisieras\u201d, \u201cAngel negro\u201d, \u201cEl diablo\u201d y \u201cTu falta de querer\u201d.<\/p>\n<p>Canciones en las que llev\u00f3 al p\u00fablico por una ola de g\u00e9neros desde el bolero, pasando por el country, rock, baladas, ska, reggae, rock &amp; roll y hasta swing, aderezados con su multifac\u00e9tica voz. Est\u00e1 participaci\u00f3n previa a la actuaci\u00f3n de Los Tres a quienes calific\u00f3 como su banda favorita, le vali\u00f3 no s\u00f3lo el aplauso sino el respeto del p\u00fablico asistente a este evento. Que falta le hac\u00eda a la m\u00fasica una cantante se est\u00e1 envergadura, extraordinaria, bella, cantante, multi instrumentista, talentosa, radiante. Cuidado mujeres de la escena del rock&#8230; Ella es Mon Laferte y viene por la corona.<\/p>\n<p style=\"text-align: center;\"><strong>Los Tres, due\u00f1os del escenario<\/strong><\/p>\n<p><a href=\"http:\/\/www.diarioimagen.net\/?attachment_id=239736\" rel=\"attachment wp-att-239736\"><img loading=\"lazy\" decoding=\"async\" class=\"aligncenter size-large wp-image-239736\" src=\"http:\/\/www.diarioimagen.net\/wp-content\/uploads\/2015\/10\/tres-2-2725-420x280.jpg\" alt=\"tres-2-2725\" width=\"420\" height=\"280\" srcset=\"https:\/\/www.diarioimagen.net\/wp-content\/uploads\/2015\/10\/tres-2-2725-420x280.jpg 420w, https:\/\/www.diarioimagen.net\/wp-content\/uploads\/2015\/10\/tres-2-2725-240x160.jpg 240w, https:\/\/www.diarioimagen.net\/wp-content\/uploads\/2015\/10\/tres-2-2725.jpg 700w\" sizes=\"auto, (max-width: 420px) 100vw, 420px\" \/><\/a><\/p>\n<p>Fue en punto de las 21:40 horas cuando los chilenos se posesionaron del escenario, haciendo un par de n\u00fameros instrumentales con su vocalista \u00c1lvaro Enr\u00edquez en la bater\u00eda, a modo de introducci\u00f3n a lo que fue este concierto de poco m\u00e1s de dos horas.<\/p>\n<p>Se arrancaron con \u201cLargo\u201d, \u201cClaus\u201d, \u201cSudapara\u201d, \u201cCamino\u201d, \u201c La torre de Babel\u201d y \u201cC\u00e1rcel Hospital\u201d, con las que no hizo falta mas de tres acordes para que la gente abandonara sus asientos para ponerse de pie y corear cada verso junto a Enr\u00edquez y compa\u00f1\u00eda, este dijo \u201cQue bonito es el Teatro Metropolitan y ustedes que bonito publico son, gracias por venir, somos Las Tres\u201d, lo cual desato un grito un\u00edsono de parte de sus fans.<\/p>\n<p>Luego de este bloque de canciones tuvieron a su primer invitado de la noche, el se\u00f1or Juan Cirerol, quien con guitarra en mano y arm\u00f3nica al cuello, subi\u00f3 al escenario e interpreto junto a los Tres un tema de su autor\u00eda \u201cHey soledad\u201d, a esto \u00c1lvaro Enr\u00edquez antecedi\u00f3 \u201cTenemos grandes invitados esta noche, el primero de ellos es un gran compositor mexicano de quien hicimos un cover, ahora lo cantaremos juntos\u201d, dijo. Por supuesto el publico no los dejo solos y se unieron como miles de coros a la interpretaci\u00f3n de este potente tema.<\/p>\n<p>Continuaron con \u201cT\u00edrate\u201d, \u201cOlor a gas\u201d, \u201cQuiz\u00e1s con quien\u201d y \u201cDe hacerse\u201d, quiz\u00e1 el bloque mas depresivo de la noche, pues la gente se torno melanc\u00f3lica con estas letras, cabe destacar que los Tres invitaron al escenario a Emanuel del real para la canci\u00f3n \u201color a gas\u201d, de esto \u00c1lvaro dijo \u201cEl es uno de los mejores compositores que conozco, tambi\u00e9n mexicano, \u00bfQu\u00e9 har\u00edamos sin sus canciones?, es un honor que nos acompa\u00f1e esta noche\u201d, as\u00ed pues Meme de Caf\u00e9 Tacvba se sumo en los teclados a la banda.<\/p>\n<p>Ya entrada la noche de lleno, cantaron \u201cMoizefala\u201d, \u201cAmor Violento\u201d, esta \u00faltima quiz\u00e1 de las m\u00e1s aplaudidas de la noche, o por lo menos s\u00ed la mas cantada, pues fue un c\u00e1ntico en general de un Metrop\u00f3litan lleno, a continuaci\u00f3n hicieron \u201cMortir de viejo\u201d, \u201cLo que quieres\u201d, \u201cLa feria verdadera\u201d, \u201cHojas de t\u00e9\u201d, \u201cHey hey hey\u201d, \u201cSilencio\u201d y por \u00faltimo \u201cHe barrido\u201d, con la que salieron del escenario, pero no por mucho tiempo pues luego de un \u201cOle, ole, ole, Los Tres, Los tres\u201d de parte de su p\u00fablico, volvieron para hacer \u201cCerrar y abrir\u201d, \u201cTe desheredo\u201d,\u201d y \u201cLa primera vez\u201d, con esto salieron del escenario y parec\u00eda que su gente estaba satisfecha, salvo algunos sectores escandalosos que segu\u00edan pidiendo m\u00e1s canciones, a lo que Los Tres respondieron volviendo una vez m\u00e1s y cantar \u201cD\u00e9jate Caer\u201d y \u201cLa espada\u201d. Sin duda un concierto irrepetible, de larga duraci\u00f3n, marat\u00f3nico y espectacular.<\/p>\n<p>&nbsp;<\/p>\n","protected":false},"excerpt":{"rendered":"<p>Desde la hermana rep\u00fablica de Chile, llegaron al escenario del Teatro Metrop\u00f3litan Los Tres, quienes demostraron ser dosis suficiente para enloquecer a un recinto completamente abarrotado, con rock, baladas y una extraordinaria fuerza llamada sentimiento.<\/p>\n","protected":false},"author":5,"featured_media":239736,"comment_status":"open","ping_status":"open","sticky":false,"template":"","format":"standard","meta":{"_monsterinsights_skip_tracking":false,"_monsterinsights_sitenote_active":false,"_monsterinsights_sitenote_note":"","_monsterinsights_sitenote_category":0,"footnotes":""},"categories":[12],"tags":[19031,43682,45630,6550,6425],"class_list":["post-239589","post","type-post","status-publish","format-standard","has-post-thumbnail","hentry","category-espectaculos","tag-arturo-arellano","tag-espectaculos","tag-mon-laferte","tag-rock","tag-teatro-metropolitan"],"_links":{"self":[{"href":"https:\/\/www.diarioimagen.net\/index.php?rest_route=\/wp\/v2\/posts\/239589","targetHints":{"allow":["GET"]}}],"collection":[{"href":"https:\/\/www.diarioimagen.net\/index.php?rest_route=\/wp\/v2\/posts"}],"about":[{"href":"https:\/\/www.diarioimagen.net\/index.php?rest_route=\/wp\/v2\/types\/post"}],"author":[{"embeddable":true,"href":"https:\/\/www.diarioimagen.net\/index.php?rest_route=\/wp\/v2\/users\/5"}],"replies":[{"embeddable":true,"href":"https:\/\/www.diarioimagen.net\/index.php?rest_route=%2Fwp%2Fv2%2Fcomments&post=239589"}],"version-history":[{"count":0,"href":"https:\/\/www.diarioimagen.net\/index.php?rest_route=\/wp\/v2\/posts\/239589\/revisions"}],"wp:featuredmedia":[{"embeddable":true,"href":"https:\/\/www.diarioimagen.net\/index.php?rest_route=\/wp\/v2\/media\/239736"}],"wp:attachment":[{"href":"https:\/\/www.diarioimagen.net\/index.php?rest_route=%2Fwp%2Fv2%2Fmedia&parent=239589"}],"wp:term":[{"taxonomy":"category","embeddable":true,"href":"https:\/\/www.diarioimagen.net\/index.php?rest_route=%2Fwp%2Fv2%2Fcategories&post=239589"},{"taxonomy":"post_tag","embeddable":true,"href":"https:\/\/www.diarioimagen.net\/index.php?rest_route=%2Fwp%2Fv2%2Ftags&post=239589"}],"curies":[{"name":"wp","href":"https:\/\/api.w.org\/{rel}","templated":true}]}}