{"id":239685,"date":"2015-10-23T00:09:08","date_gmt":"2015-10-23T05:09:08","guid":{"rendered":"http:\/\/www.diarioimagen.net\/?p=239685"},"modified":"2015-10-23T04:13:05","modified_gmt":"2015-10-23T09:13:05","slug":"autodefensa-respuesta-a-escepticos","status":"publish","type":"post","link":"https:\/\/www.diarioimagen.net\/?p=239685","title":{"rendered":"\u00bfAutodefensa?, \u00bfrespuesta a esc\u00e9pticos?"},"content":{"rendered":"<h2>Tras la puerta del poder<\/h2>\n<h5>Roberto Vizca\u00edno<\/h5>\n<p>&nbsp;<\/p>\n<ul>\n<li><strong><em>Enrique Pe\u00f1a Nieto aprovech\u00f3 el encuentro empresarial para dar respuestas a esc\u00e9pticos<\/em><\/strong><\/li>\n<li><strong><em>Su numeralia sobre el desarrollo alcanzado en empleo y crecimiento impresiona<\/em><\/strong><\/li>\n<li><strong><em>Hoy M\u00e9xico, afirma, ha crecido como naci\u00f3n con reformas que transforman el futuro<\/em><\/strong><\/li>\n<\/ul>\n<div id=\"attachment_239707\" style=\"width: 250px\" class=\"wp-caption alignleft\"><a href=\"http:\/\/www.diarioimagen.net\/?attachment_id=239707\" rel=\"attachment wp-att-239707\"><img loading=\"lazy\" decoding=\"async\" aria-describedby=\"caption-attachment-239707\" class=\"size-medium wp-image-239707\" src=\"http:\/\/www.diarioimagen.net\/wp-content\/uploads\/2015\/10\/papa-peje-RAMON-2725-240x162.jpg\" alt=\"Papa Peje... | Ram\u00f3n\" width=\"240\" height=\"162\" srcset=\"https:\/\/www.diarioimagen.net\/wp-content\/uploads\/2015\/10\/papa-peje-RAMON-2725-240x162.jpg 240w, https:\/\/www.diarioimagen.net\/wp-content\/uploads\/2015\/10\/papa-peje-RAMON-2725-420x283.jpg 420w, https:\/\/www.diarioimagen.net\/wp-content\/uploads\/2015\/10\/papa-peje-RAMON-2725.jpg 1200w\" sizes=\"auto, (max-width: 240px) 100vw, 240px\" \/><\/a><p id=\"caption-attachment-239707\" class=\"wp-caption-text\">Pap\u00e1 Peje&#8230; | Ram\u00f3n<\/p><\/div>\n<p>Rodeado de la c\u00fapula empresarial del pa\u00eds, el presidente Enrique Pe\u00f1a Nieto aprovech\u00f3 ayer el foro del Encuentro Nacional de Coparmex que se realiz\u00f3 en la ciudad de Chihuahua, para hacer un recuento de hechos y de logros de los 34 meses que lleva su gesti\u00f3n.<\/p>\n<p>Y ah\u00ed destac\u00f3 que porque su presidencia no parte de cero, es conveniente revisar lo que era M\u00e9xico hace algunos a\u00f1os y lo que ha logrado ser hoy.<\/p>\n<p>En un comentario que pareci\u00f3 dar una respuesta a quienes hoy dentro de un escepticismo sin l\u00edmites ven todo negro y sin futuro para M\u00e9xico, dijo:<\/p>\n<p>\u201c\u2026 hoy tenemos un M\u00e9xico en condiciones muy distintas del de hace algunas d\u00e9cadas, este gobierno (el suyo) mantiene un gran respeto por las instituciones que M\u00e9xico ha venido formando y que ha consolidado en la constante b\u00fasqueda por proyectar la confianza de nuestro pa\u00eds hacia el interior y hacia el exterior, pero, sobre todo, de lograr concertar el esfuerzo nacional, de todos los sectores, para construir el M\u00e9xico que todos queremos\u201d.<\/p>\n<p>Ciertamente en este esfuerzo suyo, dijo, M\u00e9xico no parti\u00f3 de cero.<\/p>\n<p>\u201cHoy es un M\u00e9xico que se ha venido construyendo, que ha ganado espacios de concreci\u00f3n, de consolidaci\u00f3n, de ponernos a prueba y de haberlas superado\u2026<\/p>\n<p>\u201cYa no es el M\u00e9xico que no se pon\u00eda de acuerdo\u2026 ha logrado conciliar a sus distintas expresiones pol\u00edticas en el di\u00e1logo con el sector privado, para concretar importantes cambios estructurales, que nos permitan arribar a mejores condiciones en el M\u00e9xico que estamos construyendo.<\/p>\n<p>\u201cImportante que sea el producto de una labor conjunta; de un objetivo que concite a la participaci\u00f3n de todos los sectores, conscientes de lo que hemos hecho y conscientes tambi\u00e9n, de lo que a\u00fan nos falta por alcanzar\u201d, precis\u00f3.<\/p>\n<p>Por ello invit\u00f3 a todos a realizar una reflexi\u00f3n y un an\u00e1lisis que permita a todos los mexicanos reconocer avances y encarar los nuevos desaf\u00edos y retos que como naci\u00f3n tenemos\u2026 atender los rezagos que, por a\u00f1os tambi\u00e9n, se han acumulado, agreg\u00f3.<\/p>\n<p>Pero, \u00bfen d\u00f3nde estamos?, \u00bfqu\u00e9 avances hemos logrado concretar entre todos?, interrog\u00f3.<\/p>\n<p>Como la confianza en la justicia es condici\u00f3n para la paz social y el progreso democr\u00e1tico, dijo, estos son dos temas sobre los que \u00e9l ha trabajado.<\/p>\n<p>\u201cLa certidumbre y la confianza son condiciones indispensables para que una sociedad pueda crecer y prosperar. La confianza suma esfuerzos; la confianza nos motiva a construir una mejor naci\u00f3n\u201d.<\/p>\n<p>Pe\u00f1a record\u00f3 que desde su llegada a Los Pinos ha logrado establecer un di\u00e1logo constante y cercano con los empresarios de M\u00e9xico con quienes ha trabajado para acelerar la transformaci\u00f3n nacional y el crecimiento econ\u00f3mico, a trav\u00e9s de fomentar la creaci\u00f3n de valor y la generaci\u00f3n de empleos.<\/p>\n<p>\u201cEn los \u00faltimos 34 meses, hemos ido eliminando obst\u00e1culos que limitaban el potencial del pa\u00eds, especialmente hemos ido derribando barreras que imped\u00edan el desarrollo de los mexicanos, de los emprendedores, particularmente de los j\u00f3venes empresarios, de las peque\u00f1as y medianas empresas.<\/p>\n<p>\u201cLas reformas econ\u00f3micas, <strong>seis particularmente<\/strong>, que se han concretado en este periodo, para impulsar el desarrollo econ\u00f3mico, sientan nuevas bases para crear empleos formales, facilitar el acceso al cr\u00e9dito, generar m\u00e1s competencia, reducir el costo de telecomunicaciones e insumos energ\u00e9ticos, lo mismo que para estimular la formalidad y las finanzas p\u00fablicas\u201d.<\/p>\n<p>Indic\u00f3 que esto no es ret\u00f3rica, sino hechos comprobables.<\/p>\n<p>\u201cEstas reformas dan certeza y confianza en el futuro de M\u00e9xico y eso se ve en que hoy nuestro pa\u00eds es de los m\u00e1s atractivos y confiables del mundo para las inversiones nacionales y extranjeras\u201d, subray\u00f3.<\/p>\n<p>Y pas\u00f3 a los datos:<\/p>\n<p>\u201cEntre 2001 y 2012, el promedio anual de Inversi\u00f3n Extranjera Directa fue de 24 mil 300 millones de d\u00f3lares; al cierre de los primeros tres a\u00f1os de esta administraci\u00f3n, este promedio superar\u00e1 los 31 mil millones de d\u00f3lares.<\/p>\n<p>\u201cComo el crecimiento econ\u00f3mico tiene que ir acompa\u00f1ado de un entorno institucional que brinde certeza legal y confianza a los actores econ\u00f3micos se impulsaron reformas estructurales, como la nueva Ley de Amparo, el C\u00f3digo Nacional de Procedimientos Penales, la reforma en materia de transparencia, as\u00ed como la reforma anticorrupci\u00f3n\u201d.<\/p>\n<p>Cierto, dijo, faltan a\u00fan las secundarias del Sistema Nacional Anticorrupci\u00f3n a fin de prevenir, detectar y sancionar los actos corrupci\u00f3n en los tres \u00f3rdenes de gobierno.<\/p>\n<p>Pero la reforma ya est\u00e1 aprobada y contempla contar con un comit\u00e9 de participaci\u00f3n ciudadana que tendr\u00e1 5 personajes destacados por su contribuci\u00f3n y compromiso con la transparencia y rendici\u00f3n de cuentas.<\/p>\n<p>\u201cLa impunidad se reducir\u00e1 con la vigencia de ley, y por ello se transforma el Sistema de Justicia Penal, parte de ello son los juicios orales\u2026 adicionalmente hemos iniciado el Plan Estrat\u00e9gico de Capacitaci\u00f3n en Materia de Justicia Penal y Competencias Policiales B\u00e1sicas, para fortalecer a los cuerpos policiales estatales y municipales del pa\u00eds y se hace un esfuerzo mayor para garantizar que en el pa\u00eds tengamos polic\u00edas estatales \u00fanicas\u201d, indic\u00f3.<\/p>\n<p>Y como la ciudadan\u00eda tambi\u00e9n reclama m\u00e1s en justicia civil, familiar, laboral, administrativa y mercantil, dijo, ha hecho un llamado a un Acuerdo Nacional para la Justicia Cotidiana.<\/p>\n<p>\u201cTodas estas transformaciones buscan generar certeza y confirmar la confianza en que M\u00e9xico avanza con decisi\u00f3n\u2026 Falta mucho por hacer, pero el rumbo est\u00e1 claro\u201d, subray\u00f3.<\/p>\n<p>Record\u00f3 que hoy el entorno econ\u00f3mico mundial es adverso y dificulta el crecimiento, y que los mexicanos estamos enfrentando este desafiante escenario con responsabilidad\u2026 comprometidos, dijo, con la estabilidad macroecon\u00f3mica y la adecuada implementaci\u00f3n de las reformas que hemos concretado.<\/p>\n<p>Pero insisti\u00f3, pese al entorno internacional, el pa\u00eds tiene hoy indicadores muy alentadores. Algunos de ellos son:<\/p>\n<p>\u201cLa creaci\u00f3n de empleos formales alcanza ya niveles hist\u00f3ricos: de diciembre de 2012 a septiembre de 2015 se han creado m\u00e1s de 1 mill\u00f3n 600 mil puestos de trabajo; se han generado m\u00e1s empleos que en los primeros 63 meses del sexenio pasado.<\/p>\n<p>\u201cLa inflaci\u00f3n en septiembre de 2015 fue de 2.52 por ciento, la m\u00e1s baja en 45 a\u00f1os.<\/p>\n<p>\u201cLas reformas han logrado bajar las tarifas en telefon\u00eda fija y m\u00f3vil, as\u00ed como en electricidad, por s\u00f3lo referir algunos ejemplos. Y el consumo interno representan ya ventas al por mayor por 5.7 por ciento a tasa anual; mientras que las ventas al menudeo aumentaron 6.4 por ciento a tasa anual.<\/p>\n<p>\u201cUn indicador m\u00e1s: en los primeros 9 meses \u00a0de 2015, familias y empresas adquirieron 944 mil 907 veh\u00edculos lo que representa la mayor compra de estos para el registro de ventas en 1988.<\/p>\n<p>\u201cPara darle dimensi\u00f3n a esta cifra, esta venta, de estos m\u00e1s de 944 mil veh\u00edculos, es 34.6 por ciento superior a los veh\u00edculos vendidos en los primeros nueve meses del a\u00f1o 2012\u201d, enumer\u00f3.<\/p>\n<p>En fin, Pe\u00f1a Nieto cierra su recuento al indicar que pese a todos los retos y dudas, bajo su conducci\u00f3n, M\u00e9xico ha avanzado como naci\u00f3n y va hacia un pa\u00eds pr\u00f3spero e incluyente, de mayor progreso y de mayor desarrollo en beneficio de su sociedad.<\/p>\n<p>Fue un \u00a1<em>Ya chole<\/em>! razonado y con porcentajes y n\u00fameros.<\/p>\n<p><em><a href=\"mailto:rvizcainoa@gmail.com\" target=\"_blank\">rvizcainoa@gmail.com<\/a><\/em><\/p>\n","protected":false},"excerpt":{"rendered":"<p><span style=\"color: #005497;\"><strong>Roberto Vizca\u00edno<\/strong><\/span><br \/>\n<br \/>\nRodeado de la c\u00fapula empresarial del pa\u00eds, el presidente Enrique Pe\u00f1a Nieto aprovech\u00f3 ayer el foro del Encuentro Nacional de Coparmex que se realiz\u00f3 en la ciudad de Chihuahua, para hacer un recuento de hechos y de logros de los 34 meses que lleva su gesti\u00f3n.<\/p>\n","protected":false},"author":3,"featured_media":239707,"comment_status":"open","ping_status":"open","sticky":false,"template":"","format":"standard","meta":{"_monsterinsights_skip_tracking":false,"_monsterinsights_sitenote_active":false,"_monsterinsights_sitenote_note":"","_monsterinsights_sitenote_category":0,"footnotes":""},"categories":[136],"tags":[43674,93,94],"class_list":["post-239685","post","type-post","status-publish","format-standard","has-post-thumbnail","hentry","category-roberto-vizcaino-opinion","tag-opinion","tag-roberto-vizcaino","tag-tras-la-puerta-del-poder"],"_links":{"self":[{"href":"https:\/\/www.diarioimagen.net\/index.php?rest_route=\/wp\/v2\/posts\/239685","targetHints":{"allow":["GET"]}}],"collection":[{"href":"https:\/\/www.diarioimagen.net\/index.php?rest_route=\/wp\/v2\/posts"}],"about":[{"href":"https:\/\/www.diarioimagen.net\/index.php?rest_route=\/wp\/v2\/types\/post"}],"author":[{"embeddable":true,"href":"https:\/\/www.diarioimagen.net\/index.php?rest_route=\/wp\/v2\/users\/3"}],"replies":[{"embeddable":true,"href":"https:\/\/www.diarioimagen.net\/index.php?rest_route=%2Fwp%2Fv2%2Fcomments&post=239685"}],"version-history":[{"count":0,"href":"https:\/\/www.diarioimagen.net\/index.php?rest_route=\/wp\/v2\/posts\/239685\/revisions"}],"wp:featuredmedia":[{"embeddable":true,"href":"https:\/\/www.diarioimagen.net\/index.php?rest_route=\/wp\/v2\/media\/239707"}],"wp:attachment":[{"href":"https:\/\/www.diarioimagen.net\/index.php?rest_route=%2Fwp%2Fv2%2Fmedia&parent=239685"}],"wp:term":[{"taxonomy":"category","embeddable":true,"href":"https:\/\/www.diarioimagen.net\/index.php?rest_route=%2Fwp%2Fv2%2Fcategories&post=239685"},{"taxonomy":"post_tag","embeddable":true,"href":"https:\/\/www.diarioimagen.net\/index.php?rest_route=%2Fwp%2Fv2%2Ftags&post=239685"}],"curies":[{"name":"wp","href":"https:\/\/api.w.org\/{rel}","templated":true}]}}