{"id":239755,"date":"2015-10-26T00:06:54","date_gmt":"2015-10-26T06:06:54","guid":{"rendered":"http:\/\/www.diarioimagen.net\/?p=239755"},"modified":"2015-10-26T03:53:18","modified_gmt":"2015-10-26T09:53:18","slug":"horario-de-verano-genero-ahorro-por-mas-de-mil-400-millones-de-pesos","status":"publish","type":"post","link":"https:\/\/www.diarioimagen.net\/?p=239755","title":{"rendered":"Horario de verano gener\u00f3 ahorro por m\u00e1s de mil 400 millones de pesos"},"content":{"rendered":"<ul>\n<li><em><strong>Inici\u00f3 el de Invierno en casi todo el pa\u00eds<\/strong><\/em><\/li>\n<\/ul>\n<div id=\"attachment_239756\" style=\"width: 430px\" class=\"wp-caption aligncenter\"><a href=\"http:\/\/www.diarioimagen.net\/?attachment_id=239756\" rel=\"attachment wp-att-239756\"><img loading=\"lazy\" decoding=\"async\" aria-describedby=\"caption-attachment-239756\" class=\"size-large wp-image-239756\" src=\"http:\/\/www.diarioimagen.net\/wp-content\/uploads\/2015\/10\/HORARIO-portal1-420x245.jpg\" alt=\"Con el Horario de Verano se gener\u00f3 un ahorro de energ\u00eda el\u00e9ctrica y econ\u00f3mico de m\u00e1s de m\u00e1s de mil 400 millones de pesos.\" width=\"420\" height=\"245\" srcset=\"https:\/\/www.diarioimagen.net\/wp-content\/uploads\/2015\/10\/HORARIO-portal1-420x245.jpg 420w, https:\/\/www.diarioimagen.net\/wp-content\/uploads\/2015\/10\/HORARIO-portal1-240x140.jpg 240w, https:\/\/www.diarioimagen.net\/wp-content\/uploads\/2015\/10\/HORARIO-portal1.jpg 480w\" sizes=\"auto, (max-width: 420px) 100vw, 420px\" \/><\/a><p id=\"caption-attachment-239756\" class=\"wp-caption-text\">Con el Horario de Verano se gener\u00f3 un ahorro de energ\u00eda el\u00e9ctrica y econ\u00f3mico de m\u00e1s de m\u00e1s de mil 400 millones de pesos.<\/p><\/div>\n<p>Luego del horario de verano que gener\u00f3 un ahorro de energ\u00eda el\u00e9ctrica considerable y econ\u00f3mico de m\u00e1s de mil 400 millones de pesos, inici\u00f3 el horario de invierno en casi todo el pa\u00eds.<\/p>\n<p>El horario de verano se alcanz\u00f3 un ahorro de energ\u00eda el\u00e9ctrica en consumo de mil 035.52 Gigawatts hora, equivalente al abastecimiento del consumo el\u00e9ctrico de 596 mil casas habitaci\u00f3n durante un a\u00f1o.<\/p>\n<p>Tambi\u00e9n se evit\u00f3 la emisi\u00f3n a la atm\u00f3sfera de 504 mil toneladas de bi\u00f3xido de carbono, principal contaminante del efecto invernadero, el equivalente a la quema de mil 319 mil barriles de petr\u00f3leo crudo.<\/p>\n<p>El ahorro econ\u00f3mico obtenido por el horario de verano se estima en mil 455 millones de pesos, con un costo medio de la energ\u00eda el\u00e9ctrica de 1.4048 pesos por kilowatt hora para los usuarios dom\u00e9sticos, cifra que incluye ahorros de los 33 municipios de la franja fronteriza norte.<\/p>\n<p>El horario de verano inici\u00f3 el primer domingo de abril y concluye el \u00faltimo domingo de octubre, para dar paso al de invierno, por lo que debe retrasarse una hora en los relojes, record\u00f3 la Presidencia de la Rep\u00fablica en su p\u00e1gina de internet.<\/p>\n","protected":false},"excerpt":{"rendered":"<p>Luego del horario de verano que gener\u00f3 un ahorro de energ\u00eda el\u00e9ctrica considerable y econ\u00f3mico de m\u00e1s de mil 400 millones de pesos, inici\u00f3 el horario de invierno en casi todo el pa\u00eds.<\/p>\n","protected":false},"author":5,"featured_media":239756,"comment_status":"open","ping_status":"open","sticky":false,"template":"","format":"standard","meta":{"_monsterinsights_skip_tracking":false,"_monsterinsights_sitenote_active":false,"_monsterinsights_sitenote_note":"","_monsterinsights_sitenote_category":0,"footnotes":""},"categories":[25512],"tags":[31619,4659,43673],"class_list":["post-239755","post","type-post","status-publish","format-standard","has-post-thumbnail","hentry","category-nacional-nacional","tag-ahorro","tag-horario-de-verano","tag-nacional"],"_links":{"self":[{"href":"https:\/\/www.diarioimagen.net\/index.php?rest_route=\/wp\/v2\/posts\/239755","targetHints":{"allow":["GET"]}}],"collection":[{"href":"https:\/\/www.diarioimagen.net\/index.php?rest_route=\/wp\/v2\/posts"}],"about":[{"href":"https:\/\/www.diarioimagen.net\/index.php?rest_route=\/wp\/v2\/types\/post"}],"author":[{"embeddable":true,"href":"https:\/\/www.diarioimagen.net\/index.php?rest_route=\/wp\/v2\/users\/5"}],"replies":[{"embeddable":true,"href":"https:\/\/www.diarioimagen.net\/index.php?rest_route=%2Fwp%2Fv2%2Fcomments&post=239755"}],"version-history":[{"count":0,"href":"https:\/\/www.diarioimagen.net\/index.php?rest_route=\/wp\/v2\/posts\/239755\/revisions"}],"wp:featuredmedia":[{"embeddable":true,"href":"https:\/\/www.diarioimagen.net\/index.php?rest_route=\/wp\/v2\/media\/239756"}],"wp:attachment":[{"href":"https:\/\/www.diarioimagen.net\/index.php?rest_route=%2Fwp%2Fv2%2Fmedia&parent=239755"}],"wp:term":[{"taxonomy":"category","embeddable":true,"href":"https:\/\/www.diarioimagen.net\/index.php?rest_route=%2Fwp%2Fv2%2Fcategories&post=239755"},{"taxonomy":"post_tag","embeddable":true,"href":"https:\/\/www.diarioimagen.net\/index.php?rest_route=%2Fwp%2Fv2%2Ftags&post=239755"}],"curies":[{"name":"wp","href":"https:\/\/api.w.org\/{rel}","templated":true}]}}