{"id":239765,"date":"2015-10-26T00:07:02","date_gmt":"2015-10-26T06:07:02","guid":{"rendered":"http:\/\/www.diarioimagen.net\/?p=239765"},"modified":"2015-10-26T23:04:47","modified_gmt":"2015-10-27T05:04:47","slug":"garantiza-tsjdf-a-indigenas-peritos-traductores-en-juicios","status":"publish","type":"post","link":"https:\/\/www.diarioimagen.net\/?p=239765","title":{"rendered":"Garantiza el TSJDF peritos traductores en juicios de ind\u00edgenas"},"content":{"rendered":"<ul>\n<li><strong><em>Fortalecimiento de los derechos humanos<\/em><\/strong><\/li>\n<\/ul>\n<h6>Jos\u00e9 Luis Monta\u00f1ez<\/h6>\n<p>&nbsp;<\/p>\n<div id=\"attachment_239766\" style=\"width: 430px\" class=\"wp-caption aligncenter\"><a href=\"http:\/\/www.diarioimagen.net\/?attachment_id=239766\" rel=\"attachment wp-att-239766\"><img loading=\"lazy\" decoding=\"async\" aria-describedby=\"caption-attachment-239766\" class=\"size-large wp-image-239766\" src=\"http:\/\/www.diarioimagen.net\/wp-content\/uploads\/2015\/10\/TSJDF26-420x255.jpg\" alt=\"En el TSJDF han sido atendidas todas las solicitudes de hablantes de lenguas ind\u00edgenas para contar con la asistencia de un perito traductor. \" width=\"420\" height=\"255\" srcset=\"https:\/\/www.diarioimagen.net\/wp-content\/uploads\/2015\/10\/TSJDF26-420x255.jpg 420w, https:\/\/www.diarioimagen.net\/wp-content\/uploads\/2015\/10\/TSJDF26-240x146.jpg 240w, https:\/\/www.diarioimagen.net\/wp-content\/uploads\/2015\/10\/TSJDF26.jpg 1057w\" sizes=\"auto, (max-width: 420px) 100vw, 420px\" \/><\/a><p id=\"caption-attachment-239766\" class=\"wp-caption-text\">En el TSJDF han sido atendidas todas las solicitudes de hablantes de lenguas ind\u00edgenas para contar con la asistencia de un perito traductor.<\/p><\/div>\n<p>Como parte de su pol\u00edtica de fortalecimiento de los derechos humanos en su quehacer institucional, el Tribunal Superior de Justicia del Distrito Federal (TSJDF) garantiza a personas hablantes de lenguas ind\u00edgenas la asistencia de peritos\u00a0 profesionales int\u00e9rpretes o traductores en los procesos judiciales en los que son parte.<\/p>\n<p>Cifras del Anuario Estad\u00edstico e Indicadores de Derechos Humanos 2014 editado por el TSJDF, establece que durante 2013 se presentaron a juzgados mil 92 veces peritos int\u00e9rpretes traductores para asistir a los procesados, provistos por el \u00f3rgano judicial.<\/p>\n<p>Entre 2010 y 2013, este apoyo del TSJDF a ese sector de la poblaci\u00f3n creci\u00f3 76 por ciento, seg\u00fan establece la publicaci\u00f3n mencionada. En 2010, la cifra era apenas de 619 el n\u00famero de veces que se presentaron los peritos en la materia en juzgados donde eran procesados los hablantes de lenguas ind\u00edgenas.<\/p>\n<p>Peritos int\u00e9rpretes o traductores en lengua mazataca fue a los que m\u00e1s se recurri\u00f3 en 2013, con 337 n\u00famero de veces que se presentaron a asistir a personas a juzgados; en lengua tzeltal, 223; n\u00e1huatl, 94; totonaca, 59; tzotzil, 53; mixteca, 45, y otom\u00ed,\u00a0 40.<\/p>\n<p>Otras lenguas habladas por personas que solicitaron asistencia de perito int\u00e9rprete traductor, son: mixe, triqui, mazahua, pur\u00e9pecha, zapoteca y \u00f1uhu.<\/p>\n<p>Es importante se\u00f1alar que en el TSJDF todas las solicitudes para contar con la asistencia de un perito traductor han sido atendidas.<\/p>\n<p>Por otra parte, el n\u00famero de casos en los que se proporcion\u00f3 un perito traductor o int\u00e9rprete por materia del juicio durante 2013, se distribuy\u00f3 de la siguiente manera: penal, 748; paz penal\/delitos no graves, 92, y adolescentes, 252, lo que da el total de mil 92.<\/p>\n","protected":false},"excerpt":{"rendered":"<p><span style=\"color: #005497;\">Jos\u00e9 Luis Monta\u00f1ez Aguilar<\/span><br \/>\n<br \/>\nComo parte de su pol\u00edtica de fortalecimiento de los derechos humanos en su quehacer institucional, el Tribunal Superior de Justicia del Distrito Federal (TSJDF) garantiza a personas hablantes de lenguas ind\u00edgenas la asistencia de peritos  profesionales int\u00e9rpretes o traductores en los procesos judiciales en los que son parte.<\/p>\n","protected":false},"author":5,"featured_media":239766,"comment_status":"open","ping_status":"open","sticky":false,"template":"","format":"standard","meta":{"_monsterinsights_skip_tracking":false,"_monsterinsights_sitenote_active":false,"_monsterinsights_sitenote_note":"","_monsterinsights_sitenote_category":0,"footnotes":""},"categories":[6],"tags":[204,1925,8809,24378,862],"class_list":["post-239765","post","type-post","status-publish","format-standard","has-post-thumbnail","hentry","category-cd-de-mexico","tag-ciudad-de-mexico","tag-edgar-elias-azar","tag-indigenas","tag-juicio","tag-tsjdf"],"_links":{"self":[{"href":"https:\/\/www.diarioimagen.net\/index.php?rest_route=\/wp\/v2\/posts\/239765","targetHints":{"allow":["GET"]}}],"collection":[{"href":"https:\/\/www.diarioimagen.net\/index.php?rest_route=\/wp\/v2\/posts"}],"about":[{"href":"https:\/\/www.diarioimagen.net\/index.php?rest_route=\/wp\/v2\/types\/post"}],"author":[{"embeddable":true,"href":"https:\/\/www.diarioimagen.net\/index.php?rest_route=\/wp\/v2\/users\/5"}],"replies":[{"embeddable":true,"href":"https:\/\/www.diarioimagen.net\/index.php?rest_route=%2Fwp%2Fv2%2Fcomments&post=239765"}],"version-history":[{"count":0,"href":"https:\/\/www.diarioimagen.net\/index.php?rest_route=\/wp\/v2\/posts\/239765\/revisions"}],"wp:featuredmedia":[{"embeddable":true,"href":"https:\/\/www.diarioimagen.net\/index.php?rest_route=\/wp\/v2\/media\/239766"}],"wp:attachment":[{"href":"https:\/\/www.diarioimagen.net\/index.php?rest_route=%2Fwp%2Fv2%2Fmedia&parent=239765"}],"wp:term":[{"taxonomy":"category","embeddable":true,"href":"https:\/\/www.diarioimagen.net\/index.php?rest_route=%2Fwp%2Fv2%2Fcategories&post=239765"},{"taxonomy":"post_tag","embeddable":true,"href":"https:\/\/www.diarioimagen.net\/index.php?rest_route=%2Fwp%2Fv2%2Ftags&post=239765"}],"curies":[{"name":"wp","href":"https:\/\/api.w.org\/{rel}","templated":true}]}}