{"id":239788,"date":"2015-10-26T00:01:14","date_gmt":"2015-10-26T06:01:14","guid":{"rendered":"http:\/\/www.diarioimagen.net\/?p=239788"},"modified":"2015-10-26T23:04:09","modified_gmt":"2015-10-27T05:04:09","slug":"diarioimagen-y-el-auditorio-nacional-te-invitan-a-la-gran-gala-de-las-lunas","status":"publish","type":"post","link":"https:\/\/www.diarioimagen.net\/?p=239788","title":{"rendered":"<strong>DIARIOIMAGEN<\/strong> y el Auditorio Nacional te invitan a la gran gala de las Lunas"},"content":{"rendered":"<ul>\n<li><strong><em>Importantes figuras de la m\u00fasica mexicana entre los nominados de esta categor\u00eda en las Lunas del Auditorio<\/em><\/strong><\/li>\n<\/ul>\n<div id=\"attachment_239789\" style=\"width: 430px\" class=\"wp-caption aligncenter\"><a href=\"http:\/\/www.diarioimagen.net\/?attachment_id=239789\" rel=\"attachment wp-att-239789\"><img loading=\"lazy\" decoding=\"async\" aria-describedby=\"caption-attachment-239789\" class=\"wp-image-239789 size-large\" src=\"http:\/\/www.diarioimagen.net\/wp-content\/uploads\/2015\/10\/alejandro-fernandez-portal-420x245.jpg\" alt=\"Si eres de los 25 primeros en enviar tus respuestas a diario_imagen@yahoo.com.mx, anotando tu nombre completo y tel\u00e9fonos. Los ganadores recibir\u00e1n un correo electr\u00f3nico y una llamada telef\u00f3nica para informarles d\u00f3nde y qu\u00e9 d\u00eda recoger sus boletos.\" width=\"420\" height=\"245\" srcset=\"https:\/\/www.diarioimagen.net\/wp-content\/uploads\/2015\/10\/alejandro-fernandez-portal-420x245.jpg 420w, https:\/\/www.diarioimagen.net\/wp-content\/uploads\/2015\/10\/alejandro-fernandez-portal-240x140.jpg 240w, https:\/\/www.diarioimagen.net\/wp-content\/uploads\/2015\/10\/alejandro-fernandez-portal.jpg 480w\" sizes=\"auto, (max-width: 420px) 100vw, 420px\" \/><\/a><p id=\"caption-attachment-239789\" class=\"wp-caption-text\">Alejandro Fern\u00e1ndez.<\/p><\/div>\n<p>&nbsp;<\/p>\n<p>Alejandro Fern\u00e1ndez, Edith M\u00e1rquez, Juan Gabriel, Pepe Aguilar y Vicente Fern\u00e1ndez son las grandes figuras que integran la categor\u00eda M\u00fasica mexicana de la decimacuarta edici\u00f3n de las <em>Lunas del Auditorio<\/em>. Alejandro Fern\u00e1ndez se ha llevado en siete ocasiones la presea; Juan Gabriel tiene dos galardones; Vicente Fern\u00e1ndez y Pepe Aguilar cuentan con una <em>Luna,<\/em> mientras que Edith M\u00e1rquez figura por primera vez en esta categor\u00eda.<\/p>\n<p>Alejandro Fern\u00e1ndez llega a su nominaci\u00f3n n\u00famero once en la categor\u00eda de M\u00fasica mexicana, en la que se ubica como el m\u00e1ximo ganador de <em>Lunas del Auditorio<\/em>, pues ha levantado el galard\u00f3n en siete ocasiones, la primera en 2002 y la m\u00e1s reciente en 2014, adem\u00e1s en 2006 le fue entregado un Reconocimiento especial de estos galardones como Artista mexicano con proyecci\u00f3n internacional. Actualmente contin\u00faa con su exitosa gira <em>Confidencias World Tour,<\/em> con la que se ha presentado en diversas partes del mundo; tan s\u00f3lo en este recinto ha realizado 12 conciertos, entre 2014 y 2015 -con los que ya rebasa las 100 presentaciones en este foro desde su debut en 1991-, y pr\u00f3ximamente ofrecer\u00e1 dos m\u00e1s a finales de octubre.<\/p>\n<p>Su trayectoria incluye 15 producciones de estudio, discos en vivo y \u00e1lbumes recopilatorios, que lo han llevado a recibir diversos reconocimientos, como dos Grammy Latino y el Premio Billboard. Adem\u00e1s de la m\u00fasica ranchera, el cantante ha explorado otros g\u00e9neros con gran \u00e9xito, como el pop y la balada, sin descuidar al que lo dio a conocer.<\/p>\n<p>Edith M\u00e1rquez, con m\u00e1s de 25 a\u00f1os de experiencia en los escenarios a trav\u00e9s de una carrera como actriz y cantante, con m\u00e1s de un mill\u00f3n de copias vendidas como solista que le han otorgado m\u00faltiples discos de oro y platino desde su debut, llega a su primera nominaci\u00f3n en las<em> Lunas del Auditorio<\/em> en la categor\u00eda de M\u00fasica mexicana, gracias al \u00e9xito que ha tenido desde el lanzamiento de su primera producci\u00f3n con arreglos de m\u00fasica ranchera <em>Emociones<\/em> (2013), mismo con el que se present\u00f3 en este foro.<\/p>\n<p>La int\u00e9rprete de <em>Mi error, mi fantas\u00eda<\/em> estuvo nominada a las <em>Lunas del Auditorio <\/em>en 2007, 2009 y 2012 en la categor\u00eda de Balada. Tambi\u00e9n en 2012 realiz\u00f3 su primer concierto en el Auditorio Nacional en su faceta de int\u00e9rprete de balada, con la que ha logrado gran \u00e9xito al vender miles de copias de sus discos y primeros lugares de popularidad.<\/p>\n<p>El cantautor Juan Gabriel, ganador de dos <em>Lunas del Auditorio<\/em> (2005 y 2008), 12 premios Billboard y 11 Lo Nuestro, as\u00ed como innumerables discos de oro, platino y multiplatino, llega a su nominaci\u00f3n n\u00famero 13 en estos galardones que reconocen a lo mejor de los espect\u00e1culos en vivo. Apenas en septiembre pasado \u201cEl Divo de Ju\u00e1rez\u201d termin\u00f3 su temporada de conciertos de la gira <em>Juntos<\/em> en este recinto capitalino, con la que marc\u00f3 nuevos r\u00e9cords por la duraci\u00f3n de sus shows y la cantidad de artistas invitados.<\/p>\n<p>Juan Gabriel ha editado m\u00e1s de 50 \u00e1lbumes, en los que ha incursionado en diversos g\u00e9neros, como balada, ranchero, pop latino y m\u00fasica regional mexicana. Con el lanzamiento de su m\u00e1s reciente producci\u00f3n discogr\u00e1fica <em>Los d\u00fao<\/em>, Juan Gabriel se coloc\u00f3 en la lista de los m\u00e1s vendidos, cifra que se suma a los m\u00e1s de 100 millones de copias que ha vendido, de acuerdo con los datos de la Academia Latina de la Grabaci\u00f3n.<\/p>\n<p>Considerado uno de los grandes artistas de la m\u00fasica mexicana, Pepe Aguilar, suma una nueva nominaci\u00f3n en las <em>Lunas del Auditorio<\/em>, con la que ya fue galardonado en 2004 en la categor\u00eda de M\u00fasica mexicana. Pepe lanz\u00f3 en 2014 su m\u00e1s reciente producci\u00f3n discogr\u00e1fica <em>Pepe Aguilar Unplugged<\/em>, integrada por 13 canciones, entre nuevas versiones de \u00e9xitos y otras in\u00e9ditas, que lo convirti\u00f3 en el primer int\u00e9rprete de ranchero en grabar un MTV Unplugged.<\/p>\n<p>El ganador de cinco premios Grammy -tres americanos y dos latinos- se ha presentado en seis ocasiones en el Auditorio Nacional, en las que ha interpretado lo mejor de su repertorio combinando los sonidos del mariachi tradicional y rom\u00e1ntico con los de la banda zacatecana, sin dejar de lado su acercamiento al pop.<\/p>\n<p>Vicente Fern\u00e1ndez, con una larga carrera en el \u00e1mbito musical que lo ha convertido en un referente obligado de la canci\u00f3n ranchera, forma parte del grupo de nominados en la categor\u00eda de M\u00fasica mexicana para llevarse una <em>Luna del Auditorio<\/em>, la cual ya obtuvo en 2003. El a\u00f1o pasado Vicente realiz\u00f3 una temporada de conciertos en el Auditorio Nacional como parte de su gira de despedida de los escenarios <em>\u00a1Hasta siempre M\u00e9xico!<\/em><\/p>\n<p>A lo largo de su carrera, \u201cEl charro de Huentit\u00e1n\u201d ha logrado vender m\u00e1s de 67 millones de \u00e1lbumes, n\u00famero hist\u00f3rico para un cantante de m\u00fasica vern\u00e1cula. Adem\u00e1s ha recibido numerosos homenajes a nivel nacional e internacional, y ha sido ganador de varios premios Billboard y Grammy.<\/p>\n<p>La selecci\u00f3n final de quienes ser\u00e1n reconocidos con alguna <em>Luna del Auditorio<\/em> de entre los 106 nominados de este a\u00f1o, ser\u00e1 el resultado de la votaci\u00f3n de un grupo de especialistas, integrado por 250 profesionales vinculados con la cultura y el entretenimiento. Los galardonados recibir\u00e1n su presea en la Ceremonia de Gala de la 14\u00aa Entrega de las <em>Lunas del Auditorio<\/em>, que se realizar\u00e1 el mi\u00e9rcoles 28 de octubre a las 20:00 horas, en el foro de Reforma.<\/p>\n<p>&nbsp;<\/p>\n<blockquote>\n<p style=\"text-align: center;\"><strong>MEC\u00c1NICA PARA GANARTE TUS BOLETOS PARA <em>LAS LUNAS DEL AUDITORIO 2015<\/em><\/strong><\/p>\n<p>Tenemos para nuestros lectores de la edici\u00f3n impresa y web de <strong>DIARIOIMAGEN<\/strong> (indispensable ser seguidores de la p\u00e1gina de Facebook de <strong>DIARIO IMAGEN<\/strong> y\/o de Twitter) 25 pases dobles para disfrutar de la Gala de las Lunas del Auditorio, este mi\u00e9rcoles 28 de octubre.<\/p>\n<p>Si eres de los 25primeros en enviar tus respuestas a <a href=\"mailto:diario_imagen@yahoo.com.mx\" target=\"_blank\">diario_imagen@yahoo.com.mx<\/a>, anotando tu nombre completo y tel\u00e9fonos. Los ganadores recibir\u00e1n un correo electr\u00f3nico y una llamada telef\u00f3nica para informarles d\u00f3nde y qu\u00e9 d\u00eda recoger sus boletos.<\/p>\n<p>*** Menciona el nombre de dos mujeres y dos hombres nominados para las <em>Lunas del Auditorio 2015<\/em>.<\/p>\n<p>*** N\u00famero de galardonados de las <em>Lunas del Auditorio en el 2015<\/em>.<\/p>\n<p>*** \u00bfQu\u00e9 secci\u00f3n es la que m\u00e1s te gusta de <strong>DIARIOIMAGEN<\/strong>?<\/p><\/blockquote>\n","protected":false},"excerpt":{"rendered":"<p>Alejandro Fern\u00e1ndez, Edith M\u00e1rquez, Juan Gabriel, Pepe Aguilar y Vicente Fern\u00e1ndez son las grandes figuras que integran la categor\u00eda M\u00fasica mexicana de la decimacuarta edici\u00f3n de las <em>Lunas del Auditorio<\/em>. Alejandro Fern\u00e1ndez se ha llevado en siete ocasiones la presea; Juan Gabriel tiene dos galardones; Vicente Fern\u00e1ndez y Pepe Aguilar cuentan con una <em>Luna,<\/em> mientras que Edith M\u00e1rquez figura por primera vez en esta categor\u00eda.<\/p>\n","protected":false},"author":5,"featured_media":239789,"comment_status":"open","ping_status":"open","sticky":false,"template":"","format":"standard","meta":{"_monsterinsights_skip_tracking":false,"_monsterinsights_sitenote_active":false,"_monsterinsights_sitenote_note":"","_monsterinsights_sitenote_category":0,"footnotes":""},"categories":[12],"tags":[12088,471,636,4568,14583,20522,10435],"class_list":["post-239788","post","type-post","status-publish","format-standard","has-post-thumbnail","hentry","category-espectaculos","tag-alejandro-fernandez","tag-auditorio-nacional","tag-edith-marquez","tag-juan-gabriel","tag-lunas-del-auditorio","tag-pepe-aguilar","tag-vicente-fernandez"],"_links":{"self":[{"href":"https:\/\/www.diarioimagen.net\/index.php?rest_route=\/wp\/v2\/posts\/239788","targetHints":{"allow":["GET"]}}],"collection":[{"href":"https:\/\/www.diarioimagen.net\/index.php?rest_route=\/wp\/v2\/posts"}],"about":[{"href":"https:\/\/www.diarioimagen.net\/index.php?rest_route=\/wp\/v2\/types\/post"}],"author":[{"embeddable":true,"href":"https:\/\/www.diarioimagen.net\/index.php?rest_route=\/wp\/v2\/users\/5"}],"replies":[{"embeddable":true,"href":"https:\/\/www.diarioimagen.net\/index.php?rest_route=%2Fwp%2Fv2%2Fcomments&post=239788"}],"version-history":[{"count":0,"href":"https:\/\/www.diarioimagen.net\/index.php?rest_route=\/wp\/v2\/posts\/239788\/revisions"}],"wp:featuredmedia":[{"embeddable":true,"href":"https:\/\/www.diarioimagen.net\/index.php?rest_route=\/wp\/v2\/media\/239789"}],"wp:attachment":[{"href":"https:\/\/www.diarioimagen.net\/index.php?rest_route=%2Fwp%2Fv2%2Fmedia&parent=239788"}],"wp:term":[{"taxonomy":"category","embeddable":true,"href":"https:\/\/www.diarioimagen.net\/index.php?rest_route=%2Fwp%2Fv2%2Fcategories&post=239788"},{"taxonomy":"post_tag","embeddable":true,"href":"https:\/\/www.diarioimagen.net\/index.php?rest_route=%2Fwp%2Fv2%2Ftags&post=239788"}],"curies":[{"name":"wp","href":"https:\/\/api.w.org\/{rel}","templated":true}]}}