{"id":239808,"date":"2015-10-26T00:05:58","date_gmt":"2015-10-26T06:05:58","guid":{"rendered":"http:\/\/www.diarioimagen.net\/?p=239808"},"modified":"2015-10-26T23:04:33","modified_gmt":"2015-10-27T05:04:33","slug":"apertura-de-plazas-para-medicos","status":"publish","type":"post","link":"https:\/\/www.diarioimagen.net\/?p=239808","title":{"rendered":"Apertura de plazas para m\u00e9dicos"},"content":{"rendered":"<h2>Arco Norte<\/h2>\n<h5>Jos\u00e9 Luis Monta\u00f1ez Aguilar<\/h5>\n<p>&nbsp;<\/p>\n<div id=\"attachment_239911\" style=\"width: 430px\" class=\"wp-caption aligncenter\"><a href=\"http:\/\/www.diarioimagen.net\/?attachment_id=239911\" rel=\"attachment wp-att-239911\"><img loading=\"lazy\" decoding=\"async\" aria-describedby=\"caption-attachment-239911\" class=\"size-large wp-image-239911\" src=\"http:\/\/www.diarioimagen.net\/wp-content\/uploads\/2015\/10\/arco-2726-420x283.jpg\" alt=\"Eruviel \u00c1vila - Celebraci\u00f3n del D\u00eda del M\u00e9dico.\" width=\"420\" height=\"283\" srcset=\"https:\/\/www.diarioimagen.net\/wp-content\/uploads\/2015\/10\/arco-2726-420x283.jpg 420w, https:\/\/www.diarioimagen.net\/wp-content\/uploads\/2015\/10\/arco-2726-240x162.jpg 240w, https:\/\/www.diarioimagen.net\/wp-content\/uploads\/2015\/10\/arco-2726.jpg 2048w\" sizes=\"auto, (max-width: 420px) 100vw, 420px\" \/><\/a><p id=\"caption-attachment-239911\" class=\"wp-caption-text\">Eruviel \u00c1vila &#8211; Celebraci\u00f3n del D\u00eda del M\u00e9dico.<\/p><\/div>\n<p>Eruviel \u00c1vila reconoci\u00f3 a los 38 mil galenos que ofrecen sus servicios en el Estado de M\u00e9xico, por ello, para demostrarles gratitud por su labor, anunci\u00f3 que mediante m\u00e9ritos profesionales, de investigaci\u00f3n y antig\u00fcedad, 500 plazas de m\u00e9dicos ser\u00e1n regularizadas, y se abrir\u00e1n en los pr\u00f3ximos dos a\u00f1os 800 nuevos empleos para doctores generales y especialistas, que se sumar\u00e1n a las mil 600 ya generadas en los \u00faltimos 4 a\u00f1os.<\/p>\n<p>El titular del Ejecutivo estatal agreg\u00f3 que se invertir\u00e1n 15 millones de pesos en un Fondo de Investigaci\u00f3n Cl\u00ednica, con el fin de estimular la participaci\u00f3n de los m\u00e9dicos, en temas como sobrepeso, obesidad, adicciones, VIH\/Sida y distintos tipos de c\u00e1ncer.<\/p>\n<p>Adem\u00e1s, dio a conocer que el pr\u00f3ximo a\u00f1o, presentar\u00e1 una iniciativa ante la Legislatura local, para elevar a categor\u00eda de Ley de Salud, el premio de Calidad M\u00e9dica con el cual se reconoce a trav\u00e9s de est\u00edmulos econ\u00f3micos a los doctores de la entidad.<\/p>\n<p>Asimismo, el gobernador mexiquense agradeci\u00f3 la labor que realizan los m\u00e9dicos, ya que gracias a su trabajo, en la entidad se realizan m\u00e1s de 200 mil cirug\u00edas, m\u00e1s de 40 millones de estudios de laboratorio y gabinete, y se atienden 300 mil nacimientos y reci\u00e9n nacidos al a\u00f1o.<\/p>\n<p>Estas cifras, dijo, han colocado a la entidad en el primer lugar en calidad de servicios de salud, de acuerdo con la \u00faltima encuesta que realiz\u00f3 Inegi con la empresa Consulta Mitofsky. Entre otros resultados, Eruviel \u00c1vila tambi\u00e9n resalt\u00f3 otros logros en materia de salud, en el Estado de M\u00e9xico, de acuerdo con el Coneval, como la disminuci\u00f3n del 35 por ciento en la carencia de acceso a los servicios de salud; mientras que la OCDE indica una reducci\u00f3n en 30 por ciento la mortalidad materna; de un 60 por ciento la mortalidad de menores de cinco a\u00f1os por enfermedades infecciosas respiratorias.<\/p>\n<p><em><a href=\"mailto:montanezaguilar@gmail.com\" target=\"_blank\">montanezaguilar@gmail.com<\/a><\/em><\/p>\n","protected":false},"excerpt":{"rendered":"<p><span style=\"color: #005497;\">Jos\u00e9 Luis Monta\u00f1ez Aguilar<\/span><br \/>\n<br \/>\nEruviel \u00c1vila reconoci\u00f3 a los 38 mil galenos que ofrecen sus servicios en el Estado de M\u00e9xico, por ello, para demostrarles gratitud por su labor, anunci\u00f3 que mediante m\u00e9ritos profesionales, de investigaci\u00f3n y antig\u00fcedad, 500 plazas de m\u00e9dicos ser\u00e1n regularizadas, y se abrir\u00e1n en los pr\u00f3ximos dos a\u00f1os 800 nuevos empleos para doctores generales y especialistas, que se sumar\u00e1n a las mil 600 ya generadas en los \u00faltimos 4 a\u00f1os.<\/p>\n","protected":false},"author":3,"featured_media":239911,"comment_status":"open","ping_status":"open","sticky":false,"template":"","format":"standard","meta":{"_monsterinsights_skip_tracking":false,"_monsterinsights_sitenote_active":false,"_monsterinsights_sitenote_note":"","_monsterinsights_sitenote_category":0,"footnotes":""},"categories":[5],"tags":[13284,5828,43704,4799,43674,45375],"class_list":["post-239808","post","type-post","status-publish","format-standard","has-post-thumbnail","hentry","category-estado-de-mexico","tag-arco-norte","tag-eruviel-avila-villegas","tag-jose-luis-montanez-aguilar","tag-medico","tag-opinion","tag-plaza"],"_links":{"self":[{"href":"https:\/\/www.diarioimagen.net\/index.php?rest_route=\/wp\/v2\/posts\/239808","targetHints":{"allow":["GET"]}}],"collection":[{"href":"https:\/\/www.diarioimagen.net\/index.php?rest_route=\/wp\/v2\/posts"}],"about":[{"href":"https:\/\/www.diarioimagen.net\/index.php?rest_route=\/wp\/v2\/types\/post"}],"author":[{"embeddable":true,"href":"https:\/\/www.diarioimagen.net\/index.php?rest_route=\/wp\/v2\/users\/3"}],"replies":[{"embeddable":true,"href":"https:\/\/www.diarioimagen.net\/index.php?rest_route=%2Fwp%2Fv2%2Fcomments&post=239808"}],"version-history":[{"count":0,"href":"https:\/\/www.diarioimagen.net\/index.php?rest_route=\/wp\/v2\/posts\/239808\/revisions"}],"wp:featuredmedia":[{"embeddable":true,"href":"https:\/\/www.diarioimagen.net\/index.php?rest_route=\/wp\/v2\/media\/239911"}],"wp:attachment":[{"href":"https:\/\/www.diarioimagen.net\/index.php?rest_route=%2Fwp%2Fv2%2Fmedia&parent=239808"}],"wp:term":[{"taxonomy":"category","embeddable":true,"href":"https:\/\/www.diarioimagen.net\/index.php?rest_route=%2Fwp%2Fv2%2Fcategories&post=239808"},{"taxonomy":"post_tag","embeddable":true,"href":"https:\/\/www.diarioimagen.net\/index.php?rest_route=%2Fwp%2Fv2%2Ftags&post=239808"}],"curies":[{"name":"wp","href":"https:\/\/api.w.org\/{rel}","templated":true}]}}