{"id":239810,"date":"2015-10-26T00:07:14","date_gmt":"2015-10-26T06:07:14","guid":{"rendered":"http:\/\/www.diarioimagen.net\/?p=239810"},"modified":"2015-10-26T03:18:51","modified_gmt":"2015-10-26T09:18:51","slug":"exhibe-uaem-jassos-demons","status":"publish","type":"post","link":"https:\/\/www.diarioimagen.net\/?p=239810","title":{"rendered":"Exhibe UAEM \u201cJasso&#8217;s Demons\u201d"},"content":{"rendered":"<p><a href=\"http:\/\/www.diarioimagen.net\/?attachment_id=239921\" rel=\"attachment wp-att-239921\"><img loading=\"lazy\" decoding=\"async\" class=\"aligncenter size-large wp-image-239921\" src=\"http:\/\/www.diarioimagen.net\/wp-content\/uploads\/2015\/10\/UAEM-2726-420x236.jpg\" alt=\"UAEM-2726\" width=\"420\" height=\"236\" srcset=\"https:\/\/www.diarioimagen.net\/wp-content\/uploads\/2015\/10\/UAEM-2726-420x236.jpg 420w, https:\/\/www.diarioimagen.net\/wp-content\/uploads\/2015\/10\/UAEM-2726-240x135.jpg 240w, https:\/\/www.diarioimagen.net\/wp-content\/uploads\/2015\/10\/UAEM-2726-480x270.jpg 480w, https:\/\/www.diarioimagen.net\/wp-content\/uploads\/2015\/10\/UAEM-2726-235x132.jpg 235w, https:\/\/www.diarioimagen.net\/wp-content\/uploads\/2015\/10\/UAEM-2726-202x114.jpg 202w, https:\/\/www.diarioimagen.net\/wp-content\/uploads\/2015\/10\/UAEM-2726-350x196.jpg 350w, https:\/\/www.diarioimagen.net\/wp-content\/uploads\/2015\/10\/UAEM-2726-220x123.jpg 220w, https:\/\/www.diarioimagen.net\/wp-content\/uploads\/2015\/10\/UAEM-2726-237x132.jpg 237w, https:\/\/www.diarioimagen.net\/wp-content\/uploads\/2015\/10\/UAEM-2726.jpg 1200w\" sizes=\"auto, (max-width: 420px) 100vw, 420px\" \/><\/a><\/p>\n<p>El rector de la Universidad Aut\u00f3noma del Estado de M\u00e9xico, Jorge Olvera Garc\u00eda, inaugur\u00f3 en la Galer\u00eda Universitaria \u201cFernando Cano\u201d, ubicada en el Edificio de Rector\u00eda, la exposici\u00f3n \u201cJasso\u2019s Demons\u201d, de Ren\u00e9 Jasso, artista egresado de la Facultad de Arquitectura y Dise\u00f1o y cuyo trabajo reconoci\u00f3, \u201cpues a trav\u00e9s de la imaginaci\u00f3n y sue\u00f1os, expresa el arte con sensibilidad y talento\u201d.<\/p>\n<p>La m\u00e1xima casa de estudios mexiquense, puntualiz\u00f3, abre sus puertas a uno de sus egresados, en un espacio que ha albergado la obra de artistas de talla internacional. \u201cJasso\u2019s Demons\u201d, consider\u00f3 el rector, es un trabajo peculiar, en el que el artista universitario plasm\u00f3 su energ\u00eda y retrata aquellos esp\u00edritus que se contraponen al bien y que son parte de la esencia del ser humano y de la vida diaria.<\/p>\n<p>&nbsp;<\/p>\n","protected":false},"excerpt":{"rendered":"<p>El rector de la Universidad Aut\u00f3noma del Estado de M\u00e9xico, Jorge Olvera Garc\u00eda, inaugur\u00f3 en la Galer\u00eda Universitaria \u201cFernando Cano\u201d, ubicada en el Edificio de Rector\u00eda, la exposici\u00f3n \u201cJasso\u2019s Demons\u201d, de Ren\u00e9 Jasso, artista egresado de la Facultad de Arquitectura y Dise\u00f1o y cuyo trabajo reconoci\u00f3, \u201cpues a trav\u00e9s de la imaginaci\u00f3n y sue\u00f1os, expresa el arte con sensibilidad y talento\u201d.<\/p>\n","protected":false},"author":3,"featured_media":239921,"comment_status":"open","ping_status":"open","sticky":false,"template":"","format":"standard","meta":{"_monsterinsights_skip_tracking":false,"_monsterinsights_sitenote_active":false,"_monsterinsights_sitenote_note":"","_monsterinsights_sitenote_category":0,"footnotes":""},"categories":[35155],"tags":[27015,1491,1490],"class_list":["post-239810","post","type-post","status-publish","format-standard","has-post-thumbnail","hentry","category-estado-de-mexico-estado-de-mexico","tag-jorge-olvera-garcia","tag-uaem","tag-universidad-autonoma-del-estado-de-mexico"],"_links":{"self":[{"href":"https:\/\/www.diarioimagen.net\/index.php?rest_route=\/wp\/v2\/posts\/239810","targetHints":{"allow":["GET"]}}],"collection":[{"href":"https:\/\/www.diarioimagen.net\/index.php?rest_route=\/wp\/v2\/posts"}],"about":[{"href":"https:\/\/www.diarioimagen.net\/index.php?rest_route=\/wp\/v2\/types\/post"}],"author":[{"embeddable":true,"href":"https:\/\/www.diarioimagen.net\/index.php?rest_route=\/wp\/v2\/users\/3"}],"replies":[{"embeddable":true,"href":"https:\/\/www.diarioimagen.net\/index.php?rest_route=%2Fwp%2Fv2%2Fcomments&post=239810"}],"version-history":[{"count":0,"href":"https:\/\/www.diarioimagen.net\/index.php?rest_route=\/wp\/v2\/posts\/239810\/revisions"}],"wp:featuredmedia":[{"embeddable":true,"href":"https:\/\/www.diarioimagen.net\/index.php?rest_route=\/wp\/v2\/media\/239921"}],"wp:attachment":[{"href":"https:\/\/www.diarioimagen.net\/index.php?rest_route=%2Fwp%2Fv2%2Fmedia&parent=239810"}],"wp:term":[{"taxonomy":"category","embeddable":true,"href":"https:\/\/www.diarioimagen.net\/index.php?rest_route=%2Fwp%2Fv2%2Fcategories&post=239810"},{"taxonomy":"post_tag","embeddable":true,"href":"https:\/\/www.diarioimagen.net\/index.php?rest_route=%2Fwp%2Fv2%2Ftags&post=239810"}],"curies":[{"name":"wp","href":"https:\/\/api.w.org\/{rel}","templated":true}]}}