{"id":239826,"date":"2015-10-26T00:06:30","date_gmt":"2015-10-26T06:06:30","guid":{"rendered":"http:\/\/www.diarioimagen.net\/?p=239826"},"modified":"2015-10-26T03:20:20","modified_gmt":"2015-10-26T09:20:20","slug":"simposium-sobre-lucha-contra-el-cancer-de-mama-en-tlalnepantla","status":"publish","type":"post","link":"https:\/\/www.diarioimagen.net\/?p=239826","title":{"rendered":"Simposium sobre lucha contra el c\u00e1ncer de mama en Tlalnepantla"},"content":{"rendered":"<p><a href=\"http:\/\/www.diarioimagen.net\/?attachment_id=239924\" rel=\"attachment wp-att-239924\"><img loading=\"lazy\" decoding=\"async\" class=\"aligncenter size-large wp-image-239924\" src=\"http:\/\/www.diarioimagen.net\/wp-content\/uploads\/2015\/10\/TLALNEPANTLA-2726-420x236.jpg\" alt=\"TLALNEPANTLA-2726\" width=\"420\" height=\"236\" srcset=\"https:\/\/www.diarioimagen.net\/wp-content\/uploads\/2015\/10\/TLALNEPANTLA-2726-420x236.jpg 420w, https:\/\/www.diarioimagen.net\/wp-content\/uploads\/2015\/10\/TLALNEPANTLA-2726-240x135.jpg 240w, https:\/\/www.diarioimagen.net\/wp-content\/uploads\/2015\/10\/TLALNEPANTLA-2726-480x270.jpg 480w, https:\/\/www.diarioimagen.net\/wp-content\/uploads\/2015\/10\/TLALNEPANTLA-2726-235x132.jpg 235w, https:\/\/www.diarioimagen.net\/wp-content\/uploads\/2015\/10\/TLALNEPANTLA-2726-202x114.jpg 202w, https:\/\/www.diarioimagen.net\/wp-content\/uploads\/2015\/10\/TLALNEPANTLA-2726-350x196.jpg 350w, https:\/\/www.diarioimagen.net\/wp-content\/uploads\/2015\/10\/TLALNEPANTLA-2726-220x123.jpg 220w, https:\/\/www.diarioimagen.net\/wp-content\/uploads\/2015\/10\/TLALNEPANTLA-2726-237x132.jpg 237w, https:\/\/www.diarioimagen.net\/wp-content\/uploads\/2015\/10\/TLALNEPANTLA-2726.jpg 1200w\" sizes=\"auto, (max-width: 420px) 100vw, 420px\" \/><\/a><\/p>\n<p><strong>Tlalnepantla, Estado de Estado.-<\/strong> La principal premisa, es ense\u00f1ar a escuchar con amor los mensajes del cuerpo, por tal motivo, el DIF que preside Ver\u00f3nica Rocha V\u00e9lez, a trav\u00e9s de la Direcci\u00f3n M\u00e9dica; realiza Simposium de lucha contra el c\u00e1ncer de mama, teniendo como sede el Auditorio DIF Santa M\u00f3nica.<\/p>\n<p>Acompa\u00f1ada del coordinador regional del DIFEM, Miguel \u00c1ngel Molina, de la directora de Desarrollo Social, Mariana \u00c1ngeles Valencia, en representaci\u00f3n del presidente municipal Alfredo Mart\u00ednez Gonz\u00e1lez, autoridades municipales y del Sistema; Ver\u00f3nica Rocha V\u00e9lez dio la bienvenida al auditorio asistente, haciendo un llamado a todas las mujeres a perder el miedo a autoexplorarse.<\/p>\n<p>&nbsp;<\/p>\n<p>&nbsp;<\/p>\n<p>&nbsp;<\/p>\n<p>&nbsp;<\/p>\n<p>&nbsp;<\/p>\n","protected":false},"excerpt":{"rendered":"<p>Tlalnepantla, Estado de Estado.- La principal premisa, es ense\u00f1ar a escuchar con amor los mensajes del cuerpo, por tal motivo, el DIF que preside Ver\u00f3nica Rocha V\u00e9lez, a trav\u00e9s de la Direcci\u00f3n M\u00e9dica; realiza Simposium de lucha contra el c\u00e1ncer de mama, teniendo como sede el Auditorio DIF Santa M\u00f3nica. Acompa\u00f1ada del coordinador regional del [&hellip;]<\/p>\n","protected":false},"author":3,"featured_media":239924,"comment_status":"open","ping_status":"open","sticky":false,"template":"","format":"standard","meta":{"_monsterinsights_skip_tracking":false,"_monsterinsights_sitenote_active":false,"_monsterinsights_sitenote_note":"","_monsterinsights_sitenote_category":0,"footnotes":""},"categories":[35155],"tags":[2515,169],"class_list":["post-239826","post","type-post","status-publish","format-standard","has-post-thumbnail","hentry","category-estado-de-mexico-estado-de-mexico","tag-cancer-de-mama","tag-tlalnepantla"],"_links":{"self":[{"href":"https:\/\/www.diarioimagen.net\/index.php?rest_route=\/wp\/v2\/posts\/239826","targetHints":{"allow":["GET"]}}],"collection":[{"href":"https:\/\/www.diarioimagen.net\/index.php?rest_route=\/wp\/v2\/posts"}],"about":[{"href":"https:\/\/www.diarioimagen.net\/index.php?rest_route=\/wp\/v2\/types\/post"}],"author":[{"embeddable":true,"href":"https:\/\/www.diarioimagen.net\/index.php?rest_route=\/wp\/v2\/users\/3"}],"replies":[{"embeddable":true,"href":"https:\/\/www.diarioimagen.net\/index.php?rest_route=%2Fwp%2Fv2%2Fcomments&post=239826"}],"version-history":[{"count":0,"href":"https:\/\/www.diarioimagen.net\/index.php?rest_route=\/wp\/v2\/posts\/239826\/revisions"}],"wp:featuredmedia":[{"embeddable":true,"href":"https:\/\/www.diarioimagen.net\/index.php?rest_route=\/wp\/v2\/media\/239924"}],"wp:attachment":[{"href":"https:\/\/www.diarioimagen.net\/index.php?rest_route=%2Fwp%2Fv2%2Fmedia&parent=239826"}],"wp:term":[{"taxonomy":"category","embeddable":true,"href":"https:\/\/www.diarioimagen.net\/index.php?rest_route=%2Fwp%2Fv2%2Fcategories&post=239826"},{"taxonomy":"post_tag","embeddable":true,"href":"https:\/\/www.diarioimagen.net\/index.php?rest_route=%2Fwp%2Fv2%2Ftags&post=239826"}],"curies":[{"name":"wp","href":"https:\/\/api.w.org\/{rel}","templated":true}]}}