{"id":239843,"date":"2015-10-26T00:05:15","date_gmt":"2015-10-26T06:05:15","guid":{"rendered":"http:\/\/www.diarioimagen.net\/?p=239843"},"modified":"2015-10-26T03:21:51","modified_gmt":"2015-10-26T09:21:51","slug":"entrega-alcalde-de-huixquilucan-apoyos-a-sectores-vulnerables","status":"publish","type":"post","link":"https:\/\/www.diarioimagen.net\/?p=239843","title":{"rendered":"Entrega alcalde de Huixquilucan apoyos a sectores vulnerables"},"content":{"rendered":"<ul>\n<li><strong><em>Canastas alimentarias y paquetes invernales<\/em><\/strong><\/li>\n<\/ul>\n<div id=\"attachment_239927\" style=\"width: 430px\" class=\"wp-caption aligncenter\"><a href=\"http:\/\/www.diarioimagen.net\/?attachment_id=239927\" rel=\"attachment wp-att-239927\"><img loading=\"lazy\" decoding=\"async\" aria-describedby=\"caption-attachment-239927\" class=\"size-large wp-image-239927\" src=\"http:\/\/www.diarioimagen.net\/wp-content\/uploads\/2015\/10\/HUIXQUILUCAN-2726-420x270.jpg\" alt=\"Jos\u00e9 Reynol Neyra Gonz\u00e1lez,\u00a0en colaboraci\u00f3n con el gobierno del Estado de M\u00e9xico y con la participaci\u00f3n del diputado local Pablo Peralta Garc\u00eda,entreg\u00f3 despensa y paquetes invernales.\" width=\"420\" height=\"270\" srcset=\"https:\/\/www.diarioimagen.net\/wp-content\/uploads\/2015\/10\/HUIXQUILUCAN-2726-420x270.jpg 420w, https:\/\/www.diarioimagen.net\/wp-content\/uploads\/2015\/10\/HUIXQUILUCAN-2726-240x154.jpg 240w, https:\/\/www.diarioimagen.net\/wp-content\/uploads\/2015\/10\/HUIXQUILUCAN-2726.jpg 1200w\" sizes=\"auto, (max-width: 420px) 100vw, 420px\" \/><\/a><p id=\"caption-attachment-239927\" class=\"wp-caption-text\">Jos\u00e9 Reynol Neyra Gonz\u00e1lez,\u00a0en colaboraci\u00f3n con el gobierno del Estado de M\u00e9xico y con la participaci\u00f3n del diputado local Pablo Peralta Garc\u00eda,entreg\u00f3 despensa y paquetes invernales.<\/p><\/div>\n<p><strong>Huixquilucan, Estado de M\u00e9xico<\/strong>.- Como parte de las acciones en favor de la poblaci\u00f3n vulnerable del municipio, Jos\u00e9 Reynol Neyra Gonz\u00e1lez, presidente municipal de esta demarcaci\u00f3n, \u00a0en colaboraci\u00f3n con el gobierno del Estado de M\u00e9xico y con la participaci\u00f3n de Pablo Peralta Garc\u00eda, diputado local por el distrito XVII, entregaron canastas alimentarias, paquetes invernales e implementos deportivos a integrantes de los clubes de la tercera edad de Zacamulpa y San Jacinto.<\/p>\n<p>El alcalde de Huixquilucan invit\u00f3 a la poblaci\u00f3n a continuar el acercamiento \u00a0con la administraci\u00f3n municipal con la finalidad de conocer las necesidades m\u00e1s sentidas de la poblaci\u00f3n y lo que sucede al interior de las comunidades. En este sentido, Neyra Gonz\u00e1lez precis\u00f3 que se busca orientar sus acciones con el prop\u00f3sito de atenuar los problemas que afectan a la comunidad. \u201cDebemos seguir construyendo el Huixquilucan que queremos, arm\u00f3nico y en paz, mediante un trabajo coordinado entre las diferentes instancias de gobierno\u201d, asegur\u00f3.<\/p>\n<p>Neyra Gonz\u00e1lez se\u00f1al\u00f3 que los adultos mayores son un referente hist\u00f3rico, su proceder, dijo, es un ejemplo a seguir en la vida diaria, \u201cen Huixquilucan, las abuelitas y abuelitos juegan un papel sumamente importante ya que han aportado al municipio, desde tiempo atr\u00e1s, el sentido de comunidad que trabaja, respeta y progresa, lo cual ha promovido una demarcaci\u00f3n vigorosa y compleja con gran entusiasmo por conservar sus cualidades como sociedad\u201d.<\/p>\n<p>En tanto, el diputado local por el distrito XVII, coment\u00f3 que tanto el gobierno estatal y municipal, as\u00ed como los legisladores, contribuyen diariamente a mejorar la calidad de vida de los mexiquenses, \u201cestamos aqu\u00ed poniendo nuestro granito de arena para generar mayores beneficios en favor de los sectores m\u00e1s vulnerables de la poblaci\u00f3n; siguiendo el ejemplo\u00a0 del gobernador del Estado de M\u00e9xico, Eruviel \u00c1vila Villegas, que durante los \u00faltimos cuatro a\u00f1os a mostrado su gran solidaridad, \u00a0con nuestras abuelitas y abuelitos del municipio\u201d.<\/p>\n<p>&nbsp;<\/p>\n","protected":false},"excerpt":{"rendered":"<p>Como parte de las acciones en favor de la poblaci\u00f3n vulnerable del municipio, Jos\u00e9 Reynol Neyra Gonz\u00e1lez, presidente municipal de esta demarcaci\u00f3n,  en colaboraci\u00f3n con el gobierno del Estado de M\u00e9xico y con la participaci\u00f3n de Pablo Peralta Garc\u00eda, diputado local por el distrito XVII, entregaron canastas alimentarias, paquetes invernales e implementos deportivos a integrantes de los clubes de la tercera edad de Zacamulpa y San Jacinto.<\/p>\n","protected":false},"author":3,"featured_media":239927,"comment_status":"open","ping_status":"open","sticky":false,"template":"","format":"standard","meta":{"_monsterinsights_skip_tracking":false,"_monsterinsights_sitenote_active":false,"_monsterinsights_sitenote_note":"","_monsterinsights_sitenote_category":0,"footnotes":""},"categories":[35155],"tags":[21667,43675,1097,33855,22417],"class_list":["post-239843","post","type-post","status-publish","format-standard","has-post-thumbnail","hentry","category-estado-de-mexico-estado-de-mexico","tag-ayuda","tag-estado-de-mexico","tag-huixquilucan","tag-jose-reynol-neyra-gonzalez","tag-vulnerables"],"_links":{"self":[{"href":"https:\/\/www.diarioimagen.net\/index.php?rest_route=\/wp\/v2\/posts\/239843","targetHints":{"allow":["GET"]}}],"collection":[{"href":"https:\/\/www.diarioimagen.net\/index.php?rest_route=\/wp\/v2\/posts"}],"about":[{"href":"https:\/\/www.diarioimagen.net\/index.php?rest_route=\/wp\/v2\/types\/post"}],"author":[{"embeddable":true,"href":"https:\/\/www.diarioimagen.net\/index.php?rest_route=\/wp\/v2\/users\/3"}],"replies":[{"embeddable":true,"href":"https:\/\/www.diarioimagen.net\/index.php?rest_route=%2Fwp%2Fv2%2Fcomments&post=239843"}],"version-history":[{"count":0,"href":"https:\/\/www.diarioimagen.net\/index.php?rest_route=\/wp\/v2\/posts\/239843\/revisions"}],"wp:featuredmedia":[{"embeddable":true,"href":"https:\/\/www.diarioimagen.net\/index.php?rest_route=\/wp\/v2\/media\/239927"}],"wp:attachment":[{"href":"https:\/\/www.diarioimagen.net\/index.php?rest_route=%2Fwp%2Fv2%2Fmedia&parent=239843"}],"wp:term":[{"taxonomy":"category","embeddable":true,"href":"https:\/\/www.diarioimagen.net\/index.php?rest_route=%2Fwp%2Fv2%2Fcategories&post=239843"},{"taxonomy":"post_tag","embeddable":true,"href":"https:\/\/www.diarioimagen.net\/index.php?rest_route=%2Fwp%2Fv2%2Ftags&post=239843"}],"curies":[{"name":"wp","href":"https:\/\/api.w.org\/{rel}","templated":true}]}}