{"id":239997,"date":"2015-10-27T00:09:09","date_gmt":"2015-10-27T06:09:09","guid":{"rendered":"http:\/\/www.diarioimagen.net\/?p=239997"},"modified":"2015-10-27T00:09:44","modified_gmt":"2015-10-27T06:09:44","slug":"reabriran-cinco-estaciones-de-la-l12-esta-semana-anuncia-mancera","status":"publish","type":"post","link":"https:\/\/www.diarioimagen.net\/?p=239997","title":{"rendered":"Reabrir\u00e1n cinco estaciones de la L12 esta semana"},"content":{"rendered":"<ul>\n<li><strong><em>\u00daltimos recorridos de certificadoras<\/em><\/strong><\/li>\n<\/ul>\n<div id=\"attachment_239998\" style=\"width: 430px\" class=\"wp-caption aligncenter\"><a href=\"http:\/\/www.diarioimagen.net\/?attachment_id=239998\" rel=\"attachment wp-att-239998\"><img loading=\"lazy\" decoding=\"async\" aria-describedby=\"caption-attachment-239998\" class=\"wp-image-239998 size-large\" src=\"http:\/\/www.diarioimagen.net\/wp-content\/uploads\/2015\/10\/METRO-portal1-420x245.jpg\" alt=\"Volver\u00e1n a dar servicio las estaciones de Culhuac\u00e1n, San Andr\u00e9s Tomatl\u00e1n, Lomas Estrella, Calle 11 y Perif\u00e9rico Oriente.\" width=\"420\" height=\"245\" srcset=\"https:\/\/www.diarioimagen.net\/wp-content\/uploads\/2015\/10\/METRO-portal1-420x245.jpg 420w, https:\/\/www.diarioimagen.net\/wp-content\/uploads\/2015\/10\/METRO-portal1-240x140.jpg 240w, https:\/\/www.diarioimagen.net\/wp-content\/uploads\/2015\/10\/METRO-portal1.jpg 480w\" sizes=\"auto, (max-width: 420px) 100vw, 420px\" \/><\/a><p id=\"caption-attachment-239998\" class=\"wp-caption-text\">Volver\u00e1n a dar servicio las estaciones de Culhuac\u00e1n, San Andr\u00e9s Tomatl\u00e1n, Lomas Estrella, Calle 11 y Perif\u00e9rico Oriente.<\/p><\/div>\n<p>&nbsp;<\/p>\n<p>Este jueves o viernes ser\u00e1n reabiertas las estaciones del tramo Atlalilco-Perif\u00e9rico Oriente, de la L\u00ednea 12 del Sistema de Transporte Colectivo Metro.<\/p>\n<p>El jefe de gobierno del Distrito Federal, Miguel \u00c1ngel Mancera, anunci\u00f3, al inaugurar el Laboratorio Electr\u00f3nico Digital Avanzado del STC, que sin falta ser\u00e1 este jueves o viernes.<\/p>\n<p>El mandatario indic\u00f3 que todo depender\u00e1 de las empresas que realizan los trabajos t\u00e9cnicos y de certificaci\u00f3n en esta zona de la tambi\u00e9n llamada L\u00ednea Dorada.<\/p>\n<p>La fecha exacta de reapertura depender\u00e1, explic\u00f3, de los certificados de seguridad que est\u00e1n emitiendo las empresas que supervisan las obras de rehabilitaci\u00f3n.<\/p>\n<p>\u201cMi compromiso es que esta semana est\u00e9 funcionando, yo confirmar\u00e9 si es el jueves o es el viernes, pero es un hecho que la vamos a echar a andar esta semana\u201d, confirm\u00f3. Coment\u00f3 que su puesta en marcha, ante la cercan\u00eda de las celebraciones del D\u00eda de Muertos, en Mixquic, ser\u00e1 una prueba de fuego, \u201csin ninguna duda\u201d.<\/p>\n<p>Las primeras cinco estaciones, cerradas desde hace casi 2 a\u00f1os, que volver\u00e1n a dar servicio son: Culhuac\u00e1n, San Andr\u00e9s Tomatl\u00e1n, Lomas Estrella, Calle 11 y Perif\u00e9rico Oriente.<\/p>\n<p>Ah\u00ed, Mancera record\u00f3 que todav\u00eda se est\u00e1n haciendo recorridos de prueba en la L\u00ednea Dorada, y el segundo tramo, de Perif\u00e9rico a Tl\u00e1huac, se reabrir\u00e1 el pr\u00f3ximo mes.<\/p>\n<p>Por su parte, el director del Metro, Jorge Gavi\u00f1o Ambriz, mencion\u00f3 que los usuarios que lleguen a Perif\u00e9rico Oriente contar\u00e1n con 123 autobuses de RTP para continuar su destino a Tl\u00e1huac.<\/p>\n","protected":false},"excerpt":{"rendered":"<p>Este jueves o viernes ser\u00e1n reabiertas las estaciones del tramo Atlalilco-Perif\u00e9rico Oriente, de la L\u00ednea 12 del Sistema de Transporte Colectivo Metro.<\/p>\n","protected":false},"author":5,"featured_media":239998,"comment_status":"open","ping_status":"open","sticky":false,"template":"","format":"standard","meta":{"_monsterinsights_skip_tracking":false,"_monsterinsights_sitenote_active":false,"_monsterinsights_sitenote_note":"","_monsterinsights_sitenote_category":0,"footnotes":""},"categories":[6],"tags":[204,8433,5314,34753],"class_list":["post-239997","post","type-post","status-publish","format-standard","has-post-thumbnail","hentry","category-cd-de-mexico","tag-ciudad-de-mexico","tag-linea-12","tag-miguel-angel-mancera-espinosa","tag-reapertura"],"_links":{"self":[{"href":"https:\/\/www.diarioimagen.net\/index.php?rest_route=\/wp\/v2\/posts\/239997","targetHints":{"allow":["GET"]}}],"collection":[{"href":"https:\/\/www.diarioimagen.net\/index.php?rest_route=\/wp\/v2\/posts"}],"about":[{"href":"https:\/\/www.diarioimagen.net\/index.php?rest_route=\/wp\/v2\/types\/post"}],"author":[{"embeddable":true,"href":"https:\/\/www.diarioimagen.net\/index.php?rest_route=\/wp\/v2\/users\/5"}],"replies":[{"embeddable":true,"href":"https:\/\/www.diarioimagen.net\/index.php?rest_route=%2Fwp%2Fv2%2Fcomments&post=239997"}],"version-history":[{"count":0,"href":"https:\/\/www.diarioimagen.net\/index.php?rest_route=\/wp\/v2\/posts\/239997\/revisions"}],"wp:featuredmedia":[{"embeddable":true,"href":"https:\/\/www.diarioimagen.net\/index.php?rest_route=\/wp\/v2\/media\/239998"}],"wp:attachment":[{"href":"https:\/\/www.diarioimagen.net\/index.php?rest_route=%2Fwp%2Fv2%2Fmedia&parent=239997"}],"wp:term":[{"taxonomy":"category","embeddable":true,"href":"https:\/\/www.diarioimagen.net\/index.php?rest_route=%2Fwp%2Fv2%2Fcategories&post=239997"},{"taxonomy":"post_tag","embeddable":true,"href":"https:\/\/www.diarioimagen.net\/index.php?rest_route=%2Fwp%2Fv2%2Ftags&post=239997"}],"curies":[{"name":"wp","href":"https:\/\/api.w.org\/{rel}","templated":true}]}}