{"id":240042,"date":"2015-10-27T00:04:06","date_gmt":"2015-10-27T06:04:06","guid":{"rendered":"http:\/\/www.diarioimagen.net\/?p=240042"},"modified":"2015-10-27T23:29:21","modified_gmt":"2015-10-28T05:29:21","slug":"el-nuevo-modelo-de-justicia-penal-demanda-preparacion-elias-azar","status":"publish","type":"post","link":"https:\/\/www.diarioimagen.net\/?p=240042","title":{"rendered":"El nuevo modelo de justicia penal demanda preparaci\u00f3n: El\u00edas Azar"},"content":{"rendered":"<ul>\n<li><strong><em>Inauguraci\u00f3n del Tercer Certamen de Litigaci\u00f3n<\/em><\/strong><\/li>\n<\/ul>\n<p>&nbsp;<\/p>\n<p>El presidente de la Comisi\u00f3n Nacional de Tribunales Superiores de Justicia de los Estados Unidos Mexicanos (Conatrib), magistrado Edgar El\u00edas Azar, advirti\u00f3 que ante la reforma penal y los juicios orales es inminente estar preparados, y convoc\u00f3 a todos los operadores del derecho a estudiar, entender y practicar, a fin de fortalecer el nuevo modelo, que tiene como prioridad otorgar seguridad jur\u00eddica basada en los principios de inmediaci\u00f3n, publicidad, contradicci\u00f3n, concentraci\u00f3n y continuidad.<\/p>\n<p>Al encabezar la inauguraci\u00f3n del Tercer Certamen de Litigaci\u00f3n Oral, record\u00f3 que en el Tribunal Superior de Justicia del Distrito Federal (TSJDF), que tambi\u00e9n preside, se ha avanzado significativamente para lograr que en 2016 se implemente el nuevo sistema de justicia penal, que implica retos en los temas de infraestructura y capacitaci\u00f3n de personal, pero sobre todo en la adopci\u00f3n de una visi\u00f3n distinta de la impartici\u00f3n de justicia, con aptitudes en conductas procesales radicalmente diferentes.<\/p>\n<p>En el auditorio Benito Ju\u00e1rez del TSJDF, se refiri\u00f3 al papel de los universitarios participantes en el concurso, y dijo que est\u00e1n llamados a ser los que fortalezcan el nuevo sistema penal acusatorio. Hoy tienen, dijo, la oportunidad de practicar sus habilidades, revisar sus carencias, y ver, a trav\u00e9s de la pr\u00e1ctica, c\u00f3mo mejorar sus argumentos. Incluso, de impulsar criterios jur\u00eddicos que en el futuro se puedan volver parte fundamental en los nuevos procedimientos del \u00e1mbito penal.<\/p>\n<p>A\u00f1adi\u00f3 que a los estudiantes les toca vivir una realidad en la que la ley puede m\u00e1s que la voluntad de los gobernantes, y en la que los jueces nunca decidan sin independencia, y en la que se pueda ejercer la profesi\u00f3n con decoro y vocaci\u00f3n de servicio que exige la abogac\u00eda.<\/p>\n<p>\u201cUn sistema transparente, verdaderamente independiente en todo el orden de la palabra, es lo que hoy nos otorga la oralidad; una oportunidad de verificar y ser verificado; una oportunidad de aprender y dominar la ley, pero tambi\u00e9n de ense\u00f1ar, de ser expertos en transparencia; de tener, finalmente, un sistema judicial justo y eficiente\u201d, expres\u00f3.<\/p>\n<p>Insisti\u00f3 en que son los estudiantes de derecho quienes tienen la tarea de dar continuidad en el futuro a los trabajos que ahora se realizan para implementar el nuevo modelo de justicia, al que consider\u00f3 un cambio de 180 grados, y en el que se requiere capacitaci\u00f3n espec\u00edfica que s\u00f3lo se logra con la voluntad de todos los participantes, y con la convicci\u00f3n de que esta transformaci\u00f3n es necesaria.<\/p>\n<p>\u201cA esta generaci\u00f3n de futuros abogados la historia les ha asignado una de las m\u00e1s nobles y dificultosas tareas que se han tenido, y que es, precisamente, consolidar un cambio. Est\u00e1n llamados a la construcci\u00f3n de un nuevo sistema de justicia.<\/p>\n<p>&nbsp;<\/p>\n<blockquote>\n<h1 style=\"text-align: center;\">M\u00e9xico requiere un Poder Judicial preparado cient\u00edficamente: juez Garz\u00f3n<\/h1>\n<p><a href=\"http:\/\/www.diarioimagen.net\/?attachment_id=240150\" rel=\"attachment wp-att-240150\"><img loading=\"lazy\" decoding=\"async\" class=\"alignleft size-medium wp-image-240150\" src=\"http:\/\/www.diarioimagen.net\/wp-content\/uploads\/2015\/10\/tsjdf-2727-240x161.jpg\" alt=\"tsjdf-2727\" width=\"240\" height=\"161\" srcset=\"https:\/\/www.diarioimagen.net\/wp-content\/uploads\/2015\/10\/tsjdf-2727-240x161.jpg 240w, https:\/\/www.diarioimagen.net\/wp-content\/uploads\/2015\/10\/tsjdf-2727-420x282.jpg 420w, https:\/\/www.diarioimagen.net\/wp-content\/uploads\/2015\/10\/tsjdf-2727.jpg 1200w\" sizes=\"auto, (max-width: 240px) 100vw, 240px\" \/><\/a>Ante integrantes de la Conatrib, el jurista espa\u00f1ol Baltasar Garz\u00f3n Real plante\u00f3 que M\u00e9xico requiere un Poder Judicial pr\u00f3ximo y preparado cient\u00edficamente.<\/p>\n<p>En la sede del TSJDF, el magistrado El\u00edas Azar dio la bienvenida al jurista y dijo que la justicia es una actividad sobresaliente en el seno de las sociedades modernas, con la que se encaran los verdaderos problemas del hombre y de la sociedad.<\/p><\/blockquote>\n","protected":false},"excerpt":{"rendered":"<p>El presidente de la Comisi\u00f3n Nacional de Tribunales Superiores de Justicia de los Estados Unidos Mexicanos (Conatrib), magistrado Edgar El\u00edas Azar, advirti\u00f3 que ante la reforma penal y los juicios orales es inminente estar preparados, y convoc\u00f3 a todos los operadores del derecho a estudiar, entender y practicar, a fin de fortalecer el nuevo modelo, que tiene como prioridad otorgar seguridad jur\u00eddica basada en los principios de inmediaci\u00f3n, publicidad, contradicci\u00f3n, concentraci\u00f3n y continuidad.<\/p>\n","protected":false},"author":3,"featured_media":240150,"comment_status":"open","ping_status":"open","sticky":false,"template":"","format":"standard","meta":{"_monsterinsights_skip_tracking":false,"_monsterinsights_sitenote_active":false,"_monsterinsights_sitenote_note":"","_monsterinsights_sitenote_category":0,"footnotes":""},"categories":[6],"tags":[204,31311,1925,2942],"class_list":["post-240042","post","type-post","status-publish","format-standard","has-post-thumbnail","hentry","category-cd-de-mexico","tag-ciudad-de-mexico","tag-comision-nacional-de-tribunales-superiores-de-justicia-de-los-estados-unidos-mexicanos","tag-edgar-elias-azar","tag-tribunal-superior-de-justicia-del-distrito-federal"],"_links":{"self":[{"href":"https:\/\/www.diarioimagen.net\/index.php?rest_route=\/wp\/v2\/posts\/240042","targetHints":{"allow":["GET"]}}],"collection":[{"href":"https:\/\/www.diarioimagen.net\/index.php?rest_route=\/wp\/v2\/posts"}],"about":[{"href":"https:\/\/www.diarioimagen.net\/index.php?rest_route=\/wp\/v2\/types\/post"}],"author":[{"embeddable":true,"href":"https:\/\/www.diarioimagen.net\/index.php?rest_route=\/wp\/v2\/users\/3"}],"replies":[{"embeddable":true,"href":"https:\/\/www.diarioimagen.net\/index.php?rest_route=%2Fwp%2Fv2%2Fcomments&post=240042"}],"version-history":[{"count":0,"href":"https:\/\/www.diarioimagen.net\/index.php?rest_route=\/wp\/v2\/posts\/240042\/revisions"}],"wp:featuredmedia":[{"embeddable":true,"href":"https:\/\/www.diarioimagen.net\/index.php?rest_route=\/wp\/v2\/media\/240150"}],"wp:attachment":[{"href":"https:\/\/www.diarioimagen.net\/index.php?rest_route=%2Fwp%2Fv2%2Fmedia&parent=240042"}],"wp:term":[{"taxonomy":"category","embeddable":true,"href":"https:\/\/www.diarioimagen.net\/index.php?rest_route=%2Fwp%2Fv2%2Fcategories&post=240042"},{"taxonomy":"post_tag","embeddable":true,"href":"https:\/\/www.diarioimagen.net\/index.php?rest_route=%2Fwp%2Fv2%2Ftags&post=240042"}],"curies":[{"name":"wp","href":"https:\/\/api.w.org\/{rel}","templated":true}]}}