{"id":240066,"date":"2015-10-27T00:12:38","date_gmt":"2015-10-27T06:12:38","guid":{"rendered":"http:\/\/www.diarioimagen.net\/?p=240066"},"modified":"2015-10-29T02:26:55","modified_gmt":"2015-10-29T08:26:55","slug":"vive-la-intensidad-de-la-formula-1-con-heroes-al-volante-de-alejandro-rosas","status":"publish","type":"post","link":"https:\/\/www.diarioimagen.net\/?p=240066","title":{"rendered":"Vive la intensidad de la F\u00f3rmula 1 con  \u201cH\u00e9roes al volante\u201d de Alejandro Rosas"},"content":{"rendered":"<h2>En la ruta de las letras<\/h2>\n<h5>Patricia Correa<\/h5>\n<p>&nbsp;<\/p>\n<ul>\n<li><em><strong>Publicado por Editorial Planeta<\/strong><\/em><\/li>\n<li><em><strong>El autor platic\u00f3 en exclusiva para <\/strong><\/em><strong>DIARIO IMAGEN<\/strong><\/li>\n<\/ul>\n<div id=\"attachment_240164\" style=\"width: 430px\" class=\"wp-caption aligncenter\"><a href=\"http:\/\/www.diarioimagen.net\/?attachment_id=240164\" rel=\"attachment wp-att-240164\"><img loading=\"lazy\" decoding=\"async\" aria-describedby=\"caption-attachment-240164\" class=\"size-large wp-image-240164\" src=\"http:\/\/www.diarioimagen.net\/wp-content\/uploads\/2015\/10\/en-la-ruta-de-las-letras-2727-420x394.jpg\" alt=\"Alejandro Rosas platica con DIARIO IMAGEN acerca de su ibro \u201cH\u00e9roes al volante\u201d. \/Foto: Cortes\u00eda Editorial Planeta.\" width=\"420\" height=\"394\" srcset=\"https:\/\/www.diarioimagen.net\/wp-content\/uploads\/2015\/10\/en-la-ruta-de-las-letras-2727-420x394.jpg 420w, https:\/\/www.diarioimagen.net\/wp-content\/uploads\/2015\/10\/en-la-ruta-de-las-letras-2727-240x225.jpg 240w, https:\/\/www.diarioimagen.net\/wp-content\/uploads\/2015\/10\/en-la-ruta-de-las-letras-2727.jpg 700w\" sizes=\"auto, (max-width: 420px) 100vw, 420px\" \/><\/a><p id=\"caption-attachment-240164\" class=\"wp-caption-text\">Alejandro Rosas platica con DIARIO IMAGEN acerca de su ibro \u201cH\u00e9roes al volante\u201d. \/Foto: Cortes\u00eda Editorial Planeta.<\/p><\/div>\n<p><strong>-Cu\u00e9ntanos un poco c\u00f3mo decides escribir este libro:<\/strong><\/p>\n<p>\u201cCon este libro me ech\u00e9 una canita al aire, porque yo vengo escribiendo desde hace m\u00e1s de 20 a\u00f1os de historia de M\u00e9xico, de Hidalgo, de Morelos, de la Independencia, la Reforma, la Revoluci\u00f3n, as\u00ed que por un momento dije voy a tomar un respiro y aunque no me alejo de la historia si quise combinar la cr\u00f3nica historia aprovechando que ven\u00eda la F\u00f3rmula 1, premio a M\u00e9xico\u201d.<\/p>\n<p><strong>-El libro es interesante, no s\u00f3lo se trata de la F\u00f3rmula 1, sino vas relatando todos los acontecimientos hist\u00f3ricos en los a\u00f1os que narras en el libro:<\/strong><\/p>\n<p>\u201cExactamente, esa fue la intenci\u00f3n, y por eso me gusta mucho promoverlo en t\u00e9rminos de que es un libro para todo p\u00fablico, porque la gente que ve la portada piensa que me met\u00ed en el deporte, hay gente a la que no le gusta el automovilismo, una F\u00f3rmula 1 y tal vez le parezca poco atractivo el libro, pero es importante hacer hincapi\u00e9 en el sentido de que es m\u00e1s bien la historia cotidiana en M\u00e9xico en dos periodos insertada dentro de lo que fue la F\u00f3rmula 1, entonces te encuentras de los acontecimientos pol\u00edticos, la manera en c\u00f3mo se entreten\u00eda la gente, que estaba de moda, en los anuncios que se ve\u00edan en la televisi\u00f3n, creo que eso te lleva conocer dos pasajes, el del milagro mexicano que es del 62 al 70 la primera etapa de la F\u00f3rmula 1, y luego el de las crisis que del 86 al 92 que es la segunda etapa de la F\u00f3rmula 1 en M\u00e9xico\u201d.<\/p>\n<p><strong>&#8211; \u00bfDe este libro que fue lo que m\u00e1s disfrutaste escribir?<\/strong><\/p>\n<p>\u201cDisfrut\u00e9 much\u00edsimo reconstruir las dos \u00e9pocas a partir de la revisi\u00f3n de la hemerograf\u00eda, es decir, meterme en los peri\u00f3dicos <em>Exc\u00e9lsior<\/em>, <em>El Universal<\/em>, de aquellos a\u00f1os porque luego te das cuenta de muchas cosas, que las declaraciones de los pol\u00edticos siguen siendo iguales, nos preocupaban las mismas cosas, puedo considerarme un fan\u00e1tico absoluto de la F\u00f3rmula 1, he de confesar que yo no conoc\u00eda el detalle cada uno de los premios, y ese es el plus que tiene el libro, hablamos mucho de vida cotidiana, de la cosa anecd\u00f3tica, que creo que puede ser muy amena y entretenida, interesante, divertida para el lector, pero tambi\u00e9n para el lector que busca cosas nada m\u00e1s de la F\u00f3rmula 1 puede saber perfectamente c\u00f3mo se desarroll\u00f3 cada Gran Premio, qui\u00e9n gan\u00f3 los primeros tres lugares, la participaci\u00f3n de los mexicanos que creo que es m\u00e1s que suficiente, porque pensar en haber narrado cada carrera con detalle, porque yo lo estuve leyendo y eso era muy aburrido, creo que lo interesante es como se tejieron historias alrededor de los grandes premios\u201d.<\/p>\n<p><strong>-\u201cSu pasi\u00f3n por el peligro, la velocidad sin m\u00e1s l\u00edmites que la muerte, el \u00e1nimo temerario que los mov\u00eda y el hecho de que sus vidas pendieran de un hilo\u2026\u201d Los pilotos eran considerados como h\u00e9roes mexicanos \u00bfPara ti que significaron los pilotos?:<\/strong><\/p>\n<p>\u201cLa F\u00f3rmula 1 me gusta porque alguien me dijo que era el mejor motor, con el mejor piloto, creo que este asunto de la valent\u00eda, ser temerario, ser audaces, el ser irrespetuoso con la vida, despreciar la muerte y dem\u00e1s hay mucho como esos h\u00e9roes griegos mitol\u00f3gicos que no se deten\u00edan ante nada, yo encuentro ese tipo de personalidades en mucho de los personajes de nuestra historia, para bien y para mal, los que dieron el paso y no les import\u00f3 dejar nada atr\u00e1s, yo creo que por eso me llama tanto la atenci\u00f3n, porque a m\u00ed no me gusta ninguna otra categor\u00eda del automovilismo, la que disfruto y gozo es la F\u00f3rmula 1, pero no s\u00e9 nada de coches y lo vez en el libro, no hablo de la caja de velocidades, ni del carburador, o el motor, no tengo idea de eso, sino mas bien es la propia naturaleza humana que me gusta de la competencia y este arriesgue de j\u00f3venes que no llegan ni a 30 a\u00f1os\u201d, concluy\u00f3.<\/p>\n<p><i><a href=\"mailto:patolina22@hotmail.com\" target=\"_blank\">patolina22@hotmail.com<\/a><\/i><\/p>\n","protected":false},"excerpt":{"rendered":"<p><span style=\"color: #005497;\"><strong>Patricia Correa<\/strong><\/span><br \/>\n<br \/>\n\u201cCon este libro me ech\u00e9 una canita al aire, porque yo vengo escribiendo desde hace m\u00e1s de 20 a\u00f1os de historia de M\u00e9xico, de Hidalgo, de Morelos, de la Independencia, la Reforma, la Revoluci\u00f3n, as\u00ed que por un momento dije voy a tomar un respiro y aunque no me alejo de la historia si quise combinar la cr\u00f3nica historia aprovechando que ven\u00eda la F\u00f3rmula 1, premio a M\u00e9xico\u201d.<\/p>\n","protected":false},"author":3,"featured_media":240164,"comment_status":"open","ping_status":"open","sticky":false,"template":"","format":"standard","meta":{"_monsterinsights_skip_tracking":false,"_monsterinsights_sitenote_active":false,"_monsterinsights_sitenote_note":"","_monsterinsights_sitenote_category":0,"footnotes":""},"categories":[156],"tags":[43685,31104,2315,43674,11392],"class_list":["post-240066","post","type-post","status-publish","format-standard","has-post-thumbnail","hentry","category-cultura","tag-cultura","tag-en-la-ruta-de-las-letras","tag-formula-1","tag-opinion","tag-patricia-correa"],"_links":{"self":[{"href":"https:\/\/www.diarioimagen.net\/index.php?rest_route=\/wp\/v2\/posts\/240066","targetHints":{"allow":["GET"]}}],"collection":[{"href":"https:\/\/www.diarioimagen.net\/index.php?rest_route=\/wp\/v2\/posts"}],"about":[{"href":"https:\/\/www.diarioimagen.net\/index.php?rest_route=\/wp\/v2\/types\/post"}],"author":[{"embeddable":true,"href":"https:\/\/www.diarioimagen.net\/index.php?rest_route=\/wp\/v2\/users\/3"}],"replies":[{"embeddable":true,"href":"https:\/\/www.diarioimagen.net\/index.php?rest_route=%2Fwp%2Fv2%2Fcomments&post=240066"}],"version-history":[{"count":0,"href":"https:\/\/www.diarioimagen.net\/index.php?rest_route=\/wp\/v2\/posts\/240066\/revisions"}],"wp:featuredmedia":[{"embeddable":true,"href":"https:\/\/www.diarioimagen.net\/index.php?rest_route=\/wp\/v2\/media\/240164"}],"wp:attachment":[{"href":"https:\/\/www.diarioimagen.net\/index.php?rest_route=%2Fwp%2Fv2%2Fmedia&parent=240066"}],"wp:term":[{"taxonomy":"category","embeddable":true,"href":"https:\/\/www.diarioimagen.net\/index.php?rest_route=%2Fwp%2Fv2%2Fcategories&post=240066"},{"taxonomy":"post_tag","embeddable":true,"href":"https:\/\/www.diarioimagen.net\/index.php?rest_route=%2Fwp%2Fv2%2Ftags&post=240066"}],"curies":[{"name":"wp","href":"https:\/\/api.w.org\/{rel}","templated":true}]}}