{"id":240086,"date":"2015-10-27T00:02:11","date_gmt":"2015-10-27T06:02:11","guid":{"rendered":"http:\/\/www.diarioimagen.net\/?p=240086"},"modified":"2015-10-27T03:26:50","modified_gmt":"2015-10-27T09:26:50","slug":"tiburones-enquistados-en-la-unam-buscan-rectoria","status":"publish","type":"post","link":"https:\/\/www.diarioimagen.net\/?p=240086","title":{"rendered":"Tiburones enquistados en la UNAM buscan rector\u00eda"},"content":{"rendered":"<h2>Poder y dinero<\/h2>\n<h5>V\u00edctor S\u00e1nchez Ba\u00f1os<\/h5>\n<p>&nbsp;<\/p>\n<p style=\"text-align: right;\"><em>No existe la guerra inevitable. Si llega, es por fallo del hombre.<br \/>\n<strong>Andrew Bonar Law (1858-1923) Pol\u00edtico ingl\u00e9s.<\/strong><\/em><\/p>\n<p>Realmente, la mayor\u00eda de los aspirantes a la rector\u00eda de la UNAM, son respetados en la academia y la investigaci\u00f3n. Tienen las mejores credenciales de pulcritud en su vida profesional, en la c\u00e1tedra y en la administraci\u00f3n del patrimonio universitario.<\/p>\n<p>La elecci\u00f3n del rector es muy importante, no s\u00f3lo por el presupuesto de casi 40 mil millones de pesos, cada vez menor debido a los recortes que dirige la Secretar\u00eda de Hacienda. Este a\u00f1o increment\u00f3 s\u00f3lo el 1.3% a petici\u00f3n del todav\u00eda rector Jos\u00e9 Narro.<\/p>\n<p>La rectitud, reconocimiento p\u00fablico de su honestidad y honradez, son los valores elementales para un rector. No s\u00f3lo ser pol\u00edtico o miembro de las \u00e9lites de poder interno, enquistadas desde hace muchos lustros. Rectores pol\u00edticos, rectores de los que debemos desconfiar.<\/p>\n<p>Hoy, les platicar\u00e9 de uno de esos aspirantes, de quien hab\u00edamos hablado hace varios meses sobre su nefasto paso por la Facultad de Odontolog\u00eda y en su actual posici\u00f3n, protegido por Narro Robles en la direcci\u00f3n de la FES de Le\u00f3n, Guanajuato.<\/p>\n<p>Se trata de Javier de la Fuente, quien sin hacer ruido cuenta con los apoyos econ\u00f3micos y pol\u00edticos del rector, a quien el aspirante lo califica como su \u201camigo personal\u201d.<\/p>\n<p>En una negociaci\u00f3n secreta, entre Narro, De la Fuente y el l\u00edder del STUNAM, Agust\u00edn Rodr\u00edguez Fuentes, a fin de mantener intocables los cotos de poder de esa organizaci\u00f3n gremial en las facultades de Filosof\u00eda, Ciencias Pol\u00edticas y Econom\u00eda, donde personas fuera de la comunidad universitaria han convertido las instalaciones en su vivienda y que protegen a delincuentes que asolan a estudiantes, trabajadores y maestros.<\/p>\n<p>Agust\u00edn Rodr\u00edguez, a trav\u00e9s de los trabajadores administrativos amenazan con cerrar las instalaciones de CU si llega Sergio Alcocer, con el fin de espantar a los 15 miembros de la Junta de Gobierno de la UNAM y ceder a las presiones del STUNAM.<\/p>\n<p>En este espacio, estimado lector, te inform\u00e9 de infinidad de manejos financieros sucios en el paso de De la Fuente por Odontolog\u00eda, donde vend\u00eda todo. Desde materiales hasta consultas. Googlea el tema y ah\u00ed encontrar\u00e1s mis comentaros que no fueron desmentidos.<\/p>\n<p>Los lazos entre De la Fuente y el STUNAM nacen en la protecci\u00f3n que les brind\u00f3 a nombre de Narro, al viejo l\u00edder al estilo estalinista, Agust\u00edn Rodr\u00edguez; su hermano Pedro Rodr\u00edguez y Ernesto Cruz (representante general de conflictos acad\u00e9micos del STUNAM), quienes tienen sus plazas en la Facultad de Odontolog\u00eda.<\/p>\n<p>Narro, con la astucia de cualquier pol\u00edtico pri\u00edsta, desv\u00eda la atenci\u00f3n sobre Sergio Alcocer, quien ten\u00eda como asesor cuando era subsecretario de Relaciones Exteriores, al hijo del rector. En realidad, eso es una nimiedad, ante su verdadero inter\u00e9s pol\u00edtico: llevar a Javier de la Fuente Hern\u00e1ndez a la rector\u00eda. Si la UNAM va cuesta abajo en lo acad\u00e9mico y su prestigio internacional, con este tipo de alianzas abandonar\u00edamos a la \u201cm\u00e1xima casa de estudios\u201d en manos de las mafias que la han hundido.<\/p>\n<p><strong>PODEROSOS CABALLEROS<\/strong>.- La semana pasada estuvo a revisi\u00f3n la construcci\u00f3n del segundo piso de la autopista M\u00e9xico-Puebla. El secretario de SCT, Gerardo Ruiz Esparza y el subsecretario de Infraestructura, Ra\u00fal Murrieta Cummings, se reunieron con el gobernador poblano, Rafael Moreno Valle, a fin de ver los avances. El gobernador, se menciona, se quej\u00f3 del poco apoyo para terminar una primera etapa en su administraci\u00f3n. *** Senadores de la Comisi\u00f3n de Turismo, encabezados por F\u00e9lix Gonz\u00e1lez Canto, pide una revisi\u00f3n de los Pueblos M\u00e1gicos para conocer cu\u00e1les han dejado de cumplir los requisitos de ley y desincorporarlos. Elaboran una lista que lo tomar\u00e1n como punto de acuerdo, ante la falta de vigilancia de la Secretar\u00eda de Turismo en ese sector. *** Dos accidentes de aviaci\u00f3n ocurrieron la semana pasada: en uno muri\u00f3 el delegado en Tlaxcala de SER, Joaqu\u00edn Cisneros, sobrino de la senadora Lorena Cu\u00e9llar y la muerte del ex diputado y aspirante a la candidatura al gobierno de Zacatecas, Tom\u00e1s Torres Mercado.<\/p>\n<p><strong>RESPONSABILIDAD SOCIAL CORPORATIVA<\/strong>.- En octubre del a\u00f1o pasado, Gillette, marca de P&amp;G, que lidera Tom\u00e1s Varela, anunci\u00f3 su apoyo a la Fundaci\u00f3n FC Barcelona, para llevar a cabo el programa FutbolNet, implementado en M\u00e9xico a trav\u00e9s de la Fundaci\u00f3n Rafa M\u00e1rquez. FutbolNet cerr\u00f3 el primer semestre del a\u00f1o beneficiando a 1,284 ni\u00f1os mexicanos en Jalisco.<\/p>\n<p><a href=\"mailto:vsanchezb@gmail.com\" target=\"_blank\"><em>vsanchezb@gmail.com<\/em><\/a><\/p>\n<p><em>Twitter, Facebook y Printerest:<strong> vsanchezbano<\/strong><\/em><\/p>\n","protected":false},"excerpt":{"rendered":"<p><span style=\"color: #005497;\"><strong>V\u00edctor S\u00e1nchez Ba\u00f1os<\/strong><\/span><\/p>\n","protected":false},"author":3,"featured_media":0,"comment_status":"open","ping_status":"open","sticky":false,"template":"","format":"standard","meta":{"_monsterinsights_skip_tracking":false,"_monsterinsights_sitenote_active":false,"_monsterinsights_sitenote_note":"","_monsterinsights_sitenote_category":0,"footnotes":""},"categories":[38844],"tags":[43674,38847,38848],"class_list":["post-240086","post","type-post","status-publish","format-standard","hentry","category-victor-sanchez-banos","tag-opinion","tag-poder-y-dinero","tag-victor-sanchez-banos"],"_links":{"self":[{"href":"https:\/\/www.diarioimagen.net\/index.php?rest_route=\/wp\/v2\/posts\/240086","targetHints":{"allow":["GET"]}}],"collection":[{"href":"https:\/\/www.diarioimagen.net\/index.php?rest_route=\/wp\/v2\/posts"}],"about":[{"href":"https:\/\/www.diarioimagen.net\/index.php?rest_route=\/wp\/v2\/types\/post"}],"author":[{"embeddable":true,"href":"https:\/\/www.diarioimagen.net\/index.php?rest_route=\/wp\/v2\/users\/3"}],"replies":[{"embeddable":true,"href":"https:\/\/www.diarioimagen.net\/index.php?rest_route=%2Fwp%2Fv2%2Fcomments&post=240086"}],"version-history":[{"count":0,"href":"https:\/\/www.diarioimagen.net\/index.php?rest_route=\/wp\/v2\/posts\/240086\/revisions"}],"wp:attachment":[{"href":"https:\/\/www.diarioimagen.net\/index.php?rest_route=%2Fwp%2Fv2%2Fmedia&parent=240086"}],"wp:term":[{"taxonomy":"category","embeddable":true,"href":"https:\/\/www.diarioimagen.net\/index.php?rest_route=%2Fwp%2Fv2%2Fcategories&post=240086"},{"taxonomy":"post_tag","embeddable":true,"href":"https:\/\/www.diarioimagen.net\/index.php?rest_route=%2Fwp%2Fv2%2Ftags&post=240086"}],"curies":[{"name":"wp","href":"https:\/\/api.w.org\/{rel}","templated":true}]}}