{"id":240089,"date":"2015-10-27T00:03:51","date_gmt":"2015-10-27T06:03:51","guid":{"rendered":"http:\/\/www.diarioimagen.net\/?p=240089"},"modified":"2015-10-27T03:28:25","modified_gmt":"2015-10-27T09:28:25","slug":"fe-y-energia-positiva","status":"publish","type":"post","link":"https:\/\/www.diarioimagen.net\/?p=240089","title":{"rendered":"Fe y energ\u00eda positiva"},"content":{"rendered":"<h2>Desde el portal<\/h2>\n<h5>\u00c1ngel Soriano<\/h5>\n<p>&nbsp;<\/p>\n<p>En El Para\u00edso, Colima, el presidente Enrique Pe\u00f1a Nieto hizo una evaluaci\u00f3n de los da\u00f1os materiales que dej\u00f3 en Michoac\u00e1n, Jalisco y Nayarit el hurac\u00e1n \u201cPatricia\u201d, dej\u00f3 a la ciencia explicar qu\u00e9 ocurri\u00f3 con el fen\u00f3meno que era considerado el m\u00e1s peligroso en los \u00faltimos tiempos y que, afortunadamente, no caus\u00f3 mayores estragos en nuestro pa\u00eds.<\/p>\n<p>Ahora en Guadalajara, Jalisco, -donde toc\u00f3 tierra el hurac\u00e1n y baj\u00f3 su intensidad- como tambi\u00e9n lo ha hecho en otros eventos, la unidad de la sociedad mexicana y su apoyo a las recomendaciones de las autoridades dieron como resultado que tras el paso del hurac\u00e1n \u2018Patricia\u2019, se registrara saldo blanco.<\/p>\n<p>Al inaugurar la 13 edici\u00f3n de la Cumbre de Negocios \u201cInnovaci\u00f3n: Motor del Desarrollo Econ\u00f3mico\u201d en Guadalajara, Jalisco, reiter\u00f3 su reconocimiento al pueblo de M\u00e9xico ante este fen\u00f3meno meteorol\u00f3gico cuyos pron\u00f3sticos no eran nada alentadores.<\/p>\n<p>\u201cEl embate de este hurac\u00e1n convoc\u00f3 a la unidad de todos los mexicanos, cerramos filas, hubo energ\u00eda positiva. El tener un saldo blanco ante el impacto de este hurac\u00e1n se debe a la fe del pueblo de M\u00e9xico\u201d.<\/p>\n<p>Ante las autoridades, dirigentes de asociaciones econ\u00f3micas y empresarios mundiales, Pe\u00f1a Nieto destac\u00f3 la planeaci\u00f3n y operativos de prevenci\u00f3n para hacer frente al que se consider\u00f3 el hurac\u00e1n m\u00e1s poderoso de la historia.<\/p>\n<p>Sin duda hay motivos para congratularnos pues en la historia de la humanidad se ha demostrado que nada ni nadie puede contra el poder de la naturaleza.<\/p>\n<p style=\"text-align: center;\"><strong>TURBULENCIAS<br \/>\nOsorio Chong: Basta de ataques<\/strong><\/p>\n<p>El secretario de Gobernaci\u00f3n, <strong>Miguel \u00c1ngel Osorio Chong<\/strong>, dio una contundente respuesta a quienes se\u00f1alan al Estado mexicano como responsable de la desaparici\u00f3n de los 43 normalistas y dijo que si los expertos independientes no creen en la indagatoria oficial, que demuestren c\u00f3mo fue que desaparecieron los j\u00f3venes y que ocurri\u00f3 en Iguala la noche del 26 de septiembre.<\/p>\n<p>A m\u00e1s de un a\u00f1o de los lamentables sucesos, todo mundo tiene su versi\u00f3n\u2026Igualmente rechaz\u00f3 que agentes estadunidenses participen en la b\u00fasqueda del Chapo Guzm\u00e1n y ofreci\u00f3 que as\u00ed como se le recaptur\u00f3 una vez, suceder\u00e1 otra; escap\u00f3 de la c\u00e1rcel, indic\u00f3, pero no escapar\u00e1 de la autoridad\u2026El presidente de la Comisi\u00f3n de Desarrollo Metropolitano de la C\u00e1mara de Diputados, <strong>Salvador Zamora Zamora<\/strong>, inform\u00f3 que se declararon en sesi\u00f3n permanente para recibir todas las solicitudes de gesti\u00f3n de proyectos para incluirlos en el presupuesto del 2016, pues el plazo vence ma\u00f1ana; actualmente se mantiene el mismo presupuesto de 2015 de 10 mil 400 millones de pesos pero hay diputados que desean desarrollar zonas metropolitanas en sus distritos, indic\u00f3\u2026El movimiento \u201cEl Campo es de Todos\u201d anunci\u00f3 su Jornada Nacional de Lucha Campesina Permanente con una movilizaci\u00f3n pac\u00edfica los d\u00edas 9 y 10 de noviembre en tanto realizar\u00e1 encuentros con representantes del Poder Ejecutivo y Legislativo para impulsar una reforma al campo. Los l\u00edderes Max Correa Hern\u00e1ndez, Francisco Jim\u00e9nez Pablo, David Contreras y Javier Eduardo L\u00f3pez Mac\u00edas, de la CCC, CNPA MN, Redsoc y UNIMOSS, dijeron que es importante la reforma al campo para poder reactivar el mercado interno o de lo contrario la econom\u00eda nacional se mantendr\u00e1 en crisis&#8230;Al presidir la sesi\u00f3n ordinaria del Consejo de Coordinaci\u00f3n para la Implementaci\u00f3n del Sistema Acusatorio en Oaxaca, el gobernador <strong>Gabino Cue<\/strong> inform\u00f3 que los 10 centros de justicia que se construyen en la entidad, tienen un avance f\u00edsico del 40% y se cumplir\u00e1 en tiempo para que este novedoso sistema de justicia opere en el estado\u2026<\/p>\n<p><em><a href=\"http:\/\/www.revista-brecha.com\/\" target=\"_blank\">www.revista-brecha.com<br \/>\n<\/a><a href=\"mailto:vidanacional@yahoo.com.mx\" target=\"_blank\">vidanacional@yahoo.com.mx<\/a><\/em><\/p>\n","protected":false},"excerpt":{"rendered":"<p><span style=\"color: #005497;\"><strong>\u00c1ngel Soriano<\/strong><\/span><\/p>\n","protected":false},"author":3,"featured_media":0,"comment_status":"open","ping_status":"open","sticky":false,"template":"","format":"standard","meta":{"_monsterinsights_skip_tracking":false,"_monsterinsights_sitenote_active":false,"_monsterinsights_sitenote_note":"","_monsterinsights_sitenote_category":0,"footnotes":""},"categories":[135],"tags":[85,86,43674],"class_list":["post-240089","post","type-post","status-publish","format-standard","hentry","category-angel-soriano-opinion","tag-angel-soriano","tag-desde-el-portal","tag-opinion"],"_links":{"self":[{"href":"https:\/\/www.diarioimagen.net\/index.php?rest_route=\/wp\/v2\/posts\/240089","targetHints":{"allow":["GET"]}}],"collection":[{"href":"https:\/\/www.diarioimagen.net\/index.php?rest_route=\/wp\/v2\/posts"}],"about":[{"href":"https:\/\/www.diarioimagen.net\/index.php?rest_route=\/wp\/v2\/types\/post"}],"author":[{"embeddable":true,"href":"https:\/\/www.diarioimagen.net\/index.php?rest_route=\/wp\/v2\/users\/3"}],"replies":[{"embeddable":true,"href":"https:\/\/www.diarioimagen.net\/index.php?rest_route=%2Fwp%2Fv2%2Fcomments&post=240089"}],"version-history":[{"count":0,"href":"https:\/\/www.diarioimagen.net\/index.php?rest_route=\/wp\/v2\/posts\/240089\/revisions"}],"wp:attachment":[{"href":"https:\/\/www.diarioimagen.net\/index.php?rest_route=%2Fwp%2Fv2%2Fmedia&parent=240089"}],"wp:term":[{"taxonomy":"category","embeddable":true,"href":"https:\/\/www.diarioimagen.net\/index.php?rest_route=%2Fwp%2Fv2%2Fcategories&post=240089"},{"taxonomy":"post_tag","embeddable":true,"href":"https:\/\/www.diarioimagen.net\/index.php?rest_route=%2Fwp%2Fv2%2Ftags&post=240089"}],"curies":[{"name":"wp","href":"https:\/\/api.w.org\/{rel}","templated":true}]}}