{"id":240173,"date":"2015-10-28T00:06:07","date_gmt":"2015-10-28T06:06:07","guid":{"rendered":"http:\/\/www.diarioimagen.net\/?p=240173"},"modified":"2015-10-28T01:21:11","modified_gmt":"2015-10-28T07:21:11","slug":"reservas-internacionales-ascienden-a-176-mil-978-mdd","status":"publish","type":"post","link":"https:\/\/www.diarioimagen.net\/?p=240173","title":{"rendered":"Reservas suman 176 mil 978 mdd"},"content":{"rendered":"<ul>\n<li><strong><em>Contin\u00faan a la baja<\/em><\/strong><\/li>\n<\/ul>\n<div id=\"attachment_240174\" style=\"width: 430px\" class=\"wp-caption aligncenter\"><a href=\"http:\/\/www.diarioimagen.net\/?attachment_id=240174\" rel=\"attachment wp-att-240174\"><img loading=\"lazy\" decoding=\"async\" aria-describedby=\"caption-attachment-240174\" class=\"wp-image-240174 size-large\" src=\"http:\/\/www.diarioimagen.net\/wp-content\/uploads\/2015\/10\/RESERVAS-portal-420x245.jpg\" alt=\"Las reservas internacionales de M\u00e9xico presentan una disminuci\u00f3n acumulada de 16 mil 261 millones de d\u00f3lares.\" width=\"420\" height=\"245\" srcset=\"https:\/\/www.diarioimagen.net\/wp-content\/uploads\/2015\/10\/RESERVAS-portal-420x245.jpg 420w, https:\/\/www.diarioimagen.net\/wp-content\/uploads\/2015\/10\/RESERVAS-portal-240x140.jpg 240w, https:\/\/www.diarioimagen.net\/wp-content\/uploads\/2015\/10\/RESERVAS-portal.jpg 480w\" sizes=\"auto, (max-width: 420px) 100vw, 420px\" \/><\/a><p id=\"caption-attachment-240174\" class=\"wp-caption-text\">Las reservas internacionales de M\u00e9xico presentan una disminuci\u00f3n acumulada de 16 mil 261 millones de d\u00f3lares.<\/p><\/div>\n<p>El saldo de las reservas internacionales del pa\u00eds ascendi\u00f3 a 176 mil 978 millones de d\u00f3lares al pasado 23 de octubre, lo que signific\u00f3 una reducci\u00f3n semanal de mil 242 millones de d\u00f3lares.<\/p>\n<p>En su estado de cuenta semanal, explica el Banco de M\u00e9xico (Banxico) que esta baja semanal, la d\u00e9cimo segunda consecutiva, se debi\u00f3 a una reducci\u00f3n de mil millones de d\u00f3lares por la asignaci\u00f3n en las subastas diarias de d\u00f3lares sin precio m\u00ednimo.<\/p>\n<p>Asimismo, abunda, por una reducci\u00f3n de 242 millones de d\u00f3lares debido principalmente al cambio en la valuaci\u00f3n de los activos internacionales del instituto central.<\/p>\n<p>Detalla que las reservas internacionales de M\u00e9xico presentan una disminuci\u00f3n acumulada de 16 mil 261 millones de d\u00f3lares respecto al cierre de 2014, cuando se ubicaron en 193 mil 239 millones de d\u00f3lares.<\/p>\n<p>En cuanto a la base monetaria (billetes y monedas y dep\u00f3sitos bancarios en cuenta corriente en el Banxico), precisa que \u00e9sta disminuy\u00f3 11 mil 080 millones de pesos, para alcanzar un saldo de un bill\u00f3n 073 mil 077 millones de pesos, cifra que implic\u00f3 una variaci\u00f3n anual de 21.1 por ciento.<\/p>\n<p>El banco central indica que la cifra alcanzada por la base monetaria al 23 de octubre signific\u00f3 un aumento de 10 mil 184 millones de pesos en lo que va del a\u00f1o, comportamiento congruente con el patr\u00f3n estacional de la demanda por base monetaria.<\/p>\n<p>Ello, anota, considerando el efecto temporal asociado a la celebraci\u00f3n de elecciones en el pa\u00eds, algunos efectos remanentes de la reforma hacendaria y otros cambios en el uso de medios de pago, cuyos impactos en las tasas de crecimiento anual se deber\u00edan ir diluyendo a lo largo del tiempo, a\u00f1adi\u00f3.<\/p>\n<p>El Banxico tambi\u00e9n da a conocer que en la semana que termin\u00f3 el 23 de octubre realiz\u00f3 operaciones de mercado abierto con instituciones bancarias para compensar una contracci\u00f3n neta de la liquidez por 147 mil 884 millones de pesos.<\/p>\n<p>Explica que lo anterior fue resultado de una contracci\u00f3n debido al dep\u00f3sito de recursos en la cuenta de la Tesorer\u00eda de la Federaci\u00f3n y otras operaciones por 142 mil 469 millones de pesos.<\/p>\n<p>Adem\u00e1s, por una contracci\u00f3n debido a la liquidaci\u00f3n de d\u00f3lares vendidos al mercado a trav\u00e9s de las subastas diarias por el equivalente a 16 mil 495 millones de pesos, y una expansi\u00f3n por 11 mil 080 millones de pesos debido a una menor demanda por billetes y monedas por parte del p\u00fablico.<\/p>\n","protected":false},"excerpt":{"rendered":"<p>El saldo de las reservas internacionales del pa\u00eds ascendi\u00f3 a 176 mil 978 millones de d\u00f3lares al pasado 23 de octubre, lo que signific\u00f3 una reducci\u00f3n semanal de mil 242 millones de d\u00f3lares.<\/p>\n","protected":false},"author":5,"featured_media":240174,"comment_status":"open","ping_status":"open","sticky":false,"template":"","format":"standard","meta":{"_monsterinsights_skip_tracking":false,"_monsterinsights_sitenote_active":false,"_monsterinsights_sitenote_note":"","_monsterinsights_sitenote_category":0,"footnotes":""},"categories":[25512],"tags":[1520,36792,1519,43678,43673,29405],"class_list":["post-240173","post","type-post","status-publish","format-standard","has-post-thumbnail","hentry","category-nacional-nacional","tag-banco-de-mexico","tag-banco-de-mexico-banxico","tag-banxico","tag-finanzas","tag-nacional","tag-reservas"],"_links":{"self":[{"href":"https:\/\/www.diarioimagen.net\/index.php?rest_route=\/wp\/v2\/posts\/240173","targetHints":{"allow":["GET"]}}],"collection":[{"href":"https:\/\/www.diarioimagen.net\/index.php?rest_route=\/wp\/v2\/posts"}],"about":[{"href":"https:\/\/www.diarioimagen.net\/index.php?rest_route=\/wp\/v2\/types\/post"}],"author":[{"embeddable":true,"href":"https:\/\/www.diarioimagen.net\/index.php?rest_route=\/wp\/v2\/users\/5"}],"replies":[{"embeddable":true,"href":"https:\/\/www.diarioimagen.net\/index.php?rest_route=%2Fwp%2Fv2%2Fcomments&post=240173"}],"version-history":[{"count":0,"href":"https:\/\/www.diarioimagen.net\/index.php?rest_route=\/wp\/v2\/posts\/240173\/revisions"}],"wp:featuredmedia":[{"embeddable":true,"href":"https:\/\/www.diarioimagen.net\/index.php?rest_route=\/wp\/v2\/media\/240174"}],"wp:attachment":[{"href":"https:\/\/www.diarioimagen.net\/index.php?rest_route=%2Fwp%2Fv2%2Fmedia&parent=240173"}],"wp:term":[{"taxonomy":"category","embeddable":true,"href":"https:\/\/www.diarioimagen.net\/index.php?rest_route=%2Fwp%2Fv2%2Fcategories&post=240173"},{"taxonomy":"post_tag","embeddable":true,"href":"https:\/\/www.diarioimagen.net\/index.php?rest_route=%2Fwp%2Fv2%2Ftags&post=240173"}],"curies":[{"name":"wp","href":"https:\/\/api.w.org\/{rel}","templated":true}]}}