{"id":240185,"date":"2015-10-28T00:04:00","date_gmt":"2015-10-28T06:04:00","guid":{"rendered":"http:\/\/www.diarioimagen.net\/?p=240185"},"modified":"2015-10-28T23:13:02","modified_gmt":"2015-10-29T05:13:02","slug":"estamos-listos-para-uso-de-mariguana-en-medicina-gdf","status":"publish","type":"post","link":"https:\/\/www.diarioimagen.net\/?p=240185","title":{"rendered":"Estamos listos para uso de mariguana en medicina: GDF"},"content":{"rendered":"<ul>\n<li><strong><em>Se pronuncia Mancera por abrir el di\u00e1logo<\/em><\/strong><\/li>\n<\/ul>\n<div id=\"attachment_240186\" style=\"width: 430px\" class=\"wp-caption aligncenter\"><a href=\"http:\/\/www.diarioimagen.net\/?attachment_id=240186\" rel=\"attachment wp-att-240186\"><img loading=\"lazy\" decoding=\"async\" aria-describedby=\"caption-attachment-240186\" class=\"wp-image-240186 size-large\" src=\"http:\/\/www.diarioimagen.net\/wp-content\/uploads\/2015\/10\/MARIGUANA28-420x251.jpg\" alt=\"Miguel \u00c1ngel mancera se pronunci\u00f3 por abrir el di\u00e1logo sobre el uso l\u00fadico y medicinal de la mariguana.\" width=\"420\" height=\"251\" srcset=\"https:\/\/www.diarioimagen.net\/wp-content\/uploads\/2015\/10\/MARIGUANA28-420x251.jpg 420w, https:\/\/www.diarioimagen.net\/wp-content\/uploads\/2015\/10\/MARIGUANA28-240x143.jpg 240w\" sizes=\"auto, (max-width: 420px) 100vw, 420px\" \/><\/a><p id=\"caption-attachment-240186\" class=\"wp-caption-text\">Miguel \u00c1ngel Mancera se pronunci\u00f3 por abrir el di\u00e1logo sobre el uso l\u00fadico y medicinal de la mariguana.<\/p><\/div>\n<p>El jefe de gobierno del Distrito Federal, Miguel \u00c1ngel Mancera, se pronunci\u00f3 por abrir el di\u00e1logo sobre el uso l\u00fadico y recreativo de la mariguana y afirm\u00f3 que la capital del pa\u00eds est\u00e1 lista para su utilizaci\u00f3n en el campo de la medicina.<\/p>\n<p>Insisti\u00f3 que \u201cva a ser un parteaguas, ma\u00f1ana, esta determinaci\u00f3n de la Suprema Corte de Justicia de la Naci\u00f3n (SCJN), y que no se debe rehusar el debate. Creo que la C\u00e1mara de Diputados debe participar en esto y el trabajo que se hizo desde la ciudad de M\u00e9xico est\u00e1 listo y nosotros lo aportar\u00edamos\u201d.<\/p>\n<p>El jefe del gobierno capitalino dijo que \u201cesta determinaci\u00f3n de la Corte puede ma\u00f1ana ser un generador para que se vuelva a abrir el debate sobre el tema de la mariguana.<\/p>\n<p>\u201cA m\u00ed, se me hace que cada vez m\u00e1s se ha venido analizando en el tema, los efectos curativos; es decir, yo insisto en la parte m\u00e9dica, no tendr\u00edamos ning\u00fan obst\u00e1culo para que se pudiera trabajar\u201d.<\/p>\n<p>S\u00f3lo ser\u00eda para el uso m\u00e9dico, reiter\u00f3, \u201cporque en el caso del aspecto l\u00fadico y de entretenimiento, habr\u00eda que instrumentarlo y revisar como autoridad el aspecto de la violaci\u00f3n de los derechos individuales de quienes la utilicen con este fin\u201d.<\/p>\n<p>Se\u00f1al\u00f3 que si este mi\u00e9rcoles la Suprema Corte determina otorgar el amparo a quienes piden la autorizaci\u00f3n para el uso personal de la mariguana, ser\u00e1 indispensable revisar los actuales articulados en el sistema de salud que en este momento la proh\u00edben.<\/p>\n<p>El mandatario capitalino insisti\u00f3 en que en el Distrito Federal no tendr\u00edan ning\u00fan obst\u00e1culo para que se pudiera trabajar.<\/p>\n<p>\u201cSigo insistiendo que se tiene que abrir este debate. Cu\u00e1les son los escenarios: Si ma\u00f1ana la Corte determina otorgar el amparo y protecci\u00f3n a este club, es indispensable porque se declarar\u00eda inconstitucional alg\u00fan articulado de la ley de salud, que se proceda al debate.<\/p>\n<p>\u201cSi la Corte se pronuncia sobre la afectaci\u00f3n de los derechos humanos, es obligaci\u00f3n de nosotros que lo trabajemos y que lo podamos discutir; pero hay un gran avance en la parte m\u00e9dica y con la parte curativa es obligatorio, si se declara inconstitucional, que se haga una revisi\u00f3n de la ley\u201d, expuso Mancera.<\/p>\n<p style=\"text-align: center;\"><strong>No es mejor que los f\u00e1rmacos: Mondrag\u00f3n <\/strong><\/p>\n<p>El titular de la Comisi\u00f3n Nacional contra las Adicciones (Conadic), Manuel Mondrag\u00f3n y Kalb, descalific\u00f3 las propuestas de algunos sectores que piden legalizar el consumo de la mariguana, y aclar\u00f3 que el uso de esta droga no es mejor que las medicinas para el tratamiento de algunas enfermedades.<\/p>\n<p>Indic\u00f3 que para reducir la incidencia en el consumo de sustancias adictivas legales o ilegales, adem\u00e1s de cero tolerancia a quienes violen las normas, es fundamental la participaci\u00f3n social y gubernamental.<\/p>\n","protected":false},"excerpt":{"rendered":"<p>El jefe de gobierno del Distrito Federal, Miguel \u00c1ngel Mancera, se pronunci\u00f3 por abrir el di\u00e1logo sobre el uso l\u00fadico y recreativo de la mariguana y afirm\u00f3 que la capital del pa\u00eds est\u00e1 lista para su utilizaci\u00f3n en el campo de la medicina.<\/p>\n","protected":false},"author":5,"featured_media":240186,"comment_status":"open","ping_status":"open","sticky":false,"template":"","format":"standard","meta":{"_monsterinsights_skip_tracking":false,"_monsterinsights_sitenote_active":false,"_monsterinsights_sitenote_note":"","_monsterinsights_sitenote_category":0,"footnotes":""},"categories":[6],"tags":[13751,39,12098,43691,1129,6895,5314,45752],"class_list":["post-240185","post","type-post","status-publish","format-standard","has-post-thumbnail","hentry","category-cd-de-mexico","tag-debate","tag-distrito-federal","tag-droga","tag-gdf","tag-mariguana","tag-medicina","tag-miguel-angel-mancera-espinosa","tag-uso"],"_links":{"self":[{"href":"https:\/\/www.diarioimagen.net\/index.php?rest_route=\/wp\/v2\/posts\/240185","targetHints":{"allow":["GET"]}}],"collection":[{"href":"https:\/\/www.diarioimagen.net\/index.php?rest_route=\/wp\/v2\/posts"}],"about":[{"href":"https:\/\/www.diarioimagen.net\/index.php?rest_route=\/wp\/v2\/types\/post"}],"author":[{"embeddable":true,"href":"https:\/\/www.diarioimagen.net\/index.php?rest_route=\/wp\/v2\/users\/5"}],"replies":[{"embeddable":true,"href":"https:\/\/www.diarioimagen.net\/index.php?rest_route=%2Fwp%2Fv2%2Fcomments&post=240185"}],"version-history":[{"count":0,"href":"https:\/\/www.diarioimagen.net\/index.php?rest_route=\/wp\/v2\/posts\/240185\/revisions"}],"wp:featuredmedia":[{"embeddable":true,"href":"https:\/\/www.diarioimagen.net\/index.php?rest_route=\/wp\/v2\/media\/240186"}],"wp:attachment":[{"href":"https:\/\/www.diarioimagen.net\/index.php?rest_route=%2Fwp%2Fv2%2Fmedia&parent=240185"}],"wp:term":[{"taxonomy":"category","embeddable":true,"href":"https:\/\/www.diarioimagen.net\/index.php?rest_route=%2Fwp%2Fv2%2Fcategories&post=240185"},{"taxonomy":"post_tag","embeddable":true,"href":"https:\/\/www.diarioimagen.net\/index.php?rest_route=%2Fwp%2Fv2%2Ftags&post=240185"}],"curies":[{"name":"wp","href":"https:\/\/api.w.org\/{rel}","templated":true}]}}