{"id":240218,"date":"2015-10-28T00:01:21","date_gmt":"2015-10-28T06:01:21","guid":{"rendered":"http:\/\/www.diarioimagen.net\/?p=240218"},"modified":"2015-10-28T23:26:51","modified_gmt":"2015-10-29T05:26:51","slug":"10-destinos-que-no-te-puedes-perder-este-dia-de-muertos-clickbus-ofrece-una-lista-de-los-lugares-debes-visitar","status":"publish","type":"post","link":"https:\/\/www.diarioimagen.net\/?p=240218","title":{"rendered":"10 destinos que no te puedes perder este D\u00eda de Muertos; ClickBus ofrece una lista de los lugares debes visitar"},"content":{"rendered":"<h2>De cinco estrellas<\/h2>\n<h5>Victoria Gonz\u00e1lez Prado<\/h5>\n<p>&nbsp;<\/p>\n<ul>\n<li><strong><em>El Gran Marat\u00f3n Pac\u00edfico 2015 se realizar\u00e1 el 28 y 29 de noviembre en el puerto de Mazatl\u00e1n<\/em><\/strong><\/li>\n<\/ul>\n<div id=\"attachment_240342\" style=\"width: 430px\" class=\"wp-caption aligncenter\"><a href=\"http:\/\/www.diarioimagen.net\/?attachment_id=240342\" rel=\"attachment wp-att-240342\"><img loading=\"lazy\" decoding=\"async\" aria-describedby=\"caption-attachment-240342\" class=\"size-large wp-image-240342\" src=\"http:\/\/www.diarioimagen.net\/wp-content\/uploads\/2015\/10\/turismo-2728-420x315.jpg\" alt=\"Por una serie de razones, las actividades del Gran Premio de la Ciudad de M\u00e9xico con el retorno de la F\u00f3rmula Uno, no previ\u00f3 el estacionamiento de los asistentes los tres d\u00edas de actividad.\" width=\"420\" height=\"315\" srcset=\"https:\/\/www.diarioimagen.net\/wp-content\/uploads\/2015\/10\/turismo-2728-420x315.jpg 420w, https:\/\/www.diarioimagen.net\/wp-content\/uploads\/2015\/10\/turismo-2728-240x180.jpg 240w, https:\/\/www.diarioimagen.net\/wp-content\/uploads\/2015\/10\/turismo-2728.jpg 700w\" sizes=\"auto, (max-width: 420px) 100vw, 420px\" \/><\/a><p id=\"caption-attachment-240342\" class=\"wp-caption-text\">Por una serie de razones, las actividades del Gran Premio de la Ciudad de M\u00e9xico con el retorno de la F\u00f3rmula Uno, no previ\u00f3 el estacionamiento de los asistentes los tres d\u00edas de actividad.<\/p><\/div>\n<p>Una de las celebraciones m\u00e1s importantes y tradicionales de M\u00e9xico, el D\u00eda de Muertos, caracterizada por fiestas, rituales y llamativas ofrendas que muestran la riqueza gastron\u00f3mica y cultural de cada regi\u00f3n del pa\u00eds.<\/p>\n<p><em>ClickBus,<\/em> el sistema de venta de boletos de autob\u00fas por Internet, ha preparado un listado con 10 destinos para celebrar este D\u00eda de Muertos:<\/p>\n<p><strong>Ciudad Universitaria, Distrito Federal. <\/strong>Si vives en el Distrito Federal o est\u00e1s de visita te recomendamos asistir a la Megaofrenda de Ciudad Universitaria, donde estudiantes de las diferentes facultades de la UNAM realizan a\u00f1o con a\u00f1o una exhibici\u00f3n de ofrendas tem\u00e1ticas, que este a\u00f1o conmemora los 200 a\u00f1os de la muerte de <strong>Jos\u00e9 Mar\u00eda Morelos<\/strong> <strong>y Pav\u00f3n<\/strong>, h\u00e9roe de la lucha por la Independencia de M\u00e9xico. La decimoctava edici\u00f3n de la Megaofrenda se realizar\u00e1 del 29 de octubre al 2 de noviembre, en el estadio Ol\u00edmpico Universitario, con un horario de 10:00 a 22:00 horas.<\/p>\n<p><strong>Xochimilco, Distrito Federal. <\/strong>Recorrido nocturno \u00fanico, representaciones teatrales sobre \u201cLa Llorona\u201d y otras leyendas, concursos de disfraces y los altares del Museo Dolores Olmedo, son algunas de las m\u00faltiples actividades que ofrece Xochimilco en D\u00eda de Muertos. Ya sea que est\u00e9s de visita en la ciudad de M\u00e9xico o vivas en ella, es una de las actividades que no puedes dejar pasar.<\/p>\n<p><strong>Mixquic, Distrito Federal. <\/strong>Barrio M\u00e1gico, ubicado en el sureste del Distrito Federal, las tumbas del pante\u00f3n de San Andr\u00e9s se llenan de flores, calaveras y platillos en honor a los difuntos el 1 y 2 de noviembre.<\/p>\n<p>Mixquic se viste de fiesta y recibe a sus visitantes con muestras gastron\u00f3micas de la localidad, juegos, m\u00fasica y diversas actividades culturales y de entretenimiento.<\/p>\n<p><strong>P\u00e1tzcuaro, Michoac\u00e1n. <\/strong>Los pueblos pur\u00e9pechas que rodean el lado de P\u00e1tzcuaro y la isla de Janitzio se llenan de cempas\u00fachil, velas y olor a incienso. Miles de ofrendas con platillos t\u00edpicos y bellos adornos, procesiones y danzas son s\u00f3lo algunas de las actividades con las que los pobladores celebran la llegada de sus muertos. Adem\u00e1s del Pueblo M\u00e1gico de P\u00e1tzcuaro, no dejes de visitar Jar\u00e1cuaro, Arocut\u00edn, Cuanajo y Tzintzuntz\u00e1n.<\/p>\n<p><strong>Huaquechula, Puebla. <\/strong>Localidad reconocida por sus altares dedicados a los muertos, donde su adorno se basa en contener alimentos, bebidas favoritas de sus difuntos, y algunas pertenencias de estos \u00faltimos, as\u00ed como im\u00e1genes religiosas. Se encuentra a unos 45 kil\u00f3metros de la ciudad de Puebla.<\/p>\n<p>Destacan sus \u201ccabo de a\u00f1o\u201d, ofrendas dedicadas a aquellos que murieron en meses previos a la celebraci\u00f3n, con una estructura piramidal de tres y cuatro niveles, cargadas de mucho simbolismo.<\/p>\n<p><strong>Huasteca hidalguense, Hidalgo. <\/strong>En esta regi\u00f3n los altares son decorados con los bordados artesanales conocidos como Tenangos, adem\u00e1s el D\u00eda de Muertos es conocido en la Huasteca Hidalguense como Xantolo, que significa \u201cfiesta de Todos los Santos\u201d y es una celebraci\u00f3n sagrada en Macustepetla, Huautla, Coatlila, Huazalingo, Huejutla y Atlapexco.<\/p>\n<p><strong>Huasteca Potosina, San Luis Potos\u00ed. <\/strong>En esta entidad la fiesta de los muertos es una de las festividades m\u00e1s importantes, ya que representa la sagrada reuni\u00f3n de los vivos con sus antepasados, tambi\u00e9n conocida como Xantolo, la celebraci\u00f3n de El D\u00eda de Todos los Santos (1 de noviembre) es un conjunto de rezos y alabanzas, a los que se suma m\u00fasica de los <em>teenek<\/em> (comunidades ind\u00edgenas de la regi\u00f3n) para la Danza de la Malinche. En el D\u00eda de los Fieles Difuntos (2 de noviembre), las comunidades <em>teenek<\/em> y nahuas llevan ofrendas y flores a los panteones.<\/p>\n<p>El visitante puede disfrutar de exposiciones, ofrendas y muestras gastron\u00f3micas en la Ruta Xantolo, que incluye a los municipios de Aquism\u00f3n, Axtla de Terrazas, Ciudad Valles, Huehuetl\u00e1n, San Mart\u00edn Chalchicuautla, San Vicente Tancuayalab, Tancanhuitz, Tanlaj\u00e1s, Tanqui\u00e1n, Tamazunchale, Tampac\u00e1n, Tampamol\u00f3n, Tamu\u00edn, y Xilitla.<\/p>\n<p><strong>Festival de Calaveras de Aguascalientes. <\/strong>Del viernes 30 de octubre al domingo 8 de noviembre de 2015, Aguascalientes ofrece actividades culturales, gastron\u00f3micas y de entretenimiento, originalmente concebido como un homenaje al ilustrador <strong>Jos\u00e9 Guadalupe Posada<\/strong>, creador de La Catrina y nacido en Aguascalientes, el Festival de las Calaveras se ha convertido en uno de los m\u00e1s importantes de la ciudad. El festival incluye conciertos, desfiles de calaveras, degustaciones gastron\u00f3micas, muestras de cine y mucho m\u00e1s.<\/p>\n<p><strong>Festival de la Calaca en San Miguel de Allende, Guanajuato. <\/strong>Es un festival de arte y cultura participativa de reciente creaci\u00f3n, busca honrar las tradiciones ind\u00edgenas mientras explora el futuro. Clases, talleres, mercados de artesan\u00edas, desfiles y recorridos a trav\u00e9s de altares tradicionales y panteones son parte de las actividades que se integran a la celebraci\u00f3n del D\u00eda de Muertos en San Miguel de Allende.<\/p>\n<p><strong>Festival de Noche de Muertos en Xochitla, Estado de M\u00e9xico. <\/strong>El Parque Ecol\u00f3gico Xochitla, ubicado muy cerca del pueblo m\u00e1gico de Tepotzotl\u00e1n ofrece a sus visitantes una gran cantidad de actividades con motivo del D\u00eda de Muertos, su Pante\u00f3n de las Almas en Pena, o el Sendero de las \u00c1nimas se suma a talleres, pasarela de disfraces mexicanos, representaciones de danzas y rituales prehisp\u00e1nicos, que en conjunto ofrecen a sus visitantes un fin de semana de misticismo y diversi\u00f3n.<\/p>\n<p>\u2730\u2730\u2730\u2730\u2730 El comit\u00e9 organizador del Gran Marat\u00f3n Pac\u00edfico 2015 present\u00f3 ante autoridades del Comit\u00e9 Ol\u00edmpico Mexicano las actividades y pormenores de la justa deportiva a celebrarse durante los d\u00edas 28 y 29 de noviembre en el puerto de Mazatl\u00e1n.<\/p>\n<p>En la presentaci\u00f3n estuvieron presentes <strong>Pedro Cuervo<\/strong>, secretario general del Comit\u00e9 Ol\u00edmpico Mexicano y <strong>Antonio Lozano Pineda<\/strong>, presidente de la Federaci\u00f3n Mexicana de Asociaciones de Atletismo.<\/p>\n<p>Por parte de la organizaci\u00f3n del Marat\u00f3n Pac\u00edfico acudi\u00f3 <strong>Antonio Toledo Ortiz<\/strong>, presidente del Comit\u00e9 organizador; <strong>Ignacio Barros<\/strong>, director de organizaci\u00f3n; <strong>Karla Mendoza<\/strong>, coordinadora del Marat\u00f3n Pac\u00edfico; y el subsecretario de Planeaci\u00f3n Inversi\u00f3n y Desarrollo Tur\u00edstico, <strong>Rafael Liz\u00e1rraga Favela<\/strong>.<\/p>\n<p>Durante la presentaci\u00f3n se anunci\u00f3 una serie de actos alternos que vienen a complementar esta gran fiesta familiar en Mazatl\u00e1n, que comprende tambi\u00e9n el Festival de la Luz, el Marat\u00f3n de las Bandas y la carrera \u201cPr\u00e9stame tus Piernas\u201d, carrera que se celebra por primera vez y que est\u00e1 enfocada a personas con capacidades diferentes.<\/p>\n<p><em><i><a href=\"mailto:victoriagprado@gmail.com\" target=\"_blank\">victoriagprado@gmail.com<\/a><\/i><\/em><\/p>\n","protected":false},"excerpt":{"rendered":"<p>Una de las celebraciones m\u00e1s importantes y tradicionales de M\u00e9xico, el D\u00eda de Muertos, caracterizada por fiestas, rituales y llamativas ofrendas que muestran la riqueza gastron\u00f3mica y cultural de cada regi\u00f3n del pa\u00eds.<\/p>\n","protected":false},"author":3,"featured_media":240342,"comment_status":"open","ping_status":"open","sticky":false,"template":"","format":"standard","meta":{"_monsterinsights_skip_tracking":false,"_monsterinsights_sitenote_active":false,"_monsterinsights_sitenote_note":"","_monsterinsights_sitenote_category":0,"footnotes":""},"categories":[11],"tags":[107,12303,43674,43681,106],"class_list":["post-240218","post","type-post","status-publish","format-standard","has-post-thumbnail","hentry","category-turismo","tag-de-cinco-estrellas","tag-dia-de-muertos","tag-opinion","tag-turismo","tag-victoria-gonzalez-prado"],"_links":{"self":[{"href":"https:\/\/www.diarioimagen.net\/index.php?rest_route=\/wp\/v2\/posts\/240218","targetHints":{"allow":["GET"]}}],"collection":[{"href":"https:\/\/www.diarioimagen.net\/index.php?rest_route=\/wp\/v2\/posts"}],"about":[{"href":"https:\/\/www.diarioimagen.net\/index.php?rest_route=\/wp\/v2\/types\/post"}],"author":[{"embeddable":true,"href":"https:\/\/www.diarioimagen.net\/index.php?rest_route=\/wp\/v2\/users\/3"}],"replies":[{"embeddable":true,"href":"https:\/\/www.diarioimagen.net\/index.php?rest_route=%2Fwp%2Fv2%2Fcomments&post=240218"}],"version-history":[{"count":0,"href":"https:\/\/www.diarioimagen.net\/index.php?rest_route=\/wp\/v2\/posts\/240218\/revisions"}],"wp:featuredmedia":[{"embeddable":true,"href":"https:\/\/www.diarioimagen.net\/index.php?rest_route=\/wp\/v2\/media\/240342"}],"wp:attachment":[{"href":"https:\/\/www.diarioimagen.net\/index.php?rest_route=%2Fwp%2Fv2%2Fmedia&parent=240218"}],"wp:term":[{"taxonomy":"category","embeddable":true,"href":"https:\/\/www.diarioimagen.net\/index.php?rest_route=%2Fwp%2Fv2%2Fcategories&post=240218"},{"taxonomy":"post_tag","embeddable":true,"href":"https:\/\/www.diarioimagen.net\/index.php?rest_route=%2Fwp%2Fv2%2Ftags&post=240218"}],"curies":[{"name":"wp","href":"https:\/\/api.w.org\/{rel}","templated":true}]}}