{"id":240381,"date":"2015-10-29T00:03:36","date_gmt":"2015-10-29T06:03:36","guid":{"rendered":"http:\/\/www.diarioimagen.net\/?p=240381"},"modified":"2015-10-29T03:00:59","modified_gmt":"2015-10-29T09:00:59","slug":"cocofunka-llega-con-chucaro-pa-romper-la-rutina","status":"publish","type":"post","link":"https:\/\/www.diarioimagen.net\/?p=240381","title":{"rendered":"Cocofunka llega con \u201cCh\u00facaro\u201d,\u201cPa\u2019 Romper la Rutina\u201d"},"content":{"rendered":"<ul>\n<li><strong><em>Desde Costa Rica traen su disco con el que abrieron el concierto de Los Pericos<\/em><\/strong><\/li>\n<\/ul>\n<h6>Arturo Arellano<\/h6>\n<p>&nbsp;<\/p>\n<div id=\"attachment_240382\" style=\"width: 430px\" class=\"wp-caption aligncenter\"><a href=\"http:\/\/www.diarioimagen.net\/?attachment_id=240382\" rel=\"attachment wp-att-240382\"><img loading=\"lazy\" decoding=\"async\" aria-describedby=\"caption-attachment-240382\" class=\"wp-image-240382 size-large\" src=\"http:\/\/www.diarioimagen.net\/wp-content\/uploads\/2015\/10\/cocofunka-portal-420x245.jpg\" alt=\"En conferencia de prensa los integrantes de Cocofunka explicaron el nombre del disco \u201cCh\u00facaro\u201d, palabra que se usa en Costa Rica para describir a la gente indomable. foto: Arturo Arellano\" width=\"420\" height=\"245\" srcset=\"https:\/\/www.diarioimagen.net\/wp-content\/uploads\/2015\/10\/cocofunka-portal-420x245.jpg 420w, https:\/\/www.diarioimagen.net\/wp-content\/uploads\/2015\/10\/cocofunka-portal-240x140.jpg 240w, https:\/\/www.diarioimagen.net\/wp-content\/uploads\/2015\/10\/cocofunka-portal.jpg 480w\" sizes=\"auto, (max-width: 420px) 100vw, 420px\" \/><\/a><p id=\"caption-attachment-240382\" class=\"wp-caption-text\">En conferencia de prensa los integrantes de Cocofunka explicaron el nombre del disco \u201cCh\u00facaro\u201d, palabra que se usa en Costa Rica para describir a la gente indomable. \/ Foto: Arturo Arellano.<\/p><\/div>\n<p>&nbsp;<\/p>\n<p>Cocofunka es una banda originaria de Costa Rica, quienes arribaron hace unos d\u00edas a nuestro pa\u00eds para abrir el concierto de Los Pericos en el Plaza Condesa, el pasado viernes. Por ello tambi\u00e9n aprovecharon para presentar su m\u00e1s reciente disco \u201cCh\u00facaro\u201d, que saldr\u00e1 a la venta pr\u00f3ximamente en M\u00e9xico bajo el sello de discos Intolerancia.<\/p>\n<p>En conferencia de prensa los miembros de la banda hablaron al respecto, de entrada explicaron el nombre del disco \u201cCh\u00facaro es una palabra que se usa en Costa Rica para describir a la gente indomable, por ejemplo cuando los ni\u00f1os se ponen latosos, traviesos o llorones, les dicen que se pongan Ch\u00facaros, o a los caballos cuando son indomables lo mismo, dicen que es un caballo Ch\u00facaro. En este disco los otros quisimos rescatar esa rebeld\u00eda, esa capacidad de las personas por ser indomables, por revelarse a la mayor\u00eda o al sistema, que no se nos impongan pensamientos \u00fanicos\u201d.<\/p>\n<p>Clara muestra de esto se vendr\u00e1 con el lanzamiento pr\u00f3ximo de su nuevo video en el que contaron con la actuaci\u00f3n de varias personas de la tercera edad \u201cde eso se trata, pensamos en la idea de unos viejecitos escapando en un autos del asilo donde los tienen, revel\u00e1ndose, actuando contra ese peque\u00f1o sistema y salir a divertirse a vivir como s\u00ed tuvieran 18 a\u00f1os, aunque la sociedad les diga que ya no pueden, ellos demuestran que s\u00ed. Es un mensaje para todos porque cuando llamamos a estos viejecitos para actuar en el video, encontraron una nueva oportunidad de hacer lo que les gusta, actuar de nuevo cuando ya nadie los llama o no tienen m\u00e1s que hacer, fueron varios d\u00edas de grabaci\u00f3n y eran 13 horas diarias, ellos aguantaron perfecto\u201d.<\/p>\n<p>Tambi\u00e9n reconocieron que \u201cla m\u00fasica es especial, s\u00ed t\u00fa le das play y te gusta, da lo mismo s\u00ed es de Guatemala, Venezuela, M\u00e9xico o Ucrania o de Jap\u00f3n. Lo que es importante decir es que los latinos tenemos que darnos cuenta de que nuestra m\u00fasica est\u00e1 de moda en el mundo y no dormirnos, ni quedarnos sentados en la galleta, tenemos que seguir buscando nuestros sue\u00f1os, colocar nuestros discos en todas partes\u201d.<\/p>\n<p>A su primera llegada a M\u00e9xico como banda dijeron \u201cM\u00e9xico nos fascina, es una situaci\u00f3n muy humana, la hospitalidad y sobre todo el apoyo de la disquera Intolerancia, ojal\u00e1 a los hermanos mexicanos les encante. Como banda no vemos a futuro sabemos disfrutar el ahora, es importante que para nosotros el com\u00fan denominador es que somos latinoamericanos, son muchas las cosas que nos unen, especialmente la m\u00fasica, la idea es que salgan muchas oportunidades a finales de este a\u00f1o y el que viene 2016\u201d.<\/p>\n<p>El pasado viernes le abrieron el concierto a Los Pericos en el Plaza Condesa, de lo cual recordaron \u201cfue una experiencia en que los mexicanos fueron a descubrir con nosotros y recordar con Los Pericos. M\u00e9xico tiene un p\u00fablico excelente y exigente, nos encanta esa sinceridad y saben distinguir si algo es bueno o no, si algo no les gusta se van y mejor se toman una cerveza, a nosotros nos encant\u00f3 ver que la gente nos aplaudi\u00f3 y valor\u00f3 el esfuerzo sobre la tarima a pesar de que no somos una banda de reggae purista\u201d.<\/p>\n","protected":false},"excerpt":{"rendered":"<p>Cocofunka es una banda originaria de Costa Rica, quienes arribaron hace unos d\u00edas a nuestro pa\u00eds para abrir el concierto de Los Pericos en el Plaza Condesa, el pasado viernes.<\/p>\n","protected":false},"author":5,"featured_media":240382,"comment_status":"open","ping_status":"open","sticky":false,"template":"","format":"standard","meta":{"_monsterinsights_skip_tracking":false,"_monsterinsights_sitenote_active":false,"_monsterinsights_sitenote_note":"","_monsterinsights_sitenote_category":0,"footnotes":""},"categories":[12],"tags":[19031,43682],"class_list":["post-240381","post","type-post","status-publish","format-standard","has-post-thumbnail","hentry","category-espectaculos","tag-arturo-arellano","tag-espectaculos"],"_links":{"self":[{"href":"https:\/\/www.diarioimagen.net\/index.php?rest_route=\/wp\/v2\/posts\/240381","targetHints":{"allow":["GET"]}}],"collection":[{"href":"https:\/\/www.diarioimagen.net\/index.php?rest_route=\/wp\/v2\/posts"}],"about":[{"href":"https:\/\/www.diarioimagen.net\/index.php?rest_route=\/wp\/v2\/types\/post"}],"author":[{"embeddable":true,"href":"https:\/\/www.diarioimagen.net\/index.php?rest_route=\/wp\/v2\/users\/5"}],"replies":[{"embeddable":true,"href":"https:\/\/www.diarioimagen.net\/index.php?rest_route=%2Fwp%2Fv2%2Fcomments&post=240381"}],"version-history":[{"count":0,"href":"https:\/\/www.diarioimagen.net\/index.php?rest_route=\/wp\/v2\/posts\/240381\/revisions"}],"wp:featuredmedia":[{"embeddable":true,"href":"https:\/\/www.diarioimagen.net\/index.php?rest_route=\/wp\/v2\/media\/240382"}],"wp:attachment":[{"href":"https:\/\/www.diarioimagen.net\/index.php?rest_route=%2Fwp%2Fv2%2Fmedia&parent=240381"}],"wp:term":[{"taxonomy":"category","embeddable":true,"href":"https:\/\/www.diarioimagen.net\/index.php?rest_route=%2Fwp%2Fv2%2Fcategories&post=240381"},{"taxonomy":"post_tag","embeddable":true,"href":"https:\/\/www.diarioimagen.net\/index.php?rest_route=%2Fwp%2Fv2%2Ftags&post=240381"}],"curies":[{"name":"wp","href":"https:\/\/api.w.org\/{rel}","templated":true}]}}