{"id":240387,"date":"2015-10-29T00:01:53","date_gmt":"2015-10-29T06:01:53","guid":{"rendered":"http:\/\/www.diarioimagen.net\/?p=240387"},"modified":"2015-10-29T23:23:28","modified_gmt":"2015-10-30T05:23:28","slug":"esplendorosa-puesta-en-escena-alicia","status":"publish","type":"post","link":"https:\/\/www.diarioimagen.net\/?p=240387","title":{"rendered":"Esplendorosa puesta en escena de \u201cAlicia\u201d"},"content":{"rendered":"<ul>\n<li><strong><em>Conquista a chicos y grandes que acuden todos los domingos a El Foro Un Teatro, ubicado en Nuevo Le\u00f3n 46, colonia Condesa<\/em><\/strong><\/li>\n<\/ul>\n<h6>Asael Grande<\/h6>\n<p>&nbsp;<\/p>\n<div id=\"attachment_240388\" style=\"width: 430px\" class=\"wp-caption aligncenter\"><a href=\"http:\/\/www.diarioimagen.net\/?attachment_id=240388\" rel=\"attachment wp-att-240388\"><img loading=\"lazy\" decoding=\"async\" aria-describedby=\"caption-attachment-240388\" class=\"wp-image-240388 size-large\" src=\"http:\/\/www.diarioimagen.net\/wp-content\/uploads\/2015\/10\/alicia-portal-420x245.jpg\" alt=\"El Foro Un teatro estren\u00f3 la puesta en escena \u201cAlicia\u201d, un espect\u00e1culo multidisciplinario dedicado al p\u00fablico infantil al que busca dar el mensaje de reforzar la identidad. fotos Asael Grande\" width=\"420\" height=\"245\" srcset=\"https:\/\/www.diarioimagen.net\/wp-content\/uploads\/2015\/10\/alicia-portal-420x245.jpg 420w, https:\/\/www.diarioimagen.net\/wp-content\/uploads\/2015\/10\/alicia-portal-240x140.jpg 240w, https:\/\/www.diarioimagen.net\/wp-content\/uploads\/2015\/10\/alicia-portal.jpg 480w\" sizes=\"auto, (max-width: 420px) 100vw, 420px\" \/><\/a><p id=\"caption-attachment-240388\" class=\"wp-caption-text\">El Foro Un teatro estren\u00f3 la puesta en escena \u201cAlicia\u201d, un espect\u00e1culo multidisciplinario dedicado al p\u00fablico infantil, al que busca dar el mensaje de reforzar la identidad. \/ Foto: Asael Grande.<\/p><\/div>\n<p>&nbsp;<\/p>\n<p>El Foro Un Teatro estren\u00f3 la obra infantil \u201cAlicia\u201d, dirigida por Jessica Sandoval, se trata de un montaje multidisciplinario enfocado a los ni\u00f1os que se dieron cita para presenciar esta puesta en escena que aborda la historia de <em>Alicia en el pa\u00eds de las maravillas<\/em> de Lewis Carrol, donde los int\u00e9rpretes toman elementos del teatro y la danza para exponer una obra que muestra c\u00f3mo podemos cambiar la realidad y crear nuestro propio mundo.<\/p>\n<p>En \u201cAlicia\u201d, obra que cuenta con el elenco conformado por Gabriela Guerra (Alicia), Patricia Mar\u00edn (oruga y Reina de Corazones), Arturo Serrano (Gato de cheshire y Sota), Ximena Palavicini (Conejo, Duquesa, Rat\u00f3n, Liebre y Lir\u00f3n), Fausto Jij\u00f3n (Sombrero loco), es sembrar a los ni\u00f1os la creatividad y la imaginaci\u00f3n, para que puedan redise\u00f1ar su vida e insistir en que la vida tiene todas las posibilidades que podamos imaginar y que si hay algo que no nos gusta, lo podemos transformar.<\/p>\n<p>La escenograf\u00eda de Alicia se realiz\u00f3 en un fondo en blanco y negro en donde los personajes son quienes portan el color y el brillo. Las posibilidades pl\u00e1sticas de esta Alicia est\u00e1n predeterminadas por la fuerza de sus personajes y la libertad de sus espacios on\u00edricos, en esta historia, Alicia viaja en un espacio ocupado por grande elementos fant\u00e1sticos e ingeniosos representativos de este cl\u00e1sico de la literatura, creaci\u00f3n del escritor brit\u00e1nico Charles Lutwidge Dodgson, m\u00e1s conocido bajo el seud\u00f3nimo de Lewis Carroll.<\/p>\n<p>El cuento original de <em>Alicia en el pa\u00eds de las maravillas<\/em> est\u00e1 lleno de alusiones sat\u00edricas, la historia es creada b\u00e1sicamente a trav\u00e9s de juegos con la l\u00f3gica, de una forma tan especial que la obra ha llegado a ser muy popular por sus personajes: el<em> Conejo Blanco, El Sombrerero, la Oruga azul, el Gato de Cheshire o la Reina de Corazones<\/em>, quienes han cobrado importancia para ser reconocidos fuera del mundo de Alicia.<\/p>\n<p>Como dato curioso, <em>Alicia en el pa\u00eds de las maravillas<\/em>, ha sido traducida a numerosos idiomas, incluido el esperanto. En 1998, un ejemplar de la primera edici\u00f3n del libro se vendi\u00f3 en subasta por la suma de 1.5 millones de d\u00f3lares, y se convirti\u00f3 as\u00ed en el libro para ni\u00f1os m\u00e1s caro hasta ese momento.<\/p>\n<p>\u201cAlicia\u201d se presentar\u00e1 en el Foro Un Teatro, hasta el 13 de diciembre. La dramaturgia es de Jessica Sandoval, quien tambi\u00e9n dirige la obra. El elenco lo conforman los actores Gabriela Guerra, Patricia Mar\u00edn, Arturo Serrano, Ximena Marv\u00e1n, Fausto Jij\u00f3n.<\/p>\n<p>Horarios de \u201cAlicia\u201d: Domingos 13:00 horas. Boletos: Entrada general $120, ni\u00f1os $100. Todo p\u00fablico.<\/p>\n","protected":false},"excerpt":{"rendered":"<p>El Foro Un Teatro estren\u00f3 la obra infantil \u201cAlicia\u201d, dirigida por Jessica Sandoval, se trata de un montaje multidisciplinario enfocado a los ni\u00f1os que se dieron cita para presenciar esta puesta en escena que aborda la historia de <em>Alicia en el pa\u00eds de las maravillas<\/em> de Lewis Carrol, donde los int\u00e9rpretes toman elementos del teatro y la danza para exponer una obra que muestra c\u00f3mo podemos cambiar la realidad y crear nuestro propio mundo.<\/p>\n","protected":false},"author":5,"featured_media":240388,"comment_status":"open","ping_status":"open","sticky":false,"template":"","format":"standard","meta":{"_monsterinsights_skip_tracking":false,"_monsterinsights_sitenote_active":false,"_monsterinsights_sitenote_note":"","_monsterinsights_sitenote_category":0,"footnotes":""},"categories":[12],"tags":[6423],"class_list":["post-240387","post","type-post","status-publish","format-standard","has-post-thumbnail","hentry","category-espectaculos","tag-asael-grande"],"_links":{"self":[{"href":"https:\/\/www.diarioimagen.net\/index.php?rest_route=\/wp\/v2\/posts\/240387","targetHints":{"allow":["GET"]}}],"collection":[{"href":"https:\/\/www.diarioimagen.net\/index.php?rest_route=\/wp\/v2\/posts"}],"about":[{"href":"https:\/\/www.diarioimagen.net\/index.php?rest_route=\/wp\/v2\/types\/post"}],"author":[{"embeddable":true,"href":"https:\/\/www.diarioimagen.net\/index.php?rest_route=\/wp\/v2\/users\/5"}],"replies":[{"embeddable":true,"href":"https:\/\/www.diarioimagen.net\/index.php?rest_route=%2Fwp%2Fv2%2Fcomments&post=240387"}],"version-history":[{"count":0,"href":"https:\/\/www.diarioimagen.net\/index.php?rest_route=\/wp\/v2\/posts\/240387\/revisions"}],"wp:featuredmedia":[{"embeddable":true,"href":"https:\/\/www.diarioimagen.net\/index.php?rest_route=\/wp\/v2\/media\/240388"}],"wp:attachment":[{"href":"https:\/\/www.diarioimagen.net\/index.php?rest_route=%2Fwp%2Fv2%2Fmedia&parent=240387"}],"wp:term":[{"taxonomy":"category","embeddable":true,"href":"https:\/\/www.diarioimagen.net\/index.php?rest_route=%2Fwp%2Fv2%2Fcategories&post=240387"},{"taxonomy":"post_tag","embeddable":true,"href":"https:\/\/www.diarioimagen.net\/index.php?rest_route=%2Fwp%2Fv2%2Ftags&post=240387"}],"curies":[{"name":"wp","href":"https:\/\/api.w.org\/{rel}","templated":true}]}}