{"id":240402,"date":"2015-10-29T00:09:28","date_gmt":"2015-10-29T06:09:28","guid":{"rendered":"http:\/\/www.diarioimagen.net\/?p=240402"},"modified":"2015-10-29T04:06:31","modified_gmt":"2015-10-29T10:06:31","slug":"vigilaran-mas-de-26-mil-policias-en-dia-de-muertos","status":"publish","type":"post","link":"https:\/\/www.diarioimagen.net\/?p=240402","title":{"rendered":"Vigilar\u00e1n m\u00e1s de 26 mil polic\u00edas en D\u00eda de Muertos"},"content":{"rendered":"<ul>\n<li><strong><em>Espera Edomex la visita de m\u00e1s de 5 millones de personas en estas festividades<\/em><\/strong><\/li>\n<\/ul>\n<div id=\"attachment_240494\" style=\"width: 430px\" class=\"wp-caption aligncenter\"><a href=\"http:\/\/www.diarioimagen.net\/?attachment_id=240494\" rel=\"attachment wp-att-240494\"><img loading=\"lazy\" decoding=\"async\" aria-describedby=\"caption-attachment-240494\" class=\"size-large wp-image-240494\" src=\"http:\/\/www.diarioimagen.net\/wp-content\/uploads\/2015\/10\/operativo-edomex-2720-420x236.jpg\" alt=\"Eruviel \u00c1vila - Anuncio en materia de seguridad.\" width=\"420\" height=\"236\" srcset=\"https:\/\/www.diarioimagen.net\/wp-content\/uploads\/2015\/10\/operativo-edomex-2720-420x236.jpg 420w, https:\/\/www.diarioimagen.net\/wp-content\/uploads\/2015\/10\/operativo-edomex-2720-240x135.jpg 240w, https:\/\/www.diarioimagen.net\/wp-content\/uploads\/2015\/10\/operativo-edomex-2720-235x132.jpg 235w, https:\/\/www.diarioimagen.net\/wp-content\/uploads\/2015\/10\/operativo-edomex-2720-202x114.jpg 202w, https:\/\/www.diarioimagen.net\/wp-content\/uploads\/2015\/10\/operativo-edomex-2720-350x196.jpg 350w, https:\/\/www.diarioimagen.net\/wp-content\/uploads\/2015\/10\/operativo-edomex-2720-220x123.jpg 220w, https:\/\/www.diarioimagen.net\/wp-content\/uploads\/2015\/10\/operativo-edomex-2720-237x132.jpg 237w, https:\/\/www.diarioimagen.net\/wp-content\/uploads\/2015\/10\/operativo-edomex-2720.jpg 480w\" sizes=\"auto, (max-width: 420px) 100vw, 420px\" \/><\/a><p id=\"caption-attachment-240494\" class=\"wp-caption-text\">Eruviel \u00c1vila &#8211; Anuncio en materia de seguridad.<\/p><\/div>\n<p><strong>Toluca, Estado de M\u00e9xico<\/strong>.- Para brindar seguridad y tranquilidad a las familias mexiquenses y fortalecer la seguridad durante la celebraci\u00f3n de D\u00eda de Muertos, el gobernador Eruviel \u00c1vila Villegas dio a conocer que este viernes iniciar\u00e1 el operativo en el que participar\u00e1n m\u00e1s de 26 mil elementos de corporaciones estatales, municipales y federales, ya que se espera la vista de 5 millones de personas en los panteones, as\u00ed como en los destinos tur\u00edsticos del Estado de M\u00e9xico.<\/p>\n<p>\u201cPueden acudir a los diferentes panteones, a llevar las flores tradicionales, a tener los convivios correspondientes con sus seres queridos, con sus fieles difuntos, con paz, con tranquilidad, con armon\u00eda. As\u00ed es que hago un llamado a los mexiquenses, a capitalinos, a todos los vecinos, visitantes nacionales, internacionales para que vengan al Estado de M\u00e9xico, para que vivan sus tradiciones de D\u00eda de Muertos, para que hagamos todos de esta tradici\u00f3n un momento de convivencia familiar, de unidad y de armon\u00eda\u201d, expres\u00f3.<\/p>\n<p>Eruviel \u00c1vila explic\u00f3 que m\u00e1s de 4 mil elementos de la Comisi\u00f3n Estatal de Seguridad Ciudadana (CES) y polic\u00edas municipales, estar\u00e1n a cargo de la vigilancia en mil 371 panteones, de los cuales, 2 mil 100 uniformados ser\u00e1n destinados a los 459 cementerios con mayor afluencia en el Edomex, y el resto efectuar\u00e1 recorridos en otros 912.<\/p>\n<p>Acompa\u00f1ado por el secretario general de Gobierno, Jos\u00e9 Manzur Quiroga; el comisionado estatal de Seguridad, Eduardo Valiente Hern\u00e1ndez; el coordinador general de Protecci\u00f3n Civil del estado, Arturo Vilchis Esquivel; el director del Servicio de Urgencias M\u00e9dicas de la entidad (SUEM), Sergio Ram\u00edrez Guti\u00e9rrez, y la consejera jur\u00eddica, Luz Mar\u00eda Zarza Delgado, el gobernador precis\u00f3 que en este despliegue se tiene previsto reforzar la seguridad en las vialidades aleda\u00f1as a los camposantos, a trav\u00e9s del Plan Tres (Transporte Estatal Seguro).<\/p>\n<p>El operativo tambi\u00e9n incluye 430 veh\u00edculos; tres helic\u00f3pteros y 50 caballos de la Polic\u00eda Montada, as\u00ed como elementos de la Coordinaci\u00f3n General de Protecci\u00f3n Civil, del SUEM, bomberos y organizaciones civiles de rescate, cuyos efectivos tambi\u00e9n estar\u00e1n emplazados en las zonas tur\u00edsticas mexiquenses, durante todo el fin de semana pr\u00f3ximo y que tambi\u00e9n vigilar\u00e1n los volcanes.<\/p>\n","protected":false},"excerpt":{"rendered":"<p>Para brindar seguridad y tranquilidad a las familias mexiquenses y fortalecer la seguridad durante la celebraci\u00f3n de D\u00eda de Muertos, el gobernador Eruviel \u00c1vila Villegas dio a conocer que este viernes iniciar\u00e1 el operativo en el que participar\u00e1n m\u00e1s de 26 mil elementos de corporaciones estatales, municipales y federales, ya que se espera la vista de 5 millones de personas en los panteones, as\u00ed como en los destinos tur\u00edsticos del Estado de M\u00e9xico.<\/p>\n","protected":false},"author":3,"featured_media":240494,"comment_status":"open","ping_status":"open","sticky":false,"template":"","format":"standard","meta":{"_monsterinsights_skip_tracking":false,"_monsterinsights_sitenote_active":false,"_monsterinsights_sitenote_note":"","_monsterinsights_sitenote_category":0,"footnotes":""},"categories":[5],"tags":[12303,43675,20602,452,45442],"class_list":["post-240402","post","type-post","status-publish","format-standard","has-post-thumbnail","hentry","category-estado-de-mexico","tag-dia-de-muertos","tag-estado-de-mexico","tag-festejo","tag-toluca","tag-tradicion"],"_links":{"self":[{"href":"https:\/\/www.diarioimagen.net\/index.php?rest_route=\/wp\/v2\/posts\/240402","targetHints":{"allow":["GET"]}}],"collection":[{"href":"https:\/\/www.diarioimagen.net\/index.php?rest_route=\/wp\/v2\/posts"}],"about":[{"href":"https:\/\/www.diarioimagen.net\/index.php?rest_route=\/wp\/v2\/types\/post"}],"author":[{"embeddable":true,"href":"https:\/\/www.diarioimagen.net\/index.php?rest_route=\/wp\/v2\/users\/3"}],"replies":[{"embeddable":true,"href":"https:\/\/www.diarioimagen.net\/index.php?rest_route=%2Fwp%2Fv2%2Fcomments&post=240402"}],"version-history":[{"count":0,"href":"https:\/\/www.diarioimagen.net\/index.php?rest_route=\/wp\/v2\/posts\/240402\/revisions"}],"wp:featuredmedia":[{"embeddable":true,"href":"https:\/\/www.diarioimagen.net\/index.php?rest_route=\/wp\/v2\/media\/240494"}],"wp:attachment":[{"href":"https:\/\/www.diarioimagen.net\/index.php?rest_route=%2Fwp%2Fv2%2Fmedia&parent=240402"}],"wp:term":[{"taxonomy":"category","embeddable":true,"href":"https:\/\/www.diarioimagen.net\/index.php?rest_route=%2Fwp%2Fv2%2Fcategories&post=240402"},{"taxonomy":"post_tag","embeddable":true,"href":"https:\/\/www.diarioimagen.net\/index.php?rest_route=%2Fwp%2Fv2%2Ftags&post=240402"}],"curies":[{"name":"wp","href":"https:\/\/api.w.org\/{rel}","templated":true}]}}