{"id":240439,"date":"2015-10-29T00:07:24","date_gmt":"2015-10-29T06:07:24","guid":{"rendered":"http:\/\/www.diarioimagen.net\/?p=240439"},"modified":"2015-10-29T04:10:20","modified_gmt":"2015-10-29T10:10:20","slug":"destaca-tlalnepantla-operativos-limitrofes-contra-delincuencia","status":"publish","type":"post","link":"https:\/\/www.diarioimagen.net\/?p=240439","title":{"rendered":"Destaca Tlalnepantla operativos lim\u00edtrofes contra delincuencia"},"content":{"rendered":"<ul>\n<li><strong><em>Coordinaci\u00f3n con delegaci\u00f3n Azcapotzalco<\/em><\/strong><\/li>\n<\/ul>\n<div id=\"attachment_240504\" style=\"width: 430px\" class=\"wp-caption aligncenter\"><a href=\"http:\/\/www.diarioimagen.net\/?attachment_id=240504\" rel=\"attachment wp-att-240504\"><img loading=\"lazy\" decoding=\"async\" aria-describedby=\"caption-attachment-240504\" class=\"size-large wp-image-240504\" src=\"http:\/\/www.diarioimagen.net\/wp-content\/uploads\/2015\/10\/TLALNEPANTLA-2729-420x236.jpg\" alt=\"Enrique L\u00f3pez Mart\u00ednez, subdirector operativo de la Comisar\u00eda de Seguridad Ciudadana, destac\u00f3 la coordinaci\u00f3n en materia de seguridad con la delegaci\u00f3n Azcapotzalco.\" width=\"420\" height=\"236\" srcset=\"https:\/\/www.diarioimagen.net\/wp-content\/uploads\/2015\/10\/TLALNEPANTLA-2729-420x236.jpg 420w, https:\/\/www.diarioimagen.net\/wp-content\/uploads\/2015\/10\/TLALNEPANTLA-2729-240x135.jpg 240w, https:\/\/www.diarioimagen.net\/wp-content\/uploads\/2015\/10\/TLALNEPANTLA-2729-235x132.jpg 235w, https:\/\/www.diarioimagen.net\/wp-content\/uploads\/2015\/10\/TLALNEPANTLA-2729-202x114.jpg 202w, https:\/\/www.diarioimagen.net\/wp-content\/uploads\/2015\/10\/TLALNEPANTLA-2729-350x196.jpg 350w, https:\/\/www.diarioimagen.net\/wp-content\/uploads\/2015\/10\/TLALNEPANTLA-2729-220x123.jpg 220w, https:\/\/www.diarioimagen.net\/wp-content\/uploads\/2015\/10\/TLALNEPANTLA-2729-237x132.jpg 237w, https:\/\/www.diarioimagen.net\/wp-content\/uploads\/2015\/10\/TLALNEPANTLA-2729.jpg 480w\" sizes=\"auto, (max-width: 420px) 100vw, 420px\" \/><\/a><p id=\"caption-attachment-240504\" class=\"wp-caption-text\">Enrique L\u00f3pez Mart\u00ednez, subdirector operativo de la Comisar\u00eda de Seguridad Ciudadana, destac\u00f3 la coordinaci\u00f3n en materia de seguridad con la delegaci\u00f3n Azcapotzalco.<\/p><\/div>\n<p><strong>Tlalnepantla, Estado de M\u00e9xico<\/strong>.- \u00adTlalnepantla le da la bienvenida al operativo anunciado por Miguel \u00c1ngel Mancera, jefe de gobierno del Distrito Federal, respecto a las zonas lim\u00edtrofes con el Estado de M\u00e9xico, \u201cporque eso aumenta la posibilidad de una mayor coordinaci\u00f3n en contra de la delincuencia, la cual sin duda, no tiene fronteras y por ende, la seguridad tampoco debe tenerla\u201d.<\/p>\n<p>As\u00ed lo inform\u00f3 Enrique L\u00f3pez Mart\u00ednez, subdirector operativo de la Comisar\u00eda de Seguridad Ciudadana de este municipio, quien agreg\u00f3 de desde hace tiempo Tlalnepantla mantiene coordinaci\u00f3n con la delegaci\u00f3n Azcapotzalco en diversos operativos realizados de manera conjunta con resultados favorables.<\/p>\n<p>\u201cAplaudimos esta decisi\u00f3n porque ello sin duda permitir\u00e1 mejores resultados en la zona lim\u00edtrofe para ambos lados, siempre en favor de la ciudadan\u00eda. Ya hemos tenido coordinaci\u00f3n con Azcapotzalco en varios operativos realizados de manera conjunta desde hace tiempo, y con este anuncio, sin duda se establecer\u00e1 de forma m\u00e1s continua e importante el reforzamiento de la seguridad\u201d, dijo.<\/p>\n<p>Las autoridades de Tlalnepantla siempre est\u00e1n dispuestas a colaborar, sumar esfuerzos y a hacer lo necesario \u00a0en favor de la seguridad de la ciudadan\u00eda, por lo que de haber un llamado formal para reforzar acciones en este sentido, se incrementar\u00e1 la colaboraci\u00f3n de manera inmediata, sobre todo para evitar que la delincuencia opere de un lado y cruce los l\u00edmites para no ser detenidos.<\/p>\n<p>Asegur\u00f3 que a trav\u00e9s de operativos de mayor presencia en la zona lim\u00edtrofe, se ha logrado disuadir y disminuir notablemente los actos delictivos. \u201cTenemos la obligaci\u00f3n de prestar el apoyo a cualquier elemento ya sea municipal, estatal o federal; en ese sentido no hay fronteras en caso de persecuci\u00f3n, si para el delincuente no las hay, mucho menos las debe haber para la polic\u00eda\u201d, asegur\u00f3.<\/p>\n<p>&nbsp;<\/p>\n","protected":false},"excerpt":{"rendered":"<p>Tlalnepantla le da la bienvenida al operativo anunciado por Miguel \u00c1ngel Mancera, jefe de gobierno del Distrito Federal, respecto a las zonas lim\u00edtrofes con el Estado de M\u00e9xico, \u201cporque eso aumenta la posibilidad de una mayor coordinaci\u00f3n en contra de la delincuencia, la cual sin duda, no tiene fronteras y por ende, la seguridad tampoco debe tenerla\u201d.<\/p>\n","protected":false},"author":3,"featured_media":240504,"comment_status":"open","ping_status":"open","sticky":false,"template":"","format":"standard","meta":{"_monsterinsights_skip_tracking":false,"_monsterinsights_sitenote_active":false,"_monsterinsights_sitenote_note":"","_monsterinsights_sitenote_category":0,"footnotes":""},"categories":[35155],"tags":[7298,8654,43675,169],"class_list":["post-240439","post","type-post","status-publish","format-standard","has-post-thumbnail","hentry","category-estado-de-mexico-estado-de-mexico","tag-azcapotzalco","tag-delincuencia","tag-estado-de-mexico","tag-tlalnepantla"],"_links":{"self":[{"href":"https:\/\/www.diarioimagen.net\/index.php?rest_route=\/wp\/v2\/posts\/240439","targetHints":{"allow":["GET"]}}],"collection":[{"href":"https:\/\/www.diarioimagen.net\/index.php?rest_route=\/wp\/v2\/posts"}],"about":[{"href":"https:\/\/www.diarioimagen.net\/index.php?rest_route=\/wp\/v2\/types\/post"}],"author":[{"embeddable":true,"href":"https:\/\/www.diarioimagen.net\/index.php?rest_route=\/wp\/v2\/users\/3"}],"replies":[{"embeddable":true,"href":"https:\/\/www.diarioimagen.net\/index.php?rest_route=%2Fwp%2Fv2%2Fcomments&post=240439"}],"version-history":[{"count":0,"href":"https:\/\/www.diarioimagen.net\/index.php?rest_route=\/wp\/v2\/posts\/240439\/revisions"}],"wp:featuredmedia":[{"embeddable":true,"href":"https:\/\/www.diarioimagen.net\/index.php?rest_route=\/wp\/v2\/media\/240504"}],"wp:attachment":[{"href":"https:\/\/www.diarioimagen.net\/index.php?rest_route=%2Fwp%2Fv2%2Fmedia&parent=240439"}],"wp:term":[{"taxonomy":"category","embeddable":true,"href":"https:\/\/www.diarioimagen.net\/index.php?rest_route=%2Fwp%2Fv2%2Fcategories&post=240439"},{"taxonomy":"post_tag","embeddable":true,"href":"https:\/\/www.diarioimagen.net\/index.php?rest_route=%2Fwp%2Fv2%2Ftags&post=240439"}],"curies":[{"name":"wp","href":"https:\/\/api.w.org\/{rel}","templated":true}]}}