{"id":240441,"date":"2015-10-29T00:05:57","date_gmt":"2015-10-29T06:05:57","guid":{"rendered":"http:\/\/www.diarioimagen.net\/?p=240441"},"modified":"2015-10-29T04:12:11","modified_gmt":"2015-10-29T10:12:11","slug":"entregan-apoyos-economicos-a-personas-con-discapacidad","status":"publish","type":"post","link":"https:\/\/www.diarioimagen.net\/?p=240441","title":{"rendered":"Entregan apoyos econ\u00f3micos a personas con discapacidad"},"content":{"rendered":"<ul>\n<li><strong><em>DIF Naucalpan<\/em><\/strong><\/li>\n<\/ul>\n<div id=\"attachment_240507\" style=\"width: 430px\" class=\"wp-caption aligncenter\"><a href=\"http:\/\/www.diarioimagen.net\/?attachment_id=240507\" rel=\"attachment wp-att-240507\"><img loading=\"lazy\" decoding=\"async\" aria-describedby=\"caption-attachment-240507\" class=\"size-large wp-image-240507\" src=\"http:\/\/www.diarioimagen.net\/wp-content\/uploads\/2015\/10\/NAUCALPAN-2729-420x280.jpg\" alt=\"La administraci\u00f3n de Claudia Oyoque Ortiz contin\u00faa trabajando en favor de los grupos vunerables de Naucalpan.\" width=\"420\" height=\"280\" srcset=\"https:\/\/www.diarioimagen.net\/wp-content\/uploads\/2015\/10\/NAUCALPAN-2729-420x280.jpg 420w, https:\/\/www.diarioimagen.net\/wp-content\/uploads\/2015\/10\/NAUCALPAN-2729-240x160.jpg 240w, https:\/\/www.diarioimagen.net\/wp-content\/uploads\/2015\/10\/NAUCALPAN-2729.jpg 1500w\" sizes=\"auto, (max-width: 420px) 100vw, 420px\" \/><\/a><p id=\"caption-attachment-240507\" class=\"wp-caption-text\">La administraci\u00f3n de Claudia Oyoque Ortiz contin\u00faa trabajando en favor de los grupos vunerables de Naucalpan.<\/p><\/div>\n<p><strong>Naucalpan, Estado de M\u00e9xico<\/strong>.- El gobierno local, a trav\u00e9s del DIF municipal, llev\u00f3 a cabo la tercera entrega de apoyos econ\u00f3micos a personas con discapacidad, en donde la alcaldesa hizo entrega de mil apoyos de mil pesos en efectivo, adem\u00e1s de 20 paquetes de accesorios para ba\u00f1o, donados por la Empresa Home Depot.<\/p>\n<p>La discapacidad es aquella condici\u00f3n bajo la cual ciertas personas presentan alguna deficiencia f\u00edsica, mental, intelectual o sensorial que a largo plazo afectan la forma de interactuar y participar plenamente en la sociedad, es por ello que la presidenta municipal, Claudia Oyoque Ortiz, preocupada por este sector vulnerable de nuestra sociedad ha trabajado con el Sistema Municipal DIF local, y en espec\u00edfico, con el Centro de Rehabilitaci\u00f3n e Integraci\u00f3n Social (CRIS); por lo que se entregaron estos apoyos econ\u00f3micos a personas con discapacidad, dentro del Programa \u201cPor Una Infancia Diferente\u201d.<\/p>\n<p>&nbsp;<\/p>\n","protected":false},"excerpt":{"rendered":"<p>El gobierno local, a trav\u00e9s del DIF municipal, llev\u00f3 a cabo la tercera entrega de apoyos econ\u00f3micos a personas con discapacidad, en donde la alcaldesa hizo entrega de mil apoyos de mil pesos en efectivo, adem\u00e1s de 20 paquetes de accesorios para ba\u00f1o, donados por la Empresa Home Depot.<\/p>\n","protected":false},"author":3,"featured_media":240507,"comment_status":"open","ping_status":"open","sticky":false,"template":"","format":"standard","meta":{"_monsterinsights_skip_tracking":false,"_monsterinsights_sitenote_active":false,"_monsterinsights_sitenote_note":"","_monsterinsights_sitenote_category":0,"footnotes":""},"categories":[35155],"tags":[2701,24566,43675,970],"class_list":["post-240441","post","type-post","status-publish","format-standard","has-post-thumbnail","hentry","category-estado-de-mexico-estado-de-mexico","tag-apoyo","tag-discapacidad","tag-estado-de-mexico","tag-naucalpan"],"_links":{"self":[{"href":"https:\/\/www.diarioimagen.net\/index.php?rest_route=\/wp\/v2\/posts\/240441","targetHints":{"allow":["GET"]}}],"collection":[{"href":"https:\/\/www.diarioimagen.net\/index.php?rest_route=\/wp\/v2\/posts"}],"about":[{"href":"https:\/\/www.diarioimagen.net\/index.php?rest_route=\/wp\/v2\/types\/post"}],"author":[{"embeddable":true,"href":"https:\/\/www.diarioimagen.net\/index.php?rest_route=\/wp\/v2\/users\/3"}],"replies":[{"embeddable":true,"href":"https:\/\/www.diarioimagen.net\/index.php?rest_route=%2Fwp%2Fv2%2Fcomments&post=240441"}],"version-history":[{"count":0,"href":"https:\/\/www.diarioimagen.net\/index.php?rest_route=\/wp\/v2\/posts\/240441\/revisions"}],"wp:featuredmedia":[{"embeddable":true,"href":"https:\/\/www.diarioimagen.net\/index.php?rest_route=\/wp\/v2\/media\/240507"}],"wp:attachment":[{"href":"https:\/\/www.diarioimagen.net\/index.php?rest_route=%2Fwp%2Fv2%2Fmedia&parent=240441"}],"wp:term":[{"taxonomy":"category","embeddable":true,"href":"https:\/\/www.diarioimagen.net\/index.php?rest_route=%2Fwp%2Fv2%2Fcategories&post=240441"},{"taxonomy":"post_tag","embeddable":true,"href":"https:\/\/www.diarioimagen.net\/index.php?rest_route=%2Fwp%2Fv2%2Ftags&post=240441"}],"curies":[{"name":"wp","href":"https:\/\/api.w.org\/{rel}","templated":true}]}}