{"id":240449,"date":"2015-10-29T00:12:11","date_gmt":"2015-10-29T06:12:11","guid":{"rendered":"http:\/\/www.diarioimagen.net\/?p=240449"},"modified":"2015-10-29T05:27:13","modified_gmt":"2015-10-29T11:27:13","slug":"recomendaciones-literarias-para-halloween-de-ediciones-b","status":"publish","type":"post","link":"https:\/\/www.diarioimagen.net\/?p=240449","title":{"rendered":"Recomendaciones literarias para Halloween, de Ediciones B"},"content":{"rendered":"<h2>En la ruta de las letras<\/h2>\n<h5>Patricia Correa<\/h5>\n<p>&nbsp;<\/p>\n<p style=\"text-align: center;\"><strong>ENTREVISTA CON EL VAMPIRO<br \/>\n** La entrevista de vampiros jam\u00e1s escrita<\/strong><\/p>\n<p><a href=\"http:\/\/www.diarioimagen.net\/?attachment_id=240538\" rel=\"attachment wp-att-240538\"><img loading=\"lazy\" decoding=\"async\" class=\"alignleft wp-image-240538 \" src=\"http:\/\/www.diarioimagen.net\/wp-content\/uploads\/2015\/10\/en-la-ruta-de-las-letras-11-161x240.jpg\" alt=\"en-la-ruta-de-las-letras-1\" width=\"129\" height=\"192\" srcset=\"https:\/\/www.diarioimagen.net\/wp-content\/uploads\/2015\/10\/en-la-ruta-de-las-letras-11-161x240.jpg 161w, https:\/\/www.diarioimagen.net\/wp-content\/uploads\/2015\/10\/en-la-ruta-de-las-letras-11-283x420.jpg 283w, https:\/\/www.diarioimagen.net\/wp-content\/uploads\/2015\/10\/en-la-ruta-de-las-letras-11.jpg 471w\" sizes=\"auto, (max-width: 129px) 100vw, 129px\" \/><\/a>Pero \u00bfcu\u00e1nta cinta tienes? Pregunt\u00f3 el vampiro, y se dio la vuelta para que el muchacho pudiera verle el perfil- \u00bfSuficiente para la historia de una vida?<\/p>\n<p>Desde luego, s\u00ed es una buena vida. A veces entrevisto hasta a tres o cuatro personas en una noche si tengo suerte. Pero tiene que ser una buena historia. Eso es justo, \u00bfNo le parece?<\/p>\n<p>Sumamente justo \u2013contest\u00f3 el vampiro-. Me gustar\u00eda contarte la historia de mi vida. Me gustar\u00eda mucho.<\/p>\n<p style=\"text-align: center;\"><strong>LESTAT EL VAMPIRO<br \/>\n**La mejor saga de vampiros jam\u00e1s escrita<\/strong><\/p>\n<p><a href=\"http:\/\/www.diarioimagen.net\/?attachment_id=240540\" rel=\"attachment wp-att-240540\"><img loading=\"lazy\" decoding=\"async\" class=\"alignleft wp-image-240540 \" src=\"http:\/\/www.diarioimagen.net\/wp-content\/uploads\/2015\/10\/en-la-ruta-de-las-letras-21-152x240.jpg\" alt=\"en-la-ruta-de-las-letras-2\" width=\"117\" height=\"185\" srcset=\"https:\/\/www.diarioimagen.net\/wp-content\/uploads\/2015\/10\/en-la-ruta-de-las-letras-21-152x240.jpg 152w, https:\/\/www.diarioimagen.net\/wp-content\/uploads\/2015\/10\/en-la-ruta-de-las-letras-21-265x420.jpg 265w, https:\/\/www.diarioimagen.net\/wp-content\/uploads\/2015\/10\/en-la-ruta-de-las-letras-21.jpg 442w\" sizes=\"auto, (max-width: 117px) 100vw, 117px\" \/><\/a>Soy el vampiro Lestat. Soy inmortal. M\u00e1s o menos. La luz del sol, el calor prolongado de un fuego intenso\u2026 tales cosas podr\u00edan acabar conmigo. Pero tambi\u00e9n podr\u00edan no hacerlo.<\/p>\n<p>Cuando estoy sediento de sangre, mi aspecto produce verdadero horror: la piel contra\u00edda, las venas como sogas sobre los contornos de mis huesos\u2026 Pero ya no permito que tal cosa suceda, y el \u00fanico indicio de que no soy humano son las u\u00f1as\u2026<\/p>\n<p style=\"text-align: center;\"><strong>EL PR\u00cdNCIPE LESTAT<br \/>\n**Beber\u00e9 de tu sangre y t\u00fa beber\u00e1s de la m\u00eda<\/strong><\/p>\n<p><a href=\"http:\/\/www.diarioimagen.net\/?attachment_id=240541\" rel=\"attachment wp-att-240541\"><img loading=\"lazy\" decoding=\"async\" class=\"alignleft wp-image-240541 \" src=\"http:\/\/www.diarioimagen.net\/wp-content\/uploads\/2015\/10\/en-la-ruta-de-las-letras-31-157x240.jpg\" alt=\"en-la-ruta-de-las-letras-3\" width=\"121\" height=\"185\" srcset=\"https:\/\/www.diarioimagen.net\/wp-content\/uploads\/2015\/10\/en-la-ruta-de-las-letras-31-157x240.jpg 157w, https:\/\/www.diarioimagen.net\/wp-content\/uploads\/2015\/10\/en-la-ruta-de-las-letras-31-275x420.jpg 275w, https:\/\/www.diarioimagen.net\/wp-content\/uploads\/2015\/10\/en-la-ruta-de-las-letras-31.jpg 459w\" sizes=\"auto, (max-width: 121px) 100vw, 121px\" \/><\/a>El pr\u00edncipe Lestat representa el fascinante regreso de Anne Rice, reinventora del g\u00e9nero vamp\u00edrico. Una nueva y apasionante novela, una vuelta de tuerca en su cosmolog\u00eda vamp\u00edrica, un thriller escalofriante e hipn\u00f3tico.<\/p>\n<p>El mundo de las criaturas de la noche est\u00e1 sumido en una crisis: los vampiros han proliferado sin control y ahora han empezado a producirse pavorosos incendios en todo el mundo. Algunos vampiros ancianos despiertan de su sue\u00f1o bajo tierra y obedecen las \u00f3rdenes de una Voz que los incita a quemar indiscriminadamente a los j\u00f3venes no muertos, rebeldes que rondan por ciudades como Par\u00eds, Bombay, Hong Kong, Kyoto y San Francisco.<\/p>\n<p><strong>ANNE RICE<\/strong> (Nueva Orleans, 1941) es autora de las siguientes novelas agrupadas en series: Cr\u00f3nicas vamp\u00edricas (Entrevista con el vampiro, Lestat el vampiro, La reina de los condenados, El ladr\u00f3n de cuerpos, Memnoch el diablo, El vampiro Armand, Merrick, Sangre y oro, El santuario, C\u00e1ntico de sangre); Nuevos cuentos de vampiros (Pandora, Vittorio el vampiro); Las Brujas de Mayfair (La hora de las brujas, La voz del diablo, Taltos); la trilog\u00eda El Mes\u00edas (El ni\u00f1o jud\u00edo, Camino a Cana), reinterpretaci\u00f3n de los Evangelios; y Cr\u00f3nicas Ang\u00e9licas (La hora del \u00e1ngel y La prueba del \u00e1ngel). Todas sus obras han sido publicadas por Ediciones B.<\/p>\n<p><i><a href=\"mailto:patolina22@hotmail.com\" target=\"_blank\">patolina22@hotmail.com<\/a><\/i><\/p>\n","protected":false},"excerpt":{"rendered":"<p><span style=\"color: #005497;\"><strong>Patricia Correa<\/strong><\/span><br \/>\n<br \/>\nPero \u00bfcu\u00e1nta cinta tienes? Pregunt\u00f3 el vampiro, y se dio la vuelta para que el muchacho pudiera verle el perfil- \u00bfSuficiente para la historia de una vida?<\/p>\n","protected":false},"author":3,"featured_media":240541,"comment_status":"open","ping_status":"open","sticky":false,"template":"","format":"standard","meta":{"_monsterinsights_skip_tracking":false,"_monsterinsights_sitenote_active":false,"_monsterinsights_sitenote_note":"","_monsterinsights_sitenote_category":0,"footnotes":""},"categories":[156],"tags":[31104,43674,11392],"class_list":["post-240449","post","type-post","status-publish","format-standard","has-post-thumbnail","hentry","category-cultura","tag-en-la-ruta-de-las-letras","tag-opinion","tag-patricia-correa"],"_links":{"self":[{"href":"https:\/\/www.diarioimagen.net\/index.php?rest_route=\/wp\/v2\/posts\/240449","targetHints":{"allow":["GET"]}}],"collection":[{"href":"https:\/\/www.diarioimagen.net\/index.php?rest_route=\/wp\/v2\/posts"}],"about":[{"href":"https:\/\/www.diarioimagen.net\/index.php?rest_route=\/wp\/v2\/types\/post"}],"author":[{"embeddable":true,"href":"https:\/\/www.diarioimagen.net\/index.php?rest_route=\/wp\/v2\/users\/3"}],"replies":[{"embeddable":true,"href":"https:\/\/www.diarioimagen.net\/index.php?rest_route=%2Fwp%2Fv2%2Fcomments&post=240449"}],"version-history":[{"count":0,"href":"https:\/\/www.diarioimagen.net\/index.php?rest_route=\/wp\/v2\/posts\/240449\/revisions"}],"wp:featuredmedia":[{"embeddable":true,"href":"https:\/\/www.diarioimagen.net\/index.php?rest_route=\/wp\/v2\/media\/240541"}],"wp:attachment":[{"href":"https:\/\/www.diarioimagen.net\/index.php?rest_route=%2Fwp%2Fv2%2Fmedia&parent=240449"}],"wp:term":[{"taxonomy":"category","embeddable":true,"href":"https:\/\/www.diarioimagen.net\/index.php?rest_route=%2Fwp%2Fv2%2Fcategories&post=240449"},{"taxonomy":"post_tag","embeddable":true,"href":"https:\/\/www.diarioimagen.net\/index.php?rest_route=%2Fwp%2Fv2%2Ftags&post=240449"}],"curies":[{"name":"wp","href":"https:\/\/api.w.org\/{rel}","templated":true}]}}