{"id":240605,"date":"2015-10-30T00:06:57","date_gmt":"2015-10-30T06:06:57","guid":{"rendered":"http:\/\/www.diarioimagen.net\/?p=240605"},"modified":"2015-11-01T22:59:48","modified_gmt":"2015-11-02T04:59:48","slug":"propone-eruviel-avila-impulsar-gobiernos-locales-abiertos","status":"publish","type":"post","link":"https:\/\/www.diarioimagen.net\/?p=240605","title":{"rendered":"Propone Eruviel \u00c1vila impulsar gobiernos locales abiertos"},"content":{"rendered":"<ul>\n<li><strong><em>Transparencia y rendici\u00f3n de cuentas<\/em><\/strong><\/li>\n<\/ul>\n<p><a href=\"http:\/\/www.diarioimagen.net\/?attachment_id=240699\" rel=\"attachment wp-att-240699\"><img loading=\"lazy\" decoding=\"async\" class=\"aligncenter size-large wp-image-240699\" src=\"http:\/\/www.diarioimagen.net\/wp-content\/uploads\/2015\/10\/Eruviel-2730-420x236.jpg\" alt=\"Eruviel-2730\" width=\"420\" height=\"236\" srcset=\"https:\/\/www.diarioimagen.net\/wp-content\/uploads\/2015\/10\/Eruviel-2730-420x236.jpg 420w, https:\/\/www.diarioimagen.net\/wp-content\/uploads\/2015\/10\/Eruviel-2730-240x135.jpg 240w, https:\/\/www.diarioimagen.net\/wp-content\/uploads\/2015\/10\/Eruviel-2730-480x270.jpg 480w, https:\/\/www.diarioimagen.net\/wp-content\/uploads\/2015\/10\/Eruviel-2730-235x132.jpg 235w, https:\/\/www.diarioimagen.net\/wp-content\/uploads\/2015\/10\/Eruviel-2730-202x114.jpg 202w, https:\/\/www.diarioimagen.net\/wp-content\/uploads\/2015\/10\/Eruviel-2730-350x196.jpg 350w, https:\/\/www.diarioimagen.net\/wp-content\/uploads\/2015\/10\/Eruviel-2730-220x123.jpg 220w, https:\/\/www.diarioimagen.net\/wp-content\/uploads\/2015\/10\/Eruviel-2730-237x132.jpg 237w, https:\/\/www.diarioimagen.net\/wp-content\/uploads\/2015\/10\/Eruviel-2730.jpg 1200w\" sizes=\"auto, (max-width: 420px) 100vw, 420px\" \/><\/a><\/p>\n<p>Al participar en la Cumbre Global de la Alianza para el Gobierno Abierto, y en su calidad de presidente de la Conferencia Nacional de Gobernadores (Conago), el gobernador Eruviel \u00c1vila Villegas afirm\u00f3 que los gobernantes tienen la obligaci\u00f3n de transparentar el uso de los recursos p\u00fablicos y rendirle cuentas a la sociedad, por lo que propuso a nombre de todos los mandatarios del pa\u00eds, impulsar los gobiernos locales abiertos.<\/p>\n<p>\u201cLo menos que podemos hacer los gobernantes es transparentar y rendirle cuentas a quienes nos debemos, por quienes llegamos a esta responsabilidad. Por eso celebro la iniciativa del gobierno federal que ha impulsado el presidente Pe\u00f1a Nieto, de hacer de M\u00e9xico un verdadero gobierno abierto, transparente, que rinda cuentas, que combata la corrupci\u00f3n\u201d.<\/p>\n<p>La Alianza Mundial de Gobierno Abierto se integra por 66 pa\u00edses, y fue constituida en 2011 por las Naciones Unidas, con el objetivo de sumar esfuerzos para que los gobiernos sean m\u00e1s abiertos y transparentes, y que rindan cuentas a sus ciudadanos sobre las acciones que realizan.<\/p>\n<p>En este sentido, Eruviel \u00c1vila dijo que el esfuerzo de estas naciones que la conforman estar\u00eda incompleto si los otros niveles de gobierno no se suman y hacen la parte que les corresponde.<\/p>\n<p>Al participar en la Firma de Convenios de Colaboraci\u00f3n para Facilitar el Acceso, Uso y Redistribuci\u00f3n de Datos Abiertos, a trav\u00e9s de la p\u00e1gina de Internet: datos.gob.mx, destac\u00f3 la importancia de la conectividad\u00a0 y se\u00f1al\u00f3 que en el Estado de M\u00e9xico, durante su administraci\u00f3n, se han remodelado, adaptado, construido y equipado, m\u00e1s de 4 mil aulas telem\u00e1ticas y bibliotecas digitales, para acercar las tecnolog\u00edas de la informaci\u00f3n y dotar de equipos a estudiantes y escuelas p\u00fablicas.<\/p>\n<p>Por eso, hizo un llamado para impulsar la tecnolog\u00eda de la informaci\u00f3n y el gobierno abierto, a fin de que se traduzca en beneficios concretos para los estudiantes, la educaci\u00f3n, los temas de salud, e incrementar la competitividad de las respectivas entidades federativas, atraer inversi\u00f3n y generar m\u00e1s empleo.<\/p>\n<p>Eruviel \u00c1vila puso a consideraci\u00f3n de los interesados en la materia, la Ley de Gesti\u00f3n Digital del Estado de M\u00e9xico, que se discute actualmente en el Congreso mexiquense y que, de aprobarse, se convertir\u00e1 en la Ley del Gobierno Abierto del Estado de M\u00e9xico, y se traducir\u00e1 en servicios administrativos transparentes a trav\u00e9s de la red y sistemas automatizados, para darle mejores resultados a la poblaci\u00f3n y a la ciudadan\u00eda.<\/p>\n","protected":false},"excerpt":{"rendered":"<p>Al participar en la Cumbre Global de la Alianza para el Gobierno Abierto, y en su calidad de presidente de la Conferencia Nacional de Gobernadores (Conago), el gobernador Eruviel \u00c1vila Villegas afirm\u00f3 que los gobernantes tienen la obligaci\u00f3n de transparentar el uso de los recursos p\u00fablicos y rendirle cuentas a la sociedad, por lo que propuso a nombre de todos los mandatarios del pa\u00eds, impulsar los gobiernos locales abiertos.<\/p>\n","protected":false},"author":3,"featured_media":240699,"comment_status":"open","ping_status":"open","sticky":false,"template":"","format":"standard","meta":{"_monsterinsights_skip_tracking":false,"_monsterinsights_sitenote_active":false,"_monsterinsights_sitenote_note":"","_monsterinsights_sitenote_category":0,"footnotes":""},"categories":[5],"tags":[4277,4276,5828,43675],"class_list":["post-240605","post","type-post","status-publish","format-standard","has-post-thumbnail","hentry","category-estado-de-mexico","tag-conago","tag-conferencia-nacional-de-gobernadores","tag-eruviel-avila-villegas","tag-estado-de-mexico"],"_links":{"self":[{"href":"https:\/\/www.diarioimagen.net\/index.php?rest_route=\/wp\/v2\/posts\/240605","targetHints":{"allow":["GET"]}}],"collection":[{"href":"https:\/\/www.diarioimagen.net\/index.php?rest_route=\/wp\/v2\/posts"}],"about":[{"href":"https:\/\/www.diarioimagen.net\/index.php?rest_route=\/wp\/v2\/types\/post"}],"author":[{"embeddable":true,"href":"https:\/\/www.diarioimagen.net\/index.php?rest_route=\/wp\/v2\/users\/3"}],"replies":[{"embeddable":true,"href":"https:\/\/www.diarioimagen.net\/index.php?rest_route=%2Fwp%2Fv2%2Fcomments&post=240605"}],"version-history":[{"count":0,"href":"https:\/\/www.diarioimagen.net\/index.php?rest_route=\/wp\/v2\/posts\/240605\/revisions"}],"wp:featuredmedia":[{"embeddable":true,"href":"https:\/\/www.diarioimagen.net\/index.php?rest_route=\/wp\/v2\/media\/240699"}],"wp:attachment":[{"href":"https:\/\/www.diarioimagen.net\/index.php?rest_route=%2Fwp%2Fv2%2Fmedia&parent=240605"}],"wp:term":[{"taxonomy":"category","embeddable":true,"href":"https:\/\/www.diarioimagen.net\/index.php?rest_route=%2Fwp%2Fv2%2Fcategories&post=240605"},{"taxonomy":"post_tag","embeddable":true,"href":"https:\/\/www.diarioimagen.net\/index.php?rest_route=%2Fwp%2Fv2%2Ftags&post=240605"}],"curies":[{"name":"wp","href":"https:\/\/api.w.org\/{rel}","templated":true}]}}