{"id":240628,"date":"2015-10-30T00:03:42","date_gmt":"2015-10-30T06:03:42","guid":{"rendered":"http:\/\/www.diarioimagen.net\/?p=240628"},"modified":"2015-10-30T04:05:23","modified_gmt":"2015-10-30T10:05:23","slug":"insisten-en-que-debe-anularse-la-eleccion-de-alcalde-en-naucalpan","status":"publish","type":"post","link":"https:\/\/www.diarioimagen.net\/?p=240628","title":{"rendered":"Insisten en que debe anularse la elecci\u00f3n de alcalde en Naucalpan"},"content":{"rendered":"<ul>\n<li><strong><em>El caso Colima se queda corto: abogado<\/em><\/strong><\/li>\n<\/ul>\n<div id=\"attachment_240721\" style=\"width: 250px\" class=\"wp-caption alignleft\"><a href=\"http:\/\/www.diarioimagen.net\/?attachment_id=240721\" rel=\"attachment wp-att-240721\"><img loading=\"lazy\" decoding=\"async\" aria-describedby=\"caption-attachment-240721\" class=\"size-medium wp-image-240721\" src=\"http:\/\/www.diarioimagen.net\/wp-content\/uploads\/2015\/10\/NAUCALPAN-2730-1-240x135.jpg\" alt=\"Javier Ch\u00e1vez Tello, coordinador de abogados del ex candidato pri\u00edsta a la alcald\u00eda de Naucalpan, David Parra S\u00e1nchez.\" width=\"240\" height=\"135\" srcset=\"https:\/\/www.diarioimagen.net\/wp-content\/uploads\/2015\/10\/NAUCALPAN-2730-1-240x135.jpg 240w, https:\/\/www.diarioimagen.net\/wp-content\/uploads\/2015\/10\/NAUCALPAN-2730-1-420x236.jpg 420w, https:\/\/www.diarioimagen.net\/wp-content\/uploads\/2015\/10\/NAUCALPAN-2730-1-480x270.jpg 480w, https:\/\/www.diarioimagen.net\/wp-content\/uploads\/2015\/10\/NAUCALPAN-2730-1-235x132.jpg 235w, https:\/\/www.diarioimagen.net\/wp-content\/uploads\/2015\/10\/NAUCALPAN-2730-1-202x114.jpg 202w, https:\/\/www.diarioimagen.net\/wp-content\/uploads\/2015\/10\/NAUCALPAN-2730-1-350x196.jpg 350w, https:\/\/www.diarioimagen.net\/wp-content\/uploads\/2015\/10\/NAUCALPAN-2730-1-220x123.jpg 220w, https:\/\/www.diarioimagen.net\/wp-content\/uploads\/2015\/10\/NAUCALPAN-2730-1-237x132.jpg 237w, https:\/\/www.diarioimagen.net\/wp-content\/uploads\/2015\/10\/NAUCALPAN-2730-1.jpg 700w\" sizes=\"auto, (max-width: 240px) 100vw, 240px\" \/><\/a><p id=\"caption-attachment-240721\" class=\"wp-caption-text\">Javier Ch\u00e1vez Tello, coordinador de abogados del ex candidato pri\u00edsta a la alcald\u00eda de Naucalpan, David Parra S\u00e1nchez.<\/p><\/div>\n<p><strong>Naucalpan, Estado de M\u00e9xico<\/strong>.- Lo que sucedi\u00f3 en Colima, es infinitamente menor a las irregularidades y violaciones a ley que se tuvieron en las elecciones del pasado domingo 7 de junio en Naucalpan\u201d.<\/p>\n<p>As\u00ed lo consider\u00f3, Javier Ch\u00e1vez Tello, coordinador de abogados del ex candidato del PRI a la alcald\u00eda del lugar, David Parra S\u00e1nchez.<\/p>\n<p>Se\u00f1al\u00f3 categ\u00f3rico que sin medir ning\u00fan respeto a la ley, y a la Constituci\u00f3n Pol\u00edtica del Estado Libre y Soberano de M\u00e9xico en su art\u00edculo 119 fracci\u00f3n segunda y tercera, en principio, se le permiti\u00f3 al postulante del PAN, Edgar Olvera Higuera, participar en la renovaci\u00f3n del ayuntamiento, sin residir con \u00e1nimo de permanecer en Naucalpan y vivir en otro municipio como est\u00e1 comprobado con fe de hechos notariales, y con una nota criminal por falsedad de declaraci\u00f3n es ante autoridad distinta a la Judicial.<\/p>\n<p>Precis\u00f3 que con fecha 17 de agosto del 2015, se comprueba mediante fe de hechos notarial, que el aut\u00e9ntico domicilio de Olvera es el fraccionamiento Valle Escondido, en Atizap\u00e1n de Zaragoza.<\/p>\n<p>Asimismo, resalt\u00f3 que esa condici\u00f3n lo hace inelegible para contender por la presidencia municipal y sin embargo, compiti\u00f3 abiertamente.<\/p>\n<p>\u201cEs inaudito que no se haya tomado en cuenta el delito, por falsedad de declaraci\u00f3n y obtener su registro como candidato formal de Acci\u00f3n Nacional\u201d, concluy\u00f3.<\/p>\n<p>&nbsp;<\/p>\n","protected":false},"excerpt":{"rendered":"<p> Lo que sucedi\u00f3 en Colima, es infinitamente menor a las irregularidades y violaciones a ley que se tuvieron en las elecciones del pasado domingo 7 de junio en Naucalpan\u201d.<\/p>\n","protected":false},"author":3,"featured_media":240721,"comment_status":"open","ping_status":"open","sticky":false,"template":"","format":"standard","meta":{"_monsterinsights_skip_tracking":false,"_monsterinsights_sitenote_active":false,"_monsterinsights_sitenote_note":"","_monsterinsights_sitenote_category":0,"footnotes":""},"categories":[35155],"tags":[5550,43675,970],"class_list":["post-240628","post","type-post","status-publish","format-standard","has-post-thumbnail","hentry","category-estado-de-mexico-estado-de-mexico","tag-comicios","tag-estado-de-mexico","tag-naucalpan"],"_links":{"self":[{"href":"https:\/\/www.diarioimagen.net\/index.php?rest_route=\/wp\/v2\/posts\/240628","targetHints":{"allow":["GET"]}}],"collection":[{"href":"https:\/\/www.diarioimagen.net\/index.php?rest_route=\/wp\/v2\/posts"}],"about":[{"href":"https:\/\/www.diarioimagen.net\/index.php?rest_route=\/wp\/v2\/types\/post"}],"author":[{"embeddable":true,"href":"https:\/\/www.diarioimagen.net\/index.php?rest_route=\/wp\/v2\/users\/3"}],"replies":[{"embeddable":true,"href":"https:\/\/www.diarioimagen.net\/index.php?rest_route=%2Fwp%2Fv2%2Fcomments&post=240628"}],"version-history":[{"count":0,"href":"https:\/\/www.diarioimagen.net\/index.php?rest_route=\/wp\/v2\/posts\/240628\/revisions"}],"wp:featuredmedia":[{"embeddable":true,"href":"https:\/\/www.diarioimagen.net\/index.php?rest_route=\/wp\/v2\/media\/240721"}],"wp:attachment":[{"href":"https:\/\/www.diarioimagen.net\/index.php?rest_route=%2Fwp%2Fv2%2Fmedia&parent=240628"}],"wp:term":[{"taxonomy":"category","embeddable":true,"href":"https:\/\/www.diarioimagen.net\/index.php?rest_route=%2Fwp%2Fv2%2Fcategories&post=240628"},{"taxonomy":"post_tag","embeddable":true,"href":"https:\/\/www.diarioimagen.net\/index.php?rest_route=%2Fwp%2Fv2%2Ftags&post=240628"}],"curies":[{"name":"wp","href":"https:\/\/api.w.org\/{rel}","templated":true}]}}