{"id":240886,"date":"2015-11-02T00:10:22","date_gmt":"2015-11-02T06:10:22","guid":{"rendered":"http:\/\/www.diarioimagen.net\/?p=240886"},"modified":"2015-11-02T04:19:45","modified_gmt":"2015-11-02T10:19:45","slug":"fayad-y-su-manoso-debate-sobre-internet","status":"publish","type":"post","link":"https:\/\/www.diarioimagen.net\/?p=240886","title":{"rendered":"Fayad y su ma\u00f1oso debate sobre Internet"},"content":{"rendered":"<h2>Tras la puerta del poder<\/h2>\n<h5>Roberto Vizca\u00edno<\/h5>\n<p>&nbsp;<\/p>\n<ul>\n<li><strong><em>El senador hidalguense us\u00f3 medi\u00e1ticamente el caso para ganar popularidad en medios<\/em><\/strong><\/li>\n<li><strong><em>Su iniciativa viola la libertad de expresi\u00f3n e informaci\u00f3n y no tiene futuro<\/em><\/strong><\/li>\n<li><strong><em>Omar act\u00faa contra la pol\u00edtica digital del presidente Enrique Pe\u00f1a Nieto<\/em><\/strong><\/li>\n<\/ul>\n<p>&nbsp;<\/p>\n<div id=\"attachment_240962\" style=\"width: 430px\" class=\"wp-caption aligncenter\"><a href=\"http:\/\/www.diarioimagen.net\/?attachment_id=240962\" rel=\"attachment wp-att-240962\"><img loading=\"lazy\" decoding=\"async\" aria-describedby=\"caption-attachment-240962\" class=\"size-large wp-image-240962\" src=\"http:\/\/www.diarioimagen.net\/wp-content\/uploads\/2015\/11\/san-francisco-RAMON-2731-420x280.jpg\" alt=\"Dan Francisco... | Ram\u00f3n\" width=\"420\" height=\"280\" srcset=\"https:\/\/www.diarioimagen.net\/wp-content\/uploads\/2015\/11\/san-francisco-RAMON-2731-420x280.jpg 420w, https:\/\/www.diarioimagen.net\/wp-content\/uploads\/2015\/11\/san-francisco-RAMON-2731-240x160.jpg 240w\" sizes=\"auto, (max-width: 420px) 100vw, 420px\" \/><\/a><p id=\"caption-attachment-240962\" class=\"wp-caption-text\">Dan Francisco&#8230; | Ram\u00f3n<\/p><\/div>\n<p>&nbsp;<\/p>\n<p>El senador hidalguense, Omar Fayad, siempre ha querido ser gobernador. Y sabe que entre diciembre y enero pr\u00f3ximos se definir\u00e1n las 12 candidaturas del PRI a igual n\u00famero de estados que tendr\u00e1n comicios el 5 de junio de 2016 para la renovaci\u00f3n de sus mandatarios.<\/p>\n<p>Entre ellos est\u00e1 Hidalgo.<\/p>\n<p>Con 53 a\u00f1os cumplidos Fayad sabe que est\u00e1 frente a la \u00faltima oportunidad de gobernar su estado\u2026 y est\u00e1 plenamente consciente de que no tiene la mejor posici\u00f3n para ser el elegido.<\/p>\n<p>En Hidalgo no ha habido alternancia. Es uno de los pocos estados donde las preferencias electorales son todav\u00eda para el PRI.<\/p>\n<p>Este a\u00f1o, como los anteriores, tampoco hay opositores de otros partidos que tengan posibilidades reales de arrebatarle el triunfo al que resulte candidato del tricolor. Y no existen fracturas dentro del pri\u00edsmo hidalguense que adviertan que habr\u00e1 alg\u00fan \u201cindependiente\u201d o \u201cbronco\u201d que pudiera armar l\u00edos.<\/p>\n<p>Todo eso lo sabe Fayad como sabe que delante de \u00e9l van su compa\u00f1ero senador David Penchyna y la diputada Carolina Viggiano Austria.<\/p>\n<p>Las curr\u00edculas de los 3 son muy similares:<\/p>\n<p>Fayad, nacido el 26 de agosto de 1962 no s\u00f3lo es abogado como sus otros 2 competidores, sino el de m\u00e1s edad. Por lo dem\u00e1s ha sido casi lo mismo que ellos: secretario estatal de Educaci\u00f3n, luego de Agricultura y despu\u00e9s de Desarrollo Social; Procurador de Justicia y alcalde de Pachuca; 2 veces diputado federal y ahora senador.<\/p>\n<p>Penchyna, por su parte, nacido el 10 de marzo de 1965 ha sido secretario estatal de Desarrollo Social y de Desarrollo Econ\u00f3mico y 2 veces diputado federal y una senador.<\/p>\n<p>Carolina nacida el 6 de julio del emblem\u00e1tico a\u00f1o de 1968, ha sido secretaria de Desarrollo Social, diputada local y 2 veces diputada federal.<\/p>\n<p>Frente a estos elementos y en el contexto actual donde los j\u00f3venes presionan cada vez m\u00e1s todas las actividades y \u00e1reas pol\u00edticas y del poder, Fayad no tiene m\u00e1s futuro que el de \u201cahora o nunca\u201d.<\/p>\n<p style=\"text-align: center;\"><strong>LEY FAYAD<\/strong><\/p>\n<p>Quiz\u00e1 es por eso que invent\u00f3 y propuso la semana pasada debatir y aprobar la Ley Federal para Prevenir y Sancionar los Delitos Inform\u00e1ticos, que en los medios informativos se le ha bautizado \u201cla Ley Fayad\u201d.<\/p>\n<p>Llena de lugares comunes y refritos de reclamos ciudadanos, la iniciativa de Fayad logr\u00f3 su objetivo principal: llam\u00f3 la atenci\u00f3n de los medios y espacios preferentes en las primeras planas de los diarios y los noticiarios de radio y TV.<\/p>\n<p>En las redes sociales el asunto comenz\u00f3 a cobrar inter\u00e9s y seguro se convertir\u00e1 en hashtag en los siguientes d\u00edas.<\/p>\n<p>No pocos sintieron que las propuestas de Fayad para reglamentar, controlar y penalizar las actividades y mensajes e informaciones que circulan por Internet violan el derecho esencial a la expresi\u00f3n y la informaci\u00f3n y colocar\u00edan a M\u00e9xico en el contexto internacional como un pa\u00eds abiertamente represor.<\/p>\n<p>Los argumentos de Fayad son insostenibles porque ya existe todo un entramado de leyes penales y civiles que definen y castigan los delitos que se pueden cometer v\u00eda Internet.<\/p>\n<p>Lo que hace falta es aplicarlas y disminuir la impunidad.<\/p>\n<p>El fraude, la violaci\u00f3n sexual o de privacidad, el acoso, el da\u00f1o patrimonial, el da\u00f1o moral, etc. son delitos establecidos ya en c\u00f3digos existentes.<\/p>\n<p>No hace falta ninguna legislaci\u00f3n \u201cdigital\u201d para disminuirlos en Internet.<\/p>\n<p>Esto, como todo lo dem\u00e1s, lo sab\u00eda bien Fayad, pero necesitaba atraer reflectores medi\u00e1ticos para reposicionarse frente a la selecci\u00f3n de candidatos pri\u00edstas a gobernador.<\/p>\n<p style=\"text-align: center;\"><strong>A CONTRACORRIENTE<\/strong><\/p>\n<p>Y lo sabe como seguramente est\u00e1 enterado que en el mundo y ahora en M\u00e9xico hay una inercia que hace pr\u00e1cticamente imposible pretender regular o controlar el Internet.<\/p>\n<p>No lo ha podido hacer la clase gobernante en China, o Putin en Rusia o Obama en EU ante filtraciones como las de WikiLeaks; ni los Castro en Cuba, ni Maduro en Venezuela.<\/p>\n<p>Adem\u00e1s creo que Fayad escogi\u00f3 no s\u00f3lo mal tema para reposicionarse hacia la candidatura del PRI en Hidalgo, sino porque justamente el pasado fin de semana el presidente Enrique Pe\u00f1a Nieto encabez\u00f3 aqu\u00ed la Cumbre Global de la Alianza para el Gobierno Abierto, mecanismo del cual fue presidente durante el a\u00f1o anterior y que re\u00fane a 65 naciones en un esfuerzo: potenciar las nuevas tecnolog\u00edas de la informaci\u00f3n para gobernar mejor y m\u00e1s democr\u00e1ticamente.<\/p>\n<p>Entonces lo que propone Fayad es lo contrario que impulsa Pe\u00f1a Nieto.<\/p>\n<p>Mientras el mandatario mexicano busca abrir las puertas del Internet al mayor n\u00famero de mexicanos \u2014recordemos que ha decidido entregar computadoras y tablets a todos los alumnos de 5 y 6 a\u00f1o de primaria-, Fayad intenta limitarlos.<\/p>\n<p>En la cumbre, a la que asistieron decenas de jefes de estado y l\u00edderes del mundo, Pe\u00f1a Nieto indic\u00f3 que el uso de las nuevas tecnolog\u00edas de la informaci\u00f3n, de las cuales el Internet es el eje central, \u201cson un instrumento moderno e innovador que permite a los ciudadanos saber con mayor precisi\u00f3n qu\u00e9 hacen sus autoridades y adem\u00e1s participar activamente en los asuntos p\u00fablicos\u2026.<\/p>\n<p>\u201cLos gobiernos abiertos crean puentes y plataformas que acercan a ciudadanos y autoridades para colaborar juntos en la b\u00fasqueda de soluciones a problemas que enfrenta cualquier sociedad\u201d, agreg\u00f3.<\/p>\n<p>Bueno, tanto quiere impulsar el Gobierno Abierto para M\u00e9xico que ha decidido someter a una vigilancia ciudadana total a todo lo que se licite en la construcci\u00f3n del nuevo Aeropuerto de la Ciudad de M\u00e9xico, sin duda el proyecto m\u00e1s importante de su administraci\u00f3n.<\/p>\n<p>Olvid\u00e9monos del articulado que act\u00faa contra la libertad de expresi\u00f3n e informaci\u00f3n que la iniciativa loca y por dem\u00e1s ma\u00f1osa del senador Fayad impulsa.<\/p>\n<p>Veamos los n\u00fameros y porcentajes de la expansi\u00f3n de Internet en M\u00e9xico:<\/p>\n<p>-Mientras en 2010 hab\u00eda unos 13 millones de internautas, a 5 a\u00f1os en M\u00e9xico existen hoy 68 millones de usuarios de Internet. Es decir, en apenas 5 a\u00f1os este universo creci\u00f3 en 53 millones y apunta a que en 2018 habr\u00e1 unos 75 a 80 millones en total.<\/p>\n<p>-Seg\u00fan Google, sin duda la mayor empresa dentro de Internet, en el mundo existen hoy m\u00e1s dispositivos digitales \u2014cel, tablets, compus-, que cepillos de dientes.<\/p>\n<p>-De los 68 millones de internautas mexicanos, el 11% ni\u00f1os de 6 a 11 a\u00f1os; el 22% tiene de 12 a 17 a\u00f1os; el 21% cuenta entre 18 a 24 a\u00f1os; el 19% de 25 a 34 a\u00f1os; el 12<\/p>\n<p>-% de 35 a 44 a\u00f1os de edad; el 10% de 45 a 54 y el 10% de 55 a\u00f1os en adelante.<\/p>\n<p>-Esto significa que un 40% de estos internautas se encuentran en la franja m\u00e1s cr\u00edtica que es la de los 18 a los 35 a\u00f1os de edad.<\/p>\n<p>-El INE afirma que 14 millones de j\u00f3venes \u00a0votar\u00e1n por primera vez en 2018 en una presidencial.<\/p>\n<p>-De acuerdo a los estudios de Google, el 50% del consumo de videos se realiza a trav\u00e9s de celulares o tablets.<\/p>\n<p>-Los usuarios de Internet en M\u00e9xico hacen que este pa\u00eds sea el cuarto en ingresos a Youtube.<\/p>\n<p>&#8211;\u00a0El mayor crecimiento de uso de redes sociales e Internet en M\u00e9xico es entre j\u00f3venes de estratos marginales. Pueden carecer de pisos de cemento en sus casas, o de agua o drenaje\u2026 o para comer, pero cuentan con un celular.<\/p>\n<p>Es contra esta avasalladora inercia contra la que quiere actuar Fayad\u2026 o s\u00f3lo ha usado ma\u00f1osa, manipuladoramente el tema para posicionarse como un aspirante a la gubernatura de su estado. Yo creo que es esto \u00faltimo.<\/p>\n<p><em><a href=\"mailto:rvizcainoa@gmail.com\" target=\"_blank\">rvizcainoa@gmail.com<\/a><\/em><\/p>\n","protected":false},"excerpt":{"rendered":"<p><span style=\"color: #005497;\"><strong>Roberto Vizca\u00edno<\/strong><\/span><br \/>\n<br \/>\nEl senador hidalguense, Omar Fayad, siempre ha querido ser gobernador. Y sabe que entre diciembre y enero pr\u00f3ximos se definir\u00e1n las 12 candidaturas del PRI a igual n\u00famero de estados que tendr\u00e1n comicios el 5 de junio de 2016 para la renovaci\u00f3n de sus mandatarios.<\/p>\n","protected":false},"author":3,"featured_media":240962,"comment_status":"open","ping_status":"open","sticky":false,"template":"","format":"standard","meta":{"_monsterinsights_skip_tracking":false,"_monsterinsights_sitenote_active":false,"_monsterinsights_sitenote_note":"","_monsterinsights_sitenote_category":0,"footnotes":""},"categories":[136],"tags":[43674,93,94],"class_list":["post-240886","post","type-post","status-publish","format-standard","has-post-thumbnail","hentry","category-roberto-vizcaino-opinion","tag-opinion","tag-roberto-vizcaino","tag-tras-la-puerta-del-poder"],"_links":{"self":[{"href":"https:\/\/www.diarioimagen.net\/index.php?rest_route=\/wp\/v2\/posts\/240886","targetHints":{"allow":["GET"]}}],"collection":[{"href":"https:\/\/www.diarioimagen.net\/index.php?rest_route=\/wp\/v2\/posts"}],"about":[{"href":"https:\/\/www.diarioimagen.net\/index.php?rest_route=\/wp\/v2\/types\/post"}],"author":[{"embeddable":true,"href":"https:\/\/www.diarioimagen.net\/index.php?rest_route=\/wp\/v2\/users\/3"}],"replies":[{"embeddable":true,"href":"https:\/\/www.diarioimagen.net\/index.php?rest_route=%2Fwp%2Fv2%2Fcomments&post=240886"}],"version-history":[{"count":0,"href":"https:\/\/www.diarioimagen.net\/index.php?rest_route=\/wp\/v2\/posts\/240886\/revisions"}],"wp:featuredmedia":[{"embeddable":true,"href":"https:\/\/www.diarioimagen.net\/index.php?rest_route=\/wp\/v2\/media\/240962"}],"wp:attachment":[{"href":"https:\/\/www.diarioimagen.net\/index.php?rest_route=%2Fwp%2Fv2%2Fmedia&parent=240886"}],"wp:term":[{"taxonomy":"category","embeddable":true,"href":"https:\/\/www.diarioimagen.net\/index.php?rest_route=%2Fwp%2Fv2%2Fcategories&post=240886"},{"taxonomy":"post_tag","embeddable":true,"href":"https:\/\/www.diarioimagen.net\/index.php?rest_route=%2Fwp%2Fv2%2Ftags&post=240886"}],"curies":[{"name":"wp","href":"https:\/\/api.w.org\/{rel}","templated":true}]}}