{"id":241020,"date":"2015-11-03T00:13:02","date_gmt":"2015-11-03T06:13:02","guid":{"rendered":"http:\/\/www.diarioimagen.net\/?p=241020"},"modified":"2015-11-03T03:51:24","modified_gmt":"2015-11-03T09:51:24","slug":"llamado-a-construir-puentes-de-unidad","status":"publish","type":"post","link":"https:\/\/www.diarioimagen.net\/?p=241020","title":{"rendered":"Llamado a construir puentes de unidad"},"content":{"rendered":"<h2>Arco Norte<\/h2>\n<h5>Jos\u00e9 Luis Monta\u00f1ez Aguilar<\/h5>\n<p>&nbsp;<\/p>\n<div id=\"attachment_241100\" style=\"width: 430px\" class=\"wp-caption aligncenter\"><a href=\"http:\/\/www.diarioimagen.net\/?attachment_id=241100\" rel=\"attachment wp-att-241100\"><img loading=\"lazy\" decoding=\"async\" aria-describedby=\"caption-attachment-241100\" class=\"size-large wp-image-241100\" src=\"http:\/\/www.diarioimagen.net\/wp-content\/uploads\/2015\/11\/arco-2732-420x236.jpg\" alt=\"Eruviel \u00c1vila - Conferencia de prensa Cumbre de Gobernadores y Premieres de Am\u00e9rica del Norte.\" width=\"420\" height=\"236\" srcset=\"https:\/\/www.diarioimagen.net\/wp-content\/uploads\/2015\/11\/arco-2732-420x236.jpg 420w, https:\/\/www.diarioimagen.net\/wp-content\/uploads\/2015\/11\/arco-2732-240x135.jpg 240w, https:\/\/www.diarioimagen.net\/wp-content\/uploads\/2015\/11\/arco-2732-480x270.jpg 480w, https:\/\/www.diarioimagen.net\/wp-content\/uploads\/2015\/11\/arco-2732-235x132.jpg 235w, https:\/\/www.diarioimagen.net\/wp-content\/uploads\/2015\/11\/arco-2732-202x114.jpg 202w, https:\/\/www.diarioimagen.net\/wp-content\/uploads\/2015\/11\/arco-2732-350x196.jpg 350w, https:\/\/www.diarioimagen.net\/wp-content\/uploads\/2015\/11\/arco-2732-220x123.jpg 220w, https:\/\/www.diarioimagen.net\/wp-content\/uploads\/2015\/11\/arco-2732-237x132.jpg 237w, https:\/\/www.diarioimagen.net\/wp-content\/uploads\/2015\/11\/arco-2732.jpg 1200w\" sizes=\"auto, (max-width: 420px) 100vw, 420px\" \/><\/a><p id=\"caption-attachment-241100\" class=\"wp-caption-text\">Eruviel \u00c1vila &#8211; Conferencia de prensa Cumbre de Gobernadores y Premieres de Am\u00e9rica del Norte.<\/p><\/div>\n<p>Al participar en la clausura de la Primera Cumbre de Gobernadores y Premieres de Am\u00e9rica del Norte en Colorado Springs, el gobernador Eruviel \u00c1vila Villegas sostuvo que a trav\u00e9s de la historia se ha descubierto que los muros de odio, discriminaci\u00f3n y segregaci\u00f3n llevan hacia atr\u00e1s en todos los sentidos, por ello, la unidad para la prosperidad es la raz\u00f3n por la que se ha decidido caminar juntos para el bienestar de esta regi\u00f3n del continente.<\/p>\n<p>En su calidad de presidente de la Conferencia Nacional de Gobernadores (Conago), Eruviel \u00c1vila destac\u00f3 la buena disposici\u00f3n de los mandatarios de M\u00e9xico, Estados Unidos y Canad\u00e1 para impulsar una agenda precisa, que en el corto, mediano y largo plazos, consolide a Am\u00e9rica del Norte como una potencia econ\u00f3mica mundial.<\/p>\n<p>\u201cLa Conago ha planteado el inicio de una agenda en com\u00fan entre los gobiernos locales de las tres naciones, que lleve beneficios concretos a los ciudadanos y nos permita consolidar a Norteam\u00e9rica como un gran bloque econ\u00f3mico, cultural, ambiental y tecnol\u00f3gico\u201d, agreg\u00f3.<\/p>\n<p>El gobernador mexiquense dijo que con los acuerdos alcanzados se prev\u00e9 iniciar acciones para fomentar la movilidad estudiantil, adem\u00e1s de trabajar en la vinculaci\u00f3n de los empresarios de las tres naciones para generar mayor intercambio comercial. Ante el embajador de M\u00e9xico en Estados Unidos, Miguel Bas\u00e1\u00f1ez, Eruviel \u00c1vila invit\u00f3 a sus pares a consolidar a Am\u00e9rica del Norte como potencia econ\u00f3mica, propuesta que fue bien recibida por sus hom\u00f3logos de Estados Unidos y Canad\u00e1.<\/p>\n<p>El gobernador Eruviel \u00c1vila reiter\u00f3 la invitaci\u00f3n a los Gobernadores y Premieres de Canad\u00e1 para realizar en M\u00e9xico el siguiente encuentro y dar cuenta de los avances y logros de esta reuni\u00f3n hist\u00f3rica.<\/p>\n<p>Los trabajos de la Primera Cumbre de Gobernadores y Premieres de Am\u00e9rica del Norte\u00a0 incluyeron el desarrollo de tres paneles con los temas: Inversi\u00f3n en Infraestructura Innovadora; Innovaci\u00f3n Econ\u00f3mica de Am\u00e9rica del Norte, y Empleo, Inversi\u00f3n en Norteam\u00e9rica.<\/p>\n<p>Por M\u00e9xico participaron los gobernadores de Hidalgo; Jos\u00e9 Francisco Olvera Ruiz; de Jalisco, Arist\u00f3teles Sandoval D\u00edaz; de Puebla, Rafael Moreno Valle; de Quintana Roo, Roberto Borge Angulo y de Yucat\u00e1n, Rolando Rodrigo Zapata Bello, as\u00ed como representantes de diversas entidades federativas.<\/p>\n<p><em><a href=\"mailto:montanezaguilar@gmail.com\" target=\"_blank\">montanezaguilar@gmail.com<\/a><\/em><\/p>\n","protected":false},"excerpt":{"rendered":"<p><span style=\"color: #005497;\">Jos\u00e9 Luis Monta\u00f1ez Aguilar<\/span><br \/>\n<br \/>\nAl participar en la clausura de la Primera Cumbre de Gobernadores y Premieres de Am\u00e9rica del Norte en Colorado Springs, el gobernador Eruviel \u00c1vila Villegas sostuvo que a trav\u00e9s de la historia se ha descubierto que los muros de odio, discriminaci\u00f3n y segregaci\u00f3n llevan hacia atr\u00e1s en todos los sentidos, por ello, la unidad para la prosperidad es la raz\u00f3n por la que se ha decidido caminar juntos para el bienestar de esta regi\u00f3n del continente. <\/p>\n","protected":false},"author":3,"featured_media":241100,"comment_status":"open","ping_status":"open","sticky":false,"template":"","format":"standard","meta":{"_monsterinsights_skip_tracking":false,"_monsterinsights_sitenote_active":false,"_monsterinsights_sitenote_note":"","_monsterinsights_sitenote_category":0,"footnotes":""},"categories":[5],"tags":[13284,43675,43704,43674],"class_list":["post-241020","post","type-post","status-publish","format-standard","has-post-thumbnail","hentry","category-estado-de-mexico","tag-arco-norte","tag-estado-de-mexico","tag-jose-luis-montanez-aguilar","tag-opinion"],"_links":{"self":[{"href":"https:\/\/www.diarioimagen.net\/index.php?rest_route=\/wp\/v2\/posts\/241020","targetHints":{"allow":["GET"]}}],"collection":[{"href":"https:\/\/www.diarioimagen.net\/index.php?rest_route=\/wp\/v2\/posts"}],"about":[{"href":"https:\/\/www.diarioimagen.net\/index.php?rest_route=\/wp\/v2\/types\/post"}],"author":[{"embeddable":true,"href":"https:\/\/www.diarioimagen.net\/index.php?rest_route=\/wp\/v2\/users\/3"}],"replies":[{"embeddable":true,"href":"https:\/\/www.diarioimagen.net\/index.php?rest_route=%2Fwp%2Fv2%2Fcomments&post=241020"}],"version-history":[{"count":0,"href":"https:\/\/www.diarioimagen.net\/index.php?rest_route=\/wp\/v2\/posts\/241020\/revisions"}],"wp:featuredmedia":[{"embeddable":true,"href":"https:\/\/www.diarioimagen.net\/index.php?rest_route=\/wp\/v2\/media\/241100"}],"wp:attachment":[{"href":"https:\/\/www.diarioimagen.net\/index.php?rest_route=%2Fwp%2Fv2%2Fmedia&parent=241020"}],"wp:term":[{"taxonomy":"category","embeddable":true,"href":"https:\/\/www.diarioimagen.net\/index.php?rest_route=%2Fwp%2Fv2%2Fcategories&post=241020"},{"taxonomy":"post_tag","embeddable":true,"href":"https:\/\/www.diarioimagen.net\/index.php?rest_route=%2Fwp%2Fv2%2Ftags&post=241020"}],"curies":[{"name":"wp","href":"https:\/\/api.w.org\/{rel}","templated":true}]}}