{"id":241031,"date":"2015-11-03T00:01:13","date_gmt":"2015-11-03T06:01:13","guid":{"rendered":"http:\/\/www.diarioimagen.net\/?p=241031"},"modified":"2015-11-04T00:56:55","modified_gmt":"2015-11-04T06:56:55","slug":"para-celebrar-30-anos-de-servicio-copa-airlines-festeja-con-orgullo-el-servicio-aereo-ininterrumpido-a-republica-dominicana","status":"publish","type":"post","link":"https:\/\/www.diarioimagen.net\/?p=241031","title":{"rendered":"Para celebrar 30 a\u00f1os de servicio, <em>Copa Airlines<\/em> festeja con orgullo el servicio a\u00e9reo ininterrumpido a Rep\u00fablica Dominicana"},"content":{"rendered":"<h2>De cinco estrellas<\/h2>\n<h5>Victoria Gonz\u00e1lez Prado<\/h5>\n<p>&nbsp;<\/p>\n<ul>\n<li><em><strong>Durante los pr\u00f3ximos cinco a\u00f1os se realizar\u00e1 la F\u00f3rmula-1 en la ciudad de M\u00e9xico, lo cual generar\u00e1 m\u00e1s de 2 mil mdd<\/strong><\/em><\/li>\n<li><strong>Azul Brazilian Airlines<\/strong><em><strong> y <\/strong><\/em><strong>United<\/strong><em><strong> firman acuerdo de c\u00f3digo compartido<\/strong><\/em><\/li>\n<li><em><strong>La cadena hotelera Riu lanza su propio blog para tener presencia en redes sociales<\/strong><\/em><\/li>\n<\/ul>\n<div id=\"attachment_241138\" style=\"width: 430px\" class=\"wp-caption aligncenter\"><a href=\"http:\/\/www.diarioimagen.net\/?attachment_id=241138\" rel=\"attachment wp-att-241138\"><img loading=\"lazy\" decoding=\"async\" aria-describedby=\"caption-attachment-241138\" class=\"size-large wp-image-241138\" src=\"http:\/\/www.diarioimagen.net\/wp-content\/uploads\/2015\/11\/Turismo-2732-420x236.jpg\" alt=\"Pedro Heilbron, Claudia Zuluaga Alam y H\u00e9ctor Alc\u00e1ntara.\" width=\"420\" height=\"236\" srcset=\"https:\/\/www.diarioimagen.net\/wp-content\/uploads\/2015\/11\/Turismo-2732-420x236.jpg 420w, https:\/\/www.diarioimagen.net\/wp-content\/uploads\/2015\/11\/Turismo-2732-240x135.jpg 240w, https:\/\/www.diarioimagen.net\/wp-content\/uploads\/2015\/11\/Turismo-2732-480x270.jpg 480w, https:\/\/www.diarioimagen.net\/wp-content\/uploads\/2015\/11\/Turismo-2732-235x132.jpg 235w, https:\/\/www.diarioimagen.net\/wp-content\/uploads\/2015\/11\/Turismo-2732-202x114.jpg 202w, https:\/\/www.diarioimagen.net\/wp-content\/uploads\/2015\/11\/Turismo-2732-350x196.jpg 350w, https:\/\/www.diarioimagen.net\/wp-content\/uploads\/2015\/11\/Turismo-2732-220x123.jpg 220w, https:\/\/www.diarioimagen.net\/wp-content\/uploads\/2015\/11\/Turismo-2732-237x132.jpg 237w, https:\/\/www.diarioimagen.net\/wp-content\/uploads\/2015\/11\/Turismo-2732.jpg 1200w\" sizes=\"auto, (max-width: 420px) 100vw, 420px\" \/><\/a><p id=\"caption-attachment-241138\" class=\"wp-caption-text\">Pedro Heilbron, Claudia Zuluaga Alam y H\u00e9ctor Alc\u00e1ntara.<\/p><\/div>\n<p>Para celebrar 30 a\u00f1os de servicio, <em>Copa Airlines,<\/em> miembro de la red global de aerol\u00edneas <em>Star Alliance<\/em>, festeja con orgullo sus 30 a\u00f1os de servicio a\u00e9reo ininterrumpido a Rep\u00fablica Dominicana. Luego de tres d\u00e9cadas la aerol\u00ednea opera 72 vuelos semanales a tres de los destinos m\u00e1s importantes del pa\u00eds, al tiempo que posee uno de sus cinco <em>Copa Clubs<\/em> de Latinoam\u00e9rica en el Aeropuerto Internacional Las Am\u00e9ricas, ofreciendo a los pasajeros dominicanos un servicio de clase mundial y la conexi\u00f3n m\u00e1s eficiente con mercados estrat\u00e9gicos como Panam\u00e1, Centro y Sudam\u00e9rica.<\/p>\n<p>Los actos de celebraci\u00f3n iniciaron en el Palacio Nacional, con una visita al presidente <strong>Danilo Medina<\/strong>, quien recibi\u00f3 al presidente ejecutivo de la aerol\u00ednea, <strong>Pedro Heilbron<\/strong> y a la gerente general en el pa\u00eds, <strong>Claudia Zuluaga Alam<\/strong>. Durante el encuentro, los ejecutivos de la compa\u00f1\u00eda a\u00e9rea reiteraron al presidente <strong>Medina<\/strong> su compromiso con el presente y el futuro del turismo y los negocios de la Rep\u00fablica Dominicana.<\/p>\n<p>En el marco de esta importante reuni\u00f3n, <strong>Heilbron<\/strong> manifest\u00f3: \u201cestamos orgullosos de cumplir 30 a\u00f1os de conectar a este maravilloso pa\u00eds con el resto del continente y poder ofrecer mayores oportunidades para el desarrollo del turismo y comercio local\u201d. En cuanto al compromiso de la aerol\u00ednea, dijo: \u201c<em>Copa Airlines<\/em> busca seguir tendiendo puentes y contribuyendo a que esa conectividad contin\u00fae elevando el perfil de Rep\u00fablica Dominicana como epicentro de comercio, negocios y tur\u00edstico en la regi\u00f3n\u201d.<\/p>\n<p>Para conmemorar este importante hito en la historia de la compa\u00f1\u00eda a\u00e9rea, \u00e9sta auspici\u00f3 el emotivo concierto M\u00fasica de las Am\u00e9ricas, en el ic\u00f3nico Palacio de Bellas Artes de Santo Domingo, rindiendo un tributo a las m\u00e1s emblem\u00e1ticas melod\u00edas de algunos de los pa\u00edses a los que sirve la aerol\u00ednea.<\/p>\n<p><strong>Claudia Zuluaga Alam<\/strong> dijo \u201cal celebrar el 30 aniversario del inicio de las operaciones ininterrumpidas de nuestra aerol\u00ednea en el pa\u00eds, debemos agradecer el apoyo hemos logrado, crecer de la mano, ofreciendo m\u00e1s y mejores oportunidades para el desarrollo tur\u00edstico y comercial del pa\u00eds. Hoy, luego de operar dos vuelos semanales en 1985, estamos operando 72 vuelos semanales desde Rep\u00fablica Dominicana, conectando con el continente, adem\u00e1s de Santo Domingo a Santiago y Punta Cana\u201d.<\/p>\n<p>Con cinco vuelos diarios desde y hacia la ciudad de Santo Domingo, cinco vuelos diarios conectando Punta Cana y cinco vuelos semanales a la ciudad de Santiago de los Caballeros, <em>Copa Airlines<\/em> se ha convertido en el puente por excelencia para unir al pa\u00eds con el resto de Am\u00e9rica.<\/p>\n<p>El concierto M\u00fasica de las Am\u00e9ricas, dirigido por <strong>Amaury S\u00e1nchez<\/strong>, cont\u00f3 con la participaci\u00f3n estelar de <strong>Eddy Herrera<\/strong>, <strong>Diomary La Mala<\/strong>, <strong>Le\u00f3n Yamil<\/strong>, <strong>Yve Ramos<\/strong> y <strong>Eddy Manuel<\/strong>. Tambi\u00e9n asistieron ejecutivos de la aerol\u00ednea, colaboradores, representantes del gobierno y el cuerpo diplom\u00e1tico, as\u00ed como personalidades ligadas al turismo, agentes de viaje, mayoristas, proveedores relacionados y medios de comunicaci\u00f3n.<\/p>\n<p>\u2730\u2730\u2730\u2730\u2730 El piloto alem\u00e1n <strong>Nico Rosberg<\/strong>, de la escuder\u00eda Mercedes, se convirti\u00f3 en el ganador de la era moderna del Gran Premio de M\u00e9xico, decimos\u00e9ptima fecha del calendario 2015 del Campeonato Mundial de F\u00f3rmula-1.<\/p>\n<p><strong>Lewis Hamilton<\/strong> qued\u00f3 en segundo lugar, por delante de <strong>Valtteri Bottas<\/strong>, del equipo Williams y, <strong>Sergio \u201cCheco\u201d P\u00e9rez<\/strong> termin\u00f3 la carrera en octavo sitio, con ello se coloc\u00f3 en la zona de puntos para el Campeonato de Pilotos, en el cual desde la fecha pasada Hamilton se proclam\u00f3 campe\u00f3n. \u201c<strong>Checo\u201d<\/strong> termin\u00f3 por detr\u00e1s de <strong>Nico Hulkenberg<\/strong>, ambos de <em>Force India.<\/em><\/p>\n<p>Con el regreso de la F\u00f3rmula-1 a la ciudad de M\u00e9xico, el mundo ha vuelto la mirada hacia la capital del pa\u00eds que recibir\u00e1 importantes beneficios econ\u00f3micos y de promoci\u00f3n. La F\u00f3rmula-1 es el tercer campeonato deportivo itinerante con mayor audiencia del mundo, detr\u00e1s de la Copa Mundial de Futbol y de los Juegos Ol\u00edmpicos.<\/p>\n<p>La Secretar\u00eda de Turismo (Sectur), se\u00f1ala que en total 185 pa\u00edses recibieron la transmisi\u00f3n por TV del Gran Premio F\u00f3rmula-1, lo que representa 520 millones de telespectadores.<\/p>\n<p>La F\u00f3rmula-1 despert\u00f3 el inter\u00e9s de gran n\u00famero de personas y se estima que el 46 por ciento de los asistentes fueron extranjeros. De los nacionales el 73 por ciento fue del interior de la Rep\u00fablica, y el 27 por ciento restante de la ciudad de M\u00e9xico.<\/p>\n<p>Durante los pr\u00f3ximos cinco a\u00f1os se realizar\u00e1 la F\u00f3rmula-1 en la ciudad de M\u00e9xico, evento que generar\u00e1 beneficios econ\u00f3micos por alrededor de 2 mil millones de d\u00f3lares. La exposici\u00f3n medi\u00e1tica del evento est\u00e1 valuada en 209 millones de d\u00f3lares (mdd).<\/p>\n<p>\u2730\u2730\u2730\u2730\u2730 <em>Azul Brazilian Airlines<\/em>, la aerol\u00ednea m\u00e1s grande de Brasil, por las ciudades que abastece y <em>United Airlines<\/em> anunciaron la expansi\u00f3n de su cooperaci\u00f3n mediante la implementaci\u00f3n de un acuerdo de c\u00f3digo compartido, que ofrece a los clientes conexiones m\u00e1s f\u00e1ciles para volar entre Brasil y Estados Unidos.<\/p>\n<p>El citado acuerdo de c\u00f3digo compartido ofrece en ambas aerol\u00edneas un proceso de reservas sin soldadura, venta de entradas, incluyendo tarjeta de embarque y facturaci\u00f3n de equipaje hasta el destino final.<\/p>\n<p>Este es el primer acuerdo de c\u00f3digo compartido internacional en la historia de Azul.\u00a0 La aerol\u00ednea brasile\u00f1a ha puesto su c\u00f3digo AD en vuelos de <em>United <\/em>a ocho destinos de Estados Unidos, que ofrece horarios de los vuelos de muchas ciudades en Brasil a Chicago, Nueva York, Houston, San Francisco, Los \u00c1ngeles, Boston y Las Vegas.<\/p>\n<p>Las conexiones a otras ciudades de Estados Unidos tambi\u00e9n est\u00e1n disponibles, pero desde Fort Lauderdale \/ Miami y Orlando.<\/p>\n<p>Por su parte, <em>United<\/em> ha puesto su c\u00f3digo UA en los vuelos de Azul a seis destinos en Brasil m\u00e1s all\u00e1 de Aeropuerto Internacional de Guarulhos de Sao Paulo, que ofrece conexiones con Goi\u00e2nia, Belo Horizonte (Confins), Curitiba, Porto Alegre, R\u00edo de Janeiro (Santos Dumont) y Brasilia.<\/p>\n<p><strong>Marcelo Bento<\/strong>, director de planificaci\u00f3n de alianzas de Azul dijo, \u201ccon este acuerdo, Azul alcanza ahora una posici\u00f3n estrat\u00e9gica en el mercado internacional. Los clientes tendr\u00e1n una mayor comodidad en la compra de billetes de ambas aerol\u00edneas bajo un mismo c\u00f3digo, asegurando una experiencia sin fisuras y un mayor nivel de servicio con conexiones mejores y m\u00e1s r\u00e1pidos\u201d<\/p>\n<p>De igual forma, <strong>Tim Cassady<\/strong>, director gerente de alianza se\u00f1ala, \u201cBrasil es el mercado m\u00e1s grande de Am\u00e9rica Latina y es clave en la red de rutas global de <strong>United<\/strong>\u201d.<\/p>\n<p>\u2730\u2730\u2730\u2730\u2730 La cadena hotelera Riu completa su presencia en redes sociales con el lanzamiento de su propio blog. Esta ser\u00e1 una nueva plataforma para compartir informaci\u00f3n\u00a0con todos sus clientes y seguidores, que servir\u00e1 tambi\u00e9n para reforzar la presencia de los hoteles en las redes sociales. Para dar a conocer esta nueva herramienta, la cadena ha lanzado un concurso en el que invita a sus seguidores a escribir un post para el nuevo Blog\u00a0que, entre sus m\u00faltiples secciones, contar\u00e1 con una creada para conocer de primera mano las experiencias de sus empleados, amigos y clientes.<\/p>\n<p>El blog incluir\u00e1 contenidos variados relacionados con la cadena como nuevas aperturas o reformas, servicios en los hoteles, gastronom\u00eda y animaci\u00f3n, informaci\u00f3n sobre proyectos de acci\u00f3n social y sostenibilidad, adem\u00e1s de informaci\u00f3n sobre destinos, concursos y promociones. Tambi\u00e9n dispondr\u00e1 de un apartado denominado \u201cEn Persona\u201d que contar\u00e1 con las aportaciones de clientes, trabajadores y colaboraciones puntuales de periodistas y <em>bloggers<\/em> que aportar\u00e1n diferentes miradas sobre las novedades en los hoteles.<\/p>\n<p>Todos los hu\u00e9spedes y clientes est\u00e1n invitados a contar su mejor an\u00e9cdota, experiencia o a compartir lo que m\u00e1s les gusta de la cadena hotelera\u00a0escribiendo un post para\u00a0<strong>el nuevo blog<\/strong>. Un jurado experto en comunicaci\u00f3n seleccionar\u00e1 los 10 mejores textos, que adem\u00e1s de ser publicados, entrar\u00e1n en el sorteo de una estancia. Todos los detalles sobre el concurso est\u00e1n en\u00a0<a href=\"http:\/\/a.cstmapp.com\/g\/959\" target=\"_blank\">http:\/\/a.cstmapp.com\/g\/959<\/a><\/p>\n<p><em><i><a href=\"mailto:victoriagprado@gmail.com\" target=\"_blank\">victoriagprado@gmail.com<\/a><\/i><\/em><\/p>\n","protected":false},"excerpt":{"rendered":"<p>Para celebrar 30 a\u00f1os de servicio, <em>Copa Airlines,<\/em> miembro de la red global de aerol\u00edneas <em>Star Alliance<\/em>, festeja con orgullo sus 30 a\u00f1os de servicio a\u00e9reo ininterrumpido a Rep\u00fablica Dominicana. Luego de tres d\u00e9cadas la aerol\u00ednea opera 72 vuelos semanales a tres de los destinos m\u00e1s importantes del pa\u00eds, al tiempo que posee uno de sus cinco <em>Copa Clubs<\/em> de Latinoam\u00e9rica en el Aeropuerto Internacional Las Am\u00e9ricas, ofreciendo a los pasajeros dominicanos un servicio de clase mundial y la conexi\u00f3n m\u00e1s eficiente con mercados estrat\u00e9gicos como Panam\u00e1, Centro y Sudam\u00e9rica.<\/p>\n","protected":false},"author":3,"featured_media":241138,"comment_status":"open","ping_status":"open","sticky":false,"template":"","format":"standard","meta":{"_monsterinsights_skip_tracking":false,"_monsterinsights_sitenote_active":false,"_monsterinsights_sitenote_note":"","_monsterinsights_sitenote_category":0,"footnotes":""},"categories":[11],"tags":[12159,107,43681,106],"class_list":["post-241031","post","type-post","status-publish","format-standard","has-post-thumbnail","hentry","category-turismo","tag-copa-airlines","tag-de-cinco-estrellas","tag-turismo","tag-victoria-gonzalez-prado"],"_links":{"self":[{"href":"https:\/\/www.diarioimagen.net\/index.php?rest_route=\/wp\/v2\/posts\/241031","targetHints":{"allow":["GET"]}}],"collection":[{"href":"https:\/\/www.diarioimagen.net\/index.php?rest_route=\/wp\/v2\/posts"}],"about":[{"href":"https:\/\/www.diarioimagen.net\/index.php?rest_route=\/wp\/v2\/types\/post"}],"author":[{"embeddable":true,"href":"https:\/\/www.diarioimagen.net\/index.php?rest_route=\/wp\/v2\/users\/3"}],"replies":[{"embeddable":true,"href":"https:\/\/www.diarioimagen.net\/index.php?rest_route=%2Fwp%2Fv2%2Fcomments&post=241031"}],"version-history":[{"count":0,"href":"https:\/\/www.diarioimagen.net\/index.php?rest_route=\/wp\/v2\/posts\/241031\/revisions"}],"wp:featuredmedia":[{"embeddable":true,"href":"https:\/\/www.diarioimagen.net\/index.php?rest_route=\/wp\/v2\/media\/241138"}],"wp:attachment":[{"href":"https:\/\/www.diarioimagen.net\/index.php?rest_route=%2Fwp%2Fv2%2Fmedia&parent=241031"}],"wp:term":[{"taxonomy":"category","embeddable":true,"href":"https:\/\/www.diarioimagen.net\/index.php?rest_route=%2Fwp%2Fv2%2Fcategories&post=241031"},{"taxonomy":"post_tag","embeddable":true,"href":"https:\/\/www.diarioimagen.net\/index.php?rest_route=%2Fwp%2Fv2%2Ftags&post=241031"}],"curies":[{"name":"wp","href":"https:\/\/api.w.org\/{rel}","templated":true}]}}