{"id":241045,"date":"2015-11-03T00:07:11","date_gmt":"2015-11-03T06:07:11","guid":{"rendered":"http:\/\/www.diarioimagen.net\/?p=241045"},"modified":"2015-11-03T03:53:37","modified_gmt":"2015-11-03T09:53:37","slug":"se-reunen-sacerdotes-con-comisario-de-naucalpan","status":"publish","type":"post","link":"https:\/\/www.diarioimagen.net\/?p=241045","title":{"rendered":"Se re\u00fanen sacerdotes con comisario de Naucalpan"},"content":{"rendered":"<p><a href=\"http:\/\/www.diarioimagen.net\/?attachment_id=241106\" rel=\"attachment wp-att-241106\"><img loading=\"lazy\" decoding=\"async\" class=\"aligncenter size-large wp-image-241106\" src=\"http:\/\/www.diarioimagen.net\/wp-content\/uploads\/2015\/11\/NAUCALPAN-2732-420x236.jpg\" alt=\"NAUCALPAN-2732\" width=\"420\" height=\"236\" srcset=\"https:\/\/www.diarioimagen.net\/wp-content\/uploads\/2015\/11\/NAUCALPAN-2732-420x236.jpg 420w, https:\/\/www.diarioimagen.net\/wp-content\/uploads\/2015\/11\/NAUCALPAN-2732-240x135.jpg 240w, https:\/\/www.diarioimagen.net\/wp-content\/uploads\/2015\/11\/NAUCALPAN-2732-480x270.jpg 480w, https:\/\/www.diarioimagen.net\/wp-content\/uploads\/2015\/11\/NAUCALPAN-2732-235x132.jpg 235w, https:\/\/www.diarioimagen.net\/wp-content\/uploads\/2015\/11\/NAUCALPAN-2732-202x114.jpg 202w, https:\/\/www.diarioimagen.net\/wp-content\/uploads\/2015\/11\/NAUCALPAN-2732-350x196.jpg 350w, https:\/\/www.diarioimagen.net\/wp-content\/uploads\/2015\/11\/NAUCALPAN-2732-220x123.jpg 220w, https:\/\/www.diarioimagen.net\/wp-content\/uploads\/2015\/11\/NAUCALPAN-2732-237x132.jpg 237w, https:\/\/www.diarioimagen.net\/wp-content\/uploads\/2015\/11\/NAUCALPAN-2732.jpg 1200w\" sizes=\"auto, (max-width: 420px) 100vw, 420px\" \/><\/a><\/p>\n<p><strong>Naucalpan, Estado de M\u00e9xico.-<\/strong> Sacerdotes se reunieron ayer por la ma\u00f1ana con el comisario Alfonso Cancino Aguilar, director general de Seguridad P\u00fablica, Tr\u00e1nsito y Protecci\u00f3n Civil (DGSCTyPC), donde se trataron temas de seguridad.<\/p>\n<p>Efra\u00edn Mendoza Cruz, obispo monse\u00f1or auxiliar de la di\u00f3cesis de Tlalnepantla, manifest\u00f3 que derivado de las reuniones que ha tenido con la presidenta municipal, Claudia Oyoque Ortiz, se giraron instrucciones al comisario para que se diera esta reuni\u00f3n y as\u00ed poder generar un proyecto de trabajo en el que la Iglesia, en coordinaci\u00f3n con la Direcci\u00f3n de Seguridad, fomenten la prevenci\u00f3n del delito en las diferentes comunidades.<\/p>\n<p>&nbsp;<\/p>\n","protected":false},"excerpt":{"rendered":"<p>Sacerdotes se reunieron ayer por la ma\u00f1ana con el comisario Alfonso Cancino Aguilar, director general de Seguridad P\u00fablica, Tr\u00e1nsito y Protecci\u00f3n Civil (DGSCTyPC), donde se trataron temas de seguridad.<\/p>\n","protected":false},"author":3,"featured_media":241106,"comment_status":"open","ping_status":"open","sticky":false,"template":"","format":"standard","meta":{"_monsterinsights_skip_tracking":false,"_monsterinsights_sitenote_active":false,"_monsterinsights_sitenote_note":"","_monsterinsights_sitenote_category":0,"footnotes":""},"categories":[35155],"tags":[43675,970,22371,45925],"class_list":["post-241045","post","type-post","status-publish","format-standard","has-post-thumbnail","hentry","category-estado-de-mexico-estado-de-mexico","tag-estado-de-mexico","tag-naucalpan","tag-reunion","tag-sacerdote"],"_links":{"self":[{"href":"https:\/\/www.diarioimagen.net\/index.php?rest_route=\/wp\/v2\/posts\/241045","targetHints":{"allow":["GET"]}}],"collection":[{"href":"https:\/\/www.diarioimagen.net\/index.php?rest_route=\/wp\/v2\/posts"}],"about":[{"href":"https:\/\/www.diarioimagen.net\/index.php?rest_route=\/wp\/v2\/types\/post"}],"author":[{"embeddable":true,"href":"https:\/\/www.diarioimagen.net\/index.php?rest_route=\/wp\/v2\/users\/3"}],"replies":[{"embeddable":true,"href":"https:\/\/www.diarioimagen.net\/index.php?rest_route=%2Fwp%2Fv2%2Fcomments&post=241045"}],"version-history":[{"count":0,"href":"https:\/\/www.diarioimagen.net\/index.php?rest_route=\/wp\/v2\/posts\/241045\/revisions"}],"wp:featuredmedia":[{"embeddable":true,"href":"https:\/\/www.diarioimagen.net\/index.php?rest_route=\/wp\/v2\/media\/241106"}],"wp:attachment":[{"href":"https:\/\/www.diarioimagen.net\/index.php?rest_route=%2Fwp%2Fv2%2Fmedia&parent=241045"}],"wp:term":[{"taxonomy":"category","embeddable":true,"href":"https:\/\/www.diarioimagen.net\/index.php?rest_route=%2Fwp%2Fv2%2Fcategories&post=241045"},{"taxonomy":"post_tag","embeddable":true,"href":"https:\/\/www.diarioimagen.net\/index.php?rest_route=%2Fwp%2Fv2%2Ftags&post=241045"}],"curies":[{"name":"wp","href":"https:\/\/api.w.org\/{rel}","templated":true}]}}