{"id":241150,"date":"2015-11-04T00:09:15","date_gmt":"2015-11-04T06:09:15","guid":{"rendered":"http:\/\/www.diarioimagen.net\/?p=241150"},"modified":"2015-11-04T00:35:06","modified_gmt":"2015-11-04T06:35:06","slug":"df-ocupa-el-primer-lugar-en-ranking-de-ciclociudades-2015","status":"publish","type":"post","link":"https:\/\/www.diarioimagen.net\/?p=241150","title":{"rendered":"DF, primero en Ranking de Ciclociudades 2015"},"content":{"rendered":"<ul>\n<li><strong><em>Por tercer a\u00f1o consecutivo<\/em><\/strong><\/li>\n<\/ul>\n<div id=\"attachment_241151\" style=\"width: 430px\" class=\"wp-caption aligncenter\"><a href=\"http:\/\/www.diarioimagen.net\/?attachment_id=241151\" rel=\"attachment wp-att-241151\"><img loading=\"lazy\" decoding=\"async\" aria-describedby=\"caption-attachment-241151\" class=\"wp-image-241151 size-large\" src=\"http:\/\/www.diarioimagen.net\/wp-content\/uploads\/2015\/11\/BICIS-portal-420x245.jpg\" alt=\"Se destacaron los esfuerzos de la Ciudad de M\u00e9xico con el Paseo Dominical Mu\u00e9vete en Bici.\" width=\"420\" height=\"245\" srcset=\"https:\/\/www.diarioimagen.net\/wp-content\/uploads\/2015\/11\/BICIS-portal-420x245.jpg 420w, https:\/\/www.diarioimagen.net\/wp-content\/uploads\/2015\/11\/BICIS-portal-240x140.jpg 240w, https:\/\/www.diarioimagen.net\/wp-content\/uploads\/2015\/11\/BICIS-portal.jpg 480w\" sizes=\"auto, (max-width: 420px) 100vw, 420px\" \/><\/a><p id=\"caption-attachment-241151\" class=\"wp-caption-text\">Se destacaron los esfuerzos de la Ciudad de M\u00e9xico con el Paseo Dominical Mu\u00e9vete en Bici.<\/p><\/div>\n<p>La ciudad de M\u00e9xico fue reconocida por tercer a\u00f1o consecutivo como la urbe que m\u00e1s esfuerzos realiza para promocionar el uso de la bicicleta como modo de transporte, inform\u00f3 la Secretar\u00eda del Medio Ambiente del Distrito Federal.<\/p>\n<p>Promoci\u00f3n y educaci\u00f3n, regulaci\u00f3n e intermodalidad fueron los tres aspectos mejor calificados del Distrito Federal para obtener el primer puesto en el Ranking de Ciclociudades.<\/p>\n<p>El Instituto de Pol\u00edticas para el Transporte y el Desarrollo (ITDP por sus siglas en ingl\u00e9s) realiza la evaluaci\u00f3n nacional cada a\u00f1o en las 30 zonas metropolitanas m\u00e1s pobladas del pa\u00eds, explic\u00f3 la dependencia capitalina.<\/p>\n<p>El estudio se lleva a cabo desde 2013 en colaboraci\u00f3n con la Red Nacional de Ciclismo Urbano (BiciRed) y la participaci\u00f3n de los representantes de los gobiernos locales.<\/p>\n<p>En esta edici\u00f3n se destacaron los esfuerzos de la ciudad de M\u00e9xico en material de promoci\u00f3n y educaci\u00f3n, con el Paseo Dominical Mu\u00e9vete en Bici, el Manual de Ciclista Urbano, la p\u00e1gina web de la Secretar\u00eda del Medio Ambiente (Sedema), donde se puede obtener informaci\u00f3n relevante para los ciclistas.<\/p>\n<p>Adem\u00e1s, se resaltaron las disposiciones para impulsar la movilidad previstas en el Reglamento de Tr\u00e1nsito del Distrito Federal; el fomento de la intermodalidad a trav\u00e9s del Biciestacionamiento Masivo Pantitl\u00e1n y las facilidades que se otorgan para transportar bicicletas en el Sistema de Transporte Colectivo Metro y en el Metrob\u00fas.<\/p>\n<p>Otro de los aspectos con alta puntuaci\u00f3n fueron la creaci\u00f3n de la Direcci\u00f3n de Cultura, Dise\u00f1o e Infraestructura Ciclista de la Sedema como \u00e1rea especializada que coordina esfuerzos en la materia con otras dependencias locales y metropolitanas.<\/p>\n<p>La ciudad de M\u00e9xico, a trav\u00e9s de la Sedena, refrend\u00f3 su compromiso de seguir con el fomento del uso de la bicicleta como modo de transporte en la ciudad,<\/p>\n<p>Record\u00f3 que para este a\u00f1o se tiene proyectado el segundo bicicestacionamiento masivo en el Centro de Transferencia Modal (Cetram) La Raza y los 16.1 kil\u00f3metros de nuevas ciclov\u00edas, que sumar\u00e1n a los 80 kil\u00f3metros de la red de ciclov\u00edas urbanas existente.<\/p>\n<p>Adem\u00e1s contin\u00faa con el fomento a la intermodalidad con acciones como la implementaci\u00f3n de la Fase IV de EcoBici que entr\u00f3 en operaci\u00f3n este a\u00f1o y que represent\u00f3 un crecimiento de 60 por ciento del sistema.<\/p>\n<p style=\"text-align: center;\"><strong>Mu\u00e9vete en Bici, un referente internacional<\/strong><\/p>\n<p>El programa Mu\u00e9vete en Bici, que todos los domingos congrega a cientos de personas, familias y amigos, se ha convertido en un referente no s\u00f3lo nacional, sino internacional, con comentarios muy positivos, pues es justamente la propia ciudadan\u00eda la que hace la convocatoria a participar.<\/p>\n<p>Tanya M\u00fcller Garc\u00eda, secretaria del Medio Ambiente del gobierno de la ciudad, asegur\u00f3, que se trata de uno de los programas \u201cm\u00e1s inclusivos, m\u00e1s equitativos, donde conviven la gente de distintas partes de la cuidad, como pueden ser la gente de la colonia Tepito, o de Polanco\u201d.<\/p>\n<p>La funcionaria capitalina asegur\u00f3 que el programa p\u00fablico que impulsa el uso de la bicicleta en el Distrito Federal, se encuentra en el cuarto lugar a nivel internacional, en cuanto a las ciclov\u00edas que se denominan \u201crecreativas\u201d.<\/p>\n","protected":false},"excerpt":{"rendered":"<p>La ciudad de M\u00e9xico fue reconocida por tercer a\u00f1o consecutivo como la urbe que m\u00e1s esfuerzos realiza para promocionar el uso de la bicicleta como modo de transporte, inform\u00f3 la Secretar\u00eda del Medio Ambiente del Distrito Federal.<\/p>\n","protected":false},"author":5,"featured_media":241151,"comment_status":"open","ping_status":"open","sticky":false,"template":"","format":"standard","meta":{"_monsterinsights_skip_tracking":false,"_monsterinsights_sitenote_active":false,"_monsterinsights_sitenote_note":"","_monsterinsights_sitenote_category":0,"footnotes":""},"categories":[6],"tags":[6633,204],"class_list":["post-241150","post","type-post","status-publish","format-standard","has-post-thumbnail","hentry","category-cd-de-mexico","tag-bicicleta","tag-ciudad-de-mexico"],"_links":{"self":[{"href":"https:\/\/www.diarioimagen.net\/index.php?rest_route=\/wp\/v2\/posts\/241150","targetHints":{"allow":["GET"]}}],"collection":[{"href":"https:\/\/www.diarioimagen.net\/index.php?rest_route=\/wp\/v2\/posts"}],"about":[{"href":"https:\/\/www.diarioimagen.net\/index.php?rest_route=\/wp\/v2\/types\/post"}],"author":[{"embeddable":true,"href":"https:\/\/www.diarioimagen.net\/index.php?rest_route=\/wp\/v2\/users\/5"}],"replies":[{"embeddable":true,"href":"https:\/\/www.diarioimagen.net\/index.php?rest_route=%2Fwp%2Fv2%2Fcomments&post=241150"}],"version-history":[{"count":0,"href":"https:\/\/www.diarioimagen.net\/index.php?rest_route=\/wp\/v2\/posts\/241150\/revisions"}],"wp:featuredmedia":[{"embeddable":true,"href":"https:\/\/www.diarioimagen.net\/index.php?rest_route=\/wp\/v2\/media\/241151"}],"wp:attachment":[{"href":"https:\/\/www.diarioimagen.net\/index.php?rest_route=%2Fwp%2Fv2%2Fmedia&parent=241150"}],"wp:term":[{"taxonomy":"category","embeddable":true,"href":"https:\/\/www.diarioimagen.net\/index.php?rest_route=%2Fwp%2Fv2%2Fcategories&post=241150"},{"taxonomy":"post_tag","embeddable":true,"href":"https:\/\/www.diarioimagen.net\/index.php?rest_route=%2Fwp%2Fv2%2Ftags&post=241150"}],"curies":[{"name":"wp","href":"https:\/\/api.w.org\/{rel}","templated":true}]}}