{"id":241219,"date":"2015-11-04T00:01:25","date_gmt":"2015-11-04T06:01:25","guid":{"rendered":"http:\/\/www.diarioimagen.net\/?p=241219"},"modified":"2015-11-04T22:04:57","modified_gmt":"2015-11-05T04:04:57","slug":"cada-diez-minutos-nace-un-nino-sin-nacionalidad-acnur","status":"publish","type":"post","link":"https:\/\/www.diarioimagen.net\/?p=241219","title":{"rendered":"Cada diez minutos nace un ni\u00f1o sin nacionalidad: ACNUR"},"content":{"rendered":"<ul>\n<li><strong><em>V\u00edctimas de discriminaci\u00f3n<\/em><\/strong><\/li>\n<\/ul>\n<div id=\"attachment_241271\" style=\"width: 430px\" class=\"wp-caption aligncenter\"><a href=\"http:\/\/www.diarioimagen.net\/?attachment_id=241271\" rel=\"attachment wp-att-241271\"><img loading=\"lazy\" decoding=\"async\" aria-describedby=\"caption-attachment-241271\" class=\"size-large wp-image-241271\" src=\"http:\/\/www.diarioimagen.net\/wp-content\/uploads\/2015\/11\/migrantes-2733-420x314.jpg\" alt=\"Seg\u00fan cifras del Alto Comisionado de Naciones Unidas para Refugiados cada 10 minutos nace un ni\u00f1o en el mundo sin nacionalidad.\" width=\"420\" height=\"314\" srcset=\"https:\/\/www.diarioimagen.net\/wp-content\/uploads\/2015\/11\/migrantes-2733-420x314.jpg 420w, https:\/\/www.diarioimagen.net\/wp-content\/uploads\/2015\/11\/migrantes-2733-240x180.jpg 240w, https:\/\/www.diarioimagen.net\/wp-content\/uploads\/2015\/11\/migrantes-2733.jpg 1200w\" sizes=\"auto, (max-width: 420px) 100vw, 420px\" \/><\/a><p id=\"caption-attachment-241271\" class=\"wp-caption-text\">Seg\u00fan cifras del Alto Comisionado de Naciones Unidas para Refugiados cada 10 minutos nace un ni\u00f1o en el mundo sin nacionalidad.<\/p><\/div>\n<p>Cada 10 minutos nace un ni\u00f1o en el mundo desprovisto de nacionalidad, revel\u00f3 un informe sobre la apatridia del Alto Comisionado de Naciones Unidas para Refugiados (ACNUR) que urgi\u00f3 a los Estados legalizar la situaci\u00f3n de menores nacidos en su territorio.<\/p>\n<p>En la actualidad se estima que existen 10 millones de personas ap\u00e1tridas, de las cuales los ni\u00f1os son los que se ven m\u00e1s seriamente afectados, ya que seg\u00fan el ACNUR son sujeto de discriminaci\u00f3n y v\u00edctimas de frustraci\u00f3n.<\/p>\n<p>\u201cNing\u00fan ni\u00f1o debe ser ap\u00e1trida. Todos deben pertenecer a alg\u00fan sitio\u201d, dijo el titular del ACNUR, Antonio Guterres, en un comunicado.<\/p>\n<p>En el informe, los ni\u00f1os entrevistados por ACNUR hablan de los retos dif\u00edciles a los que se enfrentan en los m\u00e1rgenes de la sociedad, ya que se les niegan los derechos que tiene cualquier ciudadano como educaci\u00f3n y salud y conforme crecen no pueden enrolarse en la universidad o aspirar a un trabajo decente.<\/p>\n<p>Adem\u00e1s, los menores narran que a menudo son tratados como extranjeros en el pa\u00eds en el que han vivido toda su vida incluso desde su nacimiento.<\/p>\n<p>El informe coincide con el aniversario de la campa\u00f1a #IBelong (Yo pertenezco) para el cual se hicieron entrevistas a ni\u00f1os de Costa de Marfil, Rep\u00fablica Dominicana, Georgia, Italia, Jordania, Malasia y Tailandia .<\/p>\n<p>El ACNUR urge a los Estados a que permitan que los ni\u00f1os que no pueden adquirir las nacionalidades de los padres puedan legalizar su situaci\u00f3n en el pa\u00eds en el que nacen.<\/p>\n<p>Adem\u00e1s, llama a que se contemple una reforma en las leyes de algunos pa\u00edses para que la madre pueda pasar su nacionalidad a los hijos, tal como puede hacerlo el padre.<\/p>\n<p>De igual forma, recomend\u00f3 que se eliminen leyes o pr\u00e1cticas que niegan la pertenencia a un pa\u00eds por motivos de raza o religi\u00f3n y subray\u00f3 la importancia de que los ni\u00f1os sean registrados al nacer.<\/p>\n<p>La apatridia es un fen\u00f3meno que condena a la discriminaci\u00f3n y a la desesperanza que provoca no pertenecer a ninguna parte, observ\u00f3 el ACNUR.<\/p>\n<p style=\"text-align: center;\"><strong>Llegaron 200 mil refugiados a costas griegas en octubre <\/strong><\/p>\n<p>Al menos 200 mil migrantes y refugiados llegaron a costas de las islas griegas por el mar Mediterr\u00e1neo en octubre, estim\u00f3 la Organizaci\u00f3n Internacional para las Migraciones (OIM).<\/p>\n<p>Solamente del viernes al lunes pasados, 24 mil personas arribaron principalmente a la isla de Lesbos a pesar de que bajan las temperaturas y el invierno se instala en la regi\u00f3n, dijo a periodistas en Ginebra el portavoz de la OIM, Joel Millman.<\/p>\n<p>&nbsp;<\/p>\n","protected":false},"excerpt":{"rendered":"<p>Cada 10 minutos nace un ni\u00f1o en el mundo desprovisto de nacionalidad, revel\u00f3 un informe sobre la apatridia del Alto Comisionado de Naciones Unidas para Refugiados (ACNUR) que urgi\u00f3 a los Estados legalizar la situaci\u00f3n de menores nacidos en su territorio.<\/p>\n","protected":false},"author":3,"featured_media":241271,"comment_status":"open","ping_status":"open","sticky":false,"template":"","format":"standard","meta":{"_monsterinsights_skip_tracking":false,"_monsterinsights_sitenote_active":false,"_monsterinsights_sitenote_note":"","_monsterinsights_sitenote_category":0,"footnotes":""},"categories":[9],"tags":[43679,45977],"class_list":["post-241219","post","type-post","status-publish","format-standard","has-post-thumbnail","hentry","category-mundo","tag-mundo","tag-nacimiento"],"_links":{"self":[{"href":"https:\/\/www.diarioimagen.net\/index.php?rest_route=\/wp\/v2\/posts\/241219","targetHints":{"allow":["GET"]}}],"collection":[{"href":"https:\/\/www.diarioimagen.net\/index.php?rest_route=\/wp\/v2\/posts"}],"about":[{"href":"https:\/\/www.diarioimagen.net\/index.php?rest_route=\/wp\/v2\/types\/post"}],"author":[{"embeddable":true,"href":"https:\/\/www.diarioimagen.net\/index.php?rest_route=\/wp\/v2\/users\/3"}],"replies":[{"embeddable":true,"href":"https:\/\/www.diarioimagen.net\/index.php?rest_route=%2Fwp%2Fv2%2Fcomments&post=241219"}],"version-history":[{"count":0,"href":"https:\/\/www.diarioimagen.net\/index.php?rest_route=\/wp\/v2\/posts\/241219\/revisions"}],"wp:featuredmedia":[{"embeddable":true,"href":"https:\/\/www.diarioimagen.net\/index.php?rest_route=\/wp\/v2\/media\/241271"}],"wp:attachment":[{"href":"https:\/\/www.diarioimagen.net\/index.php?rest_route=%2Fwp%2Fv2%2Fmedia&parent=241219"}],"wp:term":[{"taxonomy":"category","embeddable":true,"href":"https:\/\/www.diarioimagen.net\/index.php?rest_route=%2Fwp%2Fv2%2Fcategories&post=241219"},{"taxonomy":"post_tag","embeddable":true,"href":"https:\/\/www.diarioimagen.net\/index.php?rest_route=%2Fwp%2Fv2%2Ftags&post=241219"}],"curies":[{"name":"wp","href":"https:\/\/api.w.org\/{rel}","templated":true}]}}