{"id":241294,"date":"2015-11-04T00:03:24","date_gmt":"2015-11-04T06:03:24","guid":{"rendered":"http:\/\/www.diarioimagen.net\/?p=241294"},"modified":"2015-11-04T01:24:09","modified_gmt":"2015-11-04T07:24:09","slug":"muros-y-puentes","status":"publish","type":"post","link":"https:\/\/www.diarioimagen.net\/?p=241294","title":{"rendered":"Muros y puentes"},"content":{"rendered":"<h2>Desde el portal<\/h2>\n<h5>\u00c1ngel Soriano<\/h5>\n<p>&nbsp;<\/p>\n<p>Mientras el belicoso precandidato presidencial republicano Donald Trump promueve la construcci\u00f3n de un muro con M\u00e9xico, financiado mediante la retenci\u00f3n de remesas de salarios \u201cilegales\u201d y encareciendo visas, el presidente de la Conago, <strong>Eruviel \u00c1vila Villegas<\/strong>, dijo en Colorado, EU, que \u201clos gobernadores de M\u00e9xico nos pronunciamos por la construcci\u00f3n de puentes en una relaci\u00f3n duradera, una relaci\u00f3n franca de amistad, de cari\u00f1o, de respeto y no a la construcci\u00f3n de muros\u201d.<\/p>\n<p>Al participar en la clausura de la Primera Cumbre de Gobernadores y Premieres de Am\u00e9rica del Norte, Eruviel \u00c1vila sostuvo que a trav\u00e9s de la historia se ha descubierto que los muros de odio, discriminaci\u00f3n y segregaci\u00f3n llevan hacia atr\u00e1s en todos los sentidos, por ello, la unidad para la prosperidad es la raz\u00f3n por la que se ha decidido caminar juntos para el bienestar de esta regi\u00f3n del continente.<\/p>\n<p>Estamos siempre a favor del di\u00e1logo, de la conciliaci\u00f3n, del respeto, de la convivencia arm\u00f3nica entre gobernantes y entre los pueblos, dijo al destacar la buena disposici\u00f3n de los mandatarios de M\u00e9xico, Estados Unidos y Canad\u00e1 para impulsar una agenda precisa, que en el corto, mediano y largo plazo, consolide a Am\u00e9rica del Norte como una potencia econ\u00f3mica mundial.<\/p>\n<p>\u201cBienvenido el reto, estamos hablando de lo que podemos hacer para ayudar a las personas a tener una buena vida; todo esto est\u00e1 en el desarrollo econ\u00f3mico y podemos proveer de esas oportunidades, y los individuos y las familias tienen que apoyarse a s\u00ed mismos\u201d, afirm\u00f3 a su vez Gary Richard Herbert, gobernador del estado de Utah y presidente de la National Governors Association de EU.<\/p>\n<p>John Hickenlooper, gobernador de Colorado, reiter\u00f3 su reconocimiento a Eruviel \u00c1vila como el promotor de la Primera Cumbre de Gobernadores y Premieres de Estados Unidos, Canad\u00e1 y M\u00e9xico, que se desarroll\u00f3 durante dos d\u00edas en Colorado Springs. Como se puede observar, el ambiente no es favorable para Trumph con sus descabelladas propuestas.<\/p>\n<p style=\"text-align: center;\"><strong>TURBULENCIAS<br \/>\nHermanamiento Oaxaca-Arequipa<\/strong><\/p>\n<p>Al iniciarse ayer el XIII Congreso Mundial de Ciudades Patrimonio Mundial en Arequipa, Per\u00fa, a petici\u00f3n del alcalde inca <strong>Alfredo Zegarra Tejeda<\/strong>, el presidente municipal de Oaxaca de Ju\u00e1rez, <strong>Javier Villaca\u00f1a<\/strong> Jim\u00e9nez, ratific\u00f3 el acuerdo de hermanamiento con esa ciudad peruana, adem\u00e1s de que el edil oaxaque\u00f1o anunci\u00f3 que contender\u00e1 por la vicepresidencia del Consejo de Administraci\u00f3n de la Organizaci\u00f3n de Ciudades Patrimonio Mundial (OCPM) apoyado por 11 votos de las Ciudades Mexicanas del Patrimonio Mundial, incluida la delegaci\u00f3n Xochimilco\u2026En Colorado participaron en la Cumbre de Gobernadores y Premieres los mandatarios de Hidalgo; Jos\u00e9 Francisco Olvera Ruiz; Jalisco, Arist\u00f3teles Sandoval D\u00edaz; Puebla, Rafael Moreno Valle; Quintana Roo, Roberto Borge Angulo, y de Yucat\u00e1n, Rolando Rodrigo Zapata Bello, as\u00ed como representantes de diversas entidades federativas\u2026La CDMX es la primera ciudad de Am\u00e9rica Latina en regular a las Empresas de Redes de Transporte (ERT), gracias a la nueva Ley de Movilidad que la convierte en un referente internacional en regulaci\u00f3n de movilidad\u201d, se\u00f1al\u00f3 la titular del Nuevo Modelo de Movilidad, <strong>Laura Ballesteros Mancilla<\/strong>, al participar en el grupo de trabajo de la Organizaci\u00f3n para la Cooperaci\u00f3n y el 0esarrollo Econ\u00f3mico (OCDE) convocada por el Foro Internacional de Transporte y pa\u00edses miembros de la OCDE, e indic\u00f3 que en la Ley la nueva jerarqu\u00eda es el peat\u00f3n como prioridad, seguido del ciclista, usuario de transporte p\u00fablico y al final el autom\u00f3vil, lo que cambia las prioridades de gasto del gobierno\u2026<\/p>\n<p><em><a href=\"http:\/\/www.revista-brecha.com\/\" target=\"_blank\">www.revista-brecha.com<br \/>\n<\/a><a href=\"mailto:vidanacional@yahoo.com.mx\" target=\"_blank\">vidanacional@yahoo.com.mx<\/a><\/em><\/p>\n","protected":false},"excerpt":{"rendered":"<p><span style=\"color: #005497;\"><strong>\u00c1ngel Soriano<\/strong><\/span><\/p>\n","protected":false},"author":3,"featured_media":0,"comment_status":"open","ping_status":"open","sticky":false,"template":"","format":"standard","meta":{"_monsterinsights_skip_tracking":false,"_monsterinsights_sitenote_active":false,"_monsterinsights_sitenote_note":"","_monsterinsights_sitenote_category":0,"footnotes":""},"categories":[135],"tags":[85,86,43674],"class_list":["post-241294","post","type-post","status-publish","format-standard","hentry","category-angel-soriano-opinion","tag-angel-soriano","tag-desde-el-portal","tag-opinion"],"_links":{"self":[{"href":"https:\/\/www.diarioimagen.net\/index.php?rest_route=\/wp\/v2\/posts\/241294","targetHints":{"allow":["GET"]}}],"collection":[{"href":"https:\/\/www.diarioimagen.net\/index.php?rest_route=\/wp\/v2\/posts"}],"about":[{"href":"https:\/\/www.diarioimagen.net\/index.php?rest_route=\/wp\/v2\/types\/post"}],"author":[{"embeddable":true,"href":"https:\/\/www.diarioimagen.net\/index.php?rest_route=\/wp\/v2\/users\/3"}],"replies":[{"embeddable":true,"href":"https:\/\/www.diarioimagen.net\/index.php?rest_route=%2Fwp%2Fv2%2Fcomments&post=241294"}],"version-history":[{"count":0,"href":"https:\/\/www.diarioimagen.net\/index.php?rest_route=\/wp\/v2\/posts\/241294\/revisions"}],"wp:attachment":[{"href":"https:\/\/www.diarioimagen.net\/index.php?rest_route=%2Fwp%2Fv2%2Fmedia&parent=241294"}],"wp:term":[{"taxonomy":"category","embeddable":true,"href":"https:\/\/www.diarioimagen.net\/index.php?rest_route=%2Fwp%2Fv2%2Fcategories&post=241294"},{"taxonomy":"post_tag","embeddable":true,"href":"https:\/\/www.diarioimagen.net\/index.php?rest_route=%2Fwp%2Fv2%2Ftags&post=241294"}],"curies":[{"name":"wp","href":"https:\/\/api.w.org\/{rel}","templated":true}]}}