{"id":241329,"date":"2015-11-05T00:07:36","date_gmt":"2015-11-05T06:07:36","guid":{"rendered":"http:\/\/www.diarioimagen.net\/?p=241329"},"modified":"2015-11-05T01:51:38","modified_gmt":"2015-11-05T07:51:38","slug":"se-detectan-alzas-en-precios-de-electronicos-previo-al-buen-fin-profeco","status":"publish","type":"post","link":"https:\/\/www.diarioimagen.net\/?p=241329","title":{"rendered":"Alzas en precios de electr\u00f3nicos previo al Buen Fin: Profeco"},"content":{"rendered":"<ul>\n<li><em><strong>Multas hasta de 3 mdp por publicidad enga\u00f1osa<\/strong><\/em><\/li>\n<\/ul>\n<p>&nbsp;<\/p>\n<div id=\"attachment_241330\" style=\"width: 490px\" class=\"wp-caption aligncenter\"><a href=\"http:\/\/www.diarioimagen.net\/?attachment_id=241330\" rel=\"attachment wp-att-241330\"><img loading=\"lazy\" decoding=\"async\" aria-describedby=\"caption-attachment-241330\" class=\"size-full wp-image-241330\" src=\"http:\/\/www.diarioimagen.net\/wp-content\/uploads\/2015\/11\/ALZAS-PORTAL.jpg\" alt=\"En los \u00faltimos dos meses se han registrado aumentos en el costo de electr\u00f3nicos, sobre todo en televisores, computadoras y celulares.\" width=\"480\" height=\"280\" srcset=\"https:\/\/www.diarioimagen.net\/wp-content\/uploads\/2015\/11\/ALZAS-PORTAL.jpg 480w, https:\/\/www.diarioimagen.net\/wp-content\/uploads\/2015\/11\/ALZAS-PORTAL-240x140.jpg 240w, https:\/\/www.diarioimagen.net\/wp-content\/uploads\/2015\/11\/ALZAS-PORTAL-420x245.jpg 420w\" sizes=\"auto, (max-width: 480px) 100vw, 480px\" \/><\/a><p id=\"caption-attachment-241330\" class=\"wp-caption-text\">En los \u00faltimos dos meses se han registrado aumentos en el costo de electr\u00f3nicos, sobre todo en televisores, computadoras y celulares.<\/p><\/div>\n<p>&nbsp;<\/p>\n<p>Desde hace dos meses se han detectado aumentos de entre 10 y 32 por ciento en el costo de electr\u00f3nicos, sobre todo en televisores, computadoras y tel\u00e9fonos m\u00f3viles, anunci\u00f3 la titular de la Procuradur\u00eda Federal del Consumidor (Profeco), Lorena Mart\u00ednez.<\/p>\n<p>Afirm\u00f3 que dicha alza de precios se detect\u00f3 luego de un monitoreo previo que realiz\u00f3 personal del organismo y que servir\u00e1 como comparativo en el marco del Buen Fin, que se llevar\u00e1 a cabo del 13 al 16 de noviembre pr\u00f3ximos. La procuradora se\u00f1al\u00f3 que se ha detectado una mayor variaci\u00f3n de precios en el Distrito Federal, a diferencia de la frontera norte.<\/p>\n<p>Por ejemplo, en tiendas del Distrito Federal, el precio de un televisor Samsung 32 pulgadas LED pas\u00f3 de 4 mil 748 a 10 mil 271, de la semana del 31 de agosto al 4 de septiembre a la de 26 al 30 de octubre. En otro caso, un televisor LG 49 pulgadas LED pas\u00f3 de 35 mil 616 a 36 mil 984, en el mismo lapso.<\/p>\n<p>La funcionaria federal expuso que esa variaci\u00f3n de precios, principalmente en electr\u00f3nicos, se debi\u00f3 en gran parte al movimiento del tipo de cambio.<\/p>\n<p>Puntualiz\u00f3 que \u201cno hay precios oficiales y no podemos obligar a mantener precios si han sido afectados por el d\u00f3lar\u201d, pero dijo que en todo caso los proveedores deben demostrar con facturas que han comprado m\u00e1s caro o de lo contrario pueden ser sancionados.<\/p>\n<p>Sin embargo, advirti\u00f3 que la Profeco aplicar\u00e1 multas hasta por 3 millones de pesos a los prestadores de servicios y comerciantes que con publicidad enga\u00f1osa perjudiquen el bolsillo del consumidor.<\/p>\n<p>Adem\u00e1s se realiza un seguimiento de precios paralelo de pantallas y decodificadores, debido a que los precios podr\u00edan variar conforme se acerquen las fechas del apag\u00f3n anal\u00f3gico.<\/p>\n<p>Con motivo del Buen Fin, la Profeco har\u00e1 un levantamiento de 460 productos, sobre todo electr\u00f3nicos y electrodom\u00e9sticos, para comprobar que realmente se apliquen ofertas, entre ellos estufas, microondas, lavadoras, pantallas de televisi\u00f3n, extractores y sandwicheras. Esto es adicional al monitoreo de 3 mil art\u00edculos que se hace de manera regular.<\/p>\n<p>La funcionaria destac\u00f3 que habr\u00e1 un mecanismo de conciliaci\u00f3n expr\u00e9s que se aplicar\u00e1 durante el Buen Fin, en el cual ya se han inscrito 70 cadenas.<\/p>\n","protected":false},"excerpt":{"rendered":"<p>Desde hace dos meses se han detectado aumentos de entre 10 y 32 por ciento en el costo de electr\u00f3nicos, sobre todo en televisores, computadoras y tel\u00e9fonos m\u00f3viles, anunci\u00f3 la titular de la Procuradur\u00eda Federal del Consumidor (Profeco), Lorena Mart\u00ednez.<\/p>\n","protected":false},"author":5,"featured_media":241330,"comment_status":"open","ping_status":"open","sticky":false,"template":"","format":"standard","meta":{"_monsterinsights_skip_tracking":false,"_monsterinsights_sitenote_active":false,"_monsterinsights_sitenote_note":"","_monsterinsights_sitenote_category":0,"footnotes":""},"categories":[8],"tags":[20779,46008,43678,435,43673,356,13955],"class_list":["post-241329","post","type-post","status-publish","format-standard","has-post-thumbnail","hentry","category-finanzas","tag-buen-fin","tag-electronicos","tag-finanzas","tag-fraude","tag-nacional","tag-profeco","tag-robo"],"_links":{"self":[{"href":"https:\/\/www.diarioimagen.net\/index.php?rest_route=\/wp\/v2\/posts\/241329","targetHints":{"allow":["GET"]}}],"collection":[{"href":"https:\/\/www.diarioimagen.net\/index.php?rest_route=\/wp\/v2\/posts"}],"about":[{"href":"https:\/\/www.diarioimagen.net\/index.php?rest_route=\/wp\/v2\/types\/post"}],"author":[{"embeddable":true,"href":"https:\/\/www.diarioimagen.net\/index.php?rest_route=\/wp\/v2\/users\/5"}],"replies":[{"embeddable":true,"href":"https:\/\/www.diarioimagen.net\/index.php?rest_route=%2Fwp%2Fv2%2Fcomments&post=241329"}],"version-history":[{"count":0,"href":"https:\/\/www.diarioimagen.net\/index.php?rest_route=\/wp\/v2\/posts\/241329\/revisions"}],"wp:featuredmedia":[{"embeddable":true,"href":"https:\/\/www.diarioimagen.net\/index.php?rest_route=\/wp\/v2\/media\/241330"}],"wp:attachment":[{"href":"https:\/\/www.diarioimagen.net\/index.php?rest_route=%2Fwp%2Fv2%2Fmedia&parent=241329"}],"wp:term":[{"taxonomy":"category","embeddable":true,"href":"https:\/\/www.diarioimagen.net\/index.php?rest_route=%2Fwp%2Fv2%2Fcategories&post=241329"},{"taxonomy":"post_tag","embeddable":true,"href":"https:\/\/www.diarioimagen.net\/index.php?rest_route=%2Fwp%2Fv2%2Ftags&post=241329"}],"curies":[{"name":"wp","href":"https:\/\/api.w.org\/{rel}","templated":true}]}}