{"id":241372,"date":"2015-11-05T00:05:44","date_gmt":"2015-11-05T06:05:44","guid":{"rendered":"http:\/\/www.diarioimagen.net\/?p=241372"},"modified":"2015-11-05T22:45:57","modified_gmt":"2015-11-06T04:45:57","slug":"operaran-18-verificentros-en-agencias-de-autos","status":"publish","type":"post","link":"https:\/\/www.diarioimagen.net\/?p=241372","title":{"rendered":"Operar\u00e1n 18 verificentros en agencias de autos"},"content":{"rendered":"<h2>Arco Norte<\/h2>\n<h5>Jos\u00e9 Luis Monta\u00f1ez Aguilar<\/h5>\n<p>&nbsp;<\/p>\n<div id=\"attachment_241459\" style=\"width: 430px\" class=\"wp-caption aligncenter\"><a href=\"http:\/\/www.diarioimagen.net\/?attachment_id=241459\" rel=\"attachment wp-att-241459\"><img loading=\"lazy\" decoding=\"async\" aria-describedby=\"caption-attachment-241459\" class=\"size-large wp-image-241459\" src=\"http:\/\/www.diarioimagen.net\/wp-content\/uploads\/2015\/11\/arco-2734-420x236.jpg\" alt=\"Eruviel \u00c1vila - Puesta en funcionamiento de la l\u00ednea de verificaci\u00f3n en Ford S\u00e1nchez Automotriz.\" width=\"420\" height=\"236\" srcset=\"https:\/\/www.diarioimagen.net\/wp-content\/uploads\/2015\/11\/arco-2734-420x236.jpg 420w, https:\/\/www.diarioimagen.net\/wp-content\/uploads\/2015\/11\/arco-2734-240x135.jpg 240w, https:\/\/www.diarioimagen.net\/wp-content\/uploads\/2015\/11\/arco-2734-480x270.jpg 480w, https:\/\/www.diarioimagen.net\/wp-content\/uploads\/2015\/11\/arco-2734-235x132.jpg 235w, https:\/\/www.diarioimagen.net\/wp-content\/uploads\/2015\/11\/arco-2734-202x114.jpg 202w, https:\/\/www.diarioimagen.net\/wp-content\/uploads\/2015\/11\/arco-2734-350x196.jpg 350w, https:\/\/www.diarioimagen.net\/wp-content\/uploads\/2015\/11\/arco-2734-220x123.jpg 220w, https:\/\/www.diarioimagen.net\/wp-content\/uploads\/2015\/11\/arco-2734-237x132.jpg 237w, https:\/\/www.diarioimagen.net\/wp-content\/uploads\/2015\/11\/arco-2734.jpg 1200w\" sizes=\"auto, (max-width: 420px) 100vw, 420px\" \/><\/a><p id=\"caption-attachment-241459\" class=\"wp-caption-text\">Eruviel \u00c1vila &#8211; Puesta en funcionamiento de la l\u00ednea de verificaci\u00f3n en Ford S\u00e1nchez Automotriz.<\/p><\/div>\n<p>Al poner en marcha la primera de 18 l\u00edneas de verificaci\u00f3n que operar\u00e1n en agencias automotrices del Estado de M\u00e9xico, el gobernador Eruviel \u00c1vila Villegas asegur\u00f3 que mediante esta acci\u00f3n se agiliza el proceso de verificaci\u00f3n vehicular y se evitan posibles actos de corrupci\u00f3n, ya que los dispositivos instalados cuentan con un sistema de reconocimiento biom\u00e9trico para que s\u00f3lo acceda el operador a cargo, y de placas del veh\u00edculo para cotejarlas con la base de datos, as\u00ed como la digitalizaci\u00f3n de documentos.<\/p>\n<p>En una agencia automotriz de Toluca, Eruviel \u00c1vila atestigu\u00f3 la primera verificaci\u00f3n de un autom\u00f3vil, con la que el Estado de M\u00e9xico se convierte en la primera entidad del pa\u00eds en ofrecer este servicio dentro de distribuidoras automotrices.<\/p>\n<p>En esta agencia, S\u00e1nchez Automotriz, \u00fanicamente se podr\u00e1n verificar autom\u00f3viles marca Ford nuevos y aquellos que acudan a realizar su servicio, previo cumplimiento de la documentaci\u00f3n requerida.<\/p>\n<p>Entre diciembre de 2015 y enero de 2016, se habilitar\u00e1n otras 17 l\u00edneas de verificaci\u00f3n en agencias de las diferentes marcas de autom\u00f3viles.<\/p>\n<p>Acompa\u00f1ado por Mart\u00edn Alberto Guti\u00e9rrez Lacayo, secretario t\u00e9cnico de la Comisi\u00f3n Ambiental de la Megal\u00f3polis, el gobernador mexiquense anunci\u00f3 que para el a\u00f1o 2016, el gobierno estatal adquirir\u00e1 dos sensores remotos, con los que se podr\u00e1 constatar que los autos que circulen en los valles de Toluca y de M\u00e9xico, y que ya cuenten con sus hologramas, est\u00e9n debidamente verificados, y advirti\u00f3 que esta medida ser\u00e1 un mensaje para que los concesionarios de verificentros realicen este proceso con total apego a la ley, ya que de no hacerlo tambi\u00e9n se propondr\u00e1n sanciones m\u00e1s severas en su contra.<\/p>\n<p><em><a href=\"mailto:montanezaguilar@gmail.com\" target=\"_blank\">montanezaguilar@gmail.com<\/a><\/em><\/p>\n","protected":false},"excerpt":{"rendered":"<p><span style=\"color: #005497;\">Jos\u00e9 Luis Monta\u00f1ez Aguilar<\/span><br \/>\n<br \/>\nAl poner en marcha la primera de 18 l\u00edneas de verificaci\u00f3n que operar\u00e1n en agencias automotrices del Estado de M\u00e9xico, el gobernador Eruviel \u00c1vila Villegas asegur\u00f3 que mediante esta acci\u00f3n se agiliza el proceso de verificaci\u00f3n vehicular y se evitan posibles actos de corrupci\u00f3n, ya que los dispositivos instalados cuentan con un sistema de reconocimiento biom\u00e9trico para que s\u00f3lo acceda el operador a cargo, y de placas del veh\u00edculo para cotejarlas con la base de datos, as\u00ed como la digitalizaci\u00f3n de documentos.<\/p>\n","protected":false},"author":3,"featured_media":241459,"comment_status":"open","ping_status":"open","sticky":false,"template":"","format":"standard","meta":{"_monsterinsights_skip_tracking":false,"_monsterinsights_sitenote_active":false,"_monsterinsights_sitenote_note":"","_monsterinsights_sitenote_category":0,"footnotes":""},"categories":[5],"tags":[13284,43675,43704,43674],"class_list":["post-241372","post","type-post","status-publish","format-standard","has-post-thumbnail","hentry","category-estado-de-mexico","tag-arco-norte","tag-estado-de-mexico","tag-jose-luis-montanez-aguilar","tag-opinion"],"_links":{"self":[{"href":"https:\/\/www.diarioimagen.net\/index.php?rest_route=\/wp\/v2\/posts\/241372","targetHints":{"allow":["GET"]}}],"collection":[{"href":"https:\/\/www.diarioimagen.net\/index.php?rest_route=\/wp\/v2\/posts"}],"about":[{"href":"https:\/\/www.diarioimagen.net\/index.php?rest_route=\/wp\/v2\/types\/post"}],"author":[{"embeddable":true,"href":"https:\/\/www.diarioimagen.net\/index.php?rest_route=\/wp\/v2\/users\/3"}],"replies":[{"embeddable":true,"href":"https:\/\/www.diarioimagen.net\/index.php?rest_route=%2Fwp%2Fv2%2Fcomments&post=241372"}],"version-history":[{"count":0,"href":"https:\/\/www.diarioimagen.net\/index.php?rest_route=\/wp\/v2\/posts\/241372\/revisions"}],"wp:featuredmedia":[{"embeddable":true,"href":"https:\/\/www.diarioimagen.net\/index.php?rest_route=\/wp\/v2\/media\/241459"}],"wp:attachment":[{"href":"https:\/\/www.diarioimagen.net\/index.php?rest_route=%2Fwp%2Fv2%2Fmedia&parent=241372"}],"wp:term":[{"taxonomy":"category","embeddable":true,"href":"https:\/\/www.diarioimagen.net\/index.php?rest_route=%2Fwp%2Fv2%2Fcategories&post=241372"},{"taxonomy":"post_tag","embeddable":true,"href":"https:\/\/www.diarioimagen.net\/index.php?rest_route=%2Fwp%2Fv2%2Ftags&post=241372"}],"curies":[{"name":"wp","href":"https:\/\/api.w.org\/{rel}","templated":true}]}}