{"id":241574,"date":"2015-11-06T00:05:58","date_gmt":"2015-11-06T06:05:58","guid":{"rendered":"http:\/\/www.diarioimagen.net\/?p=241574"},"modified":"2015-11-08T23:12:04","modified_gmt":"2015-11-09T05:12:04","slug":"anuncia-eruviel-avila-seguridad-social-a-estudiantes-mexiquenses","status":"publish","type":"post","link":"https:\/\/www.diarioimagen.net\/?p=241574","title":{"rendered":"Anuncia Eruviel \u00c1vila seguridad social a estudiantes mexiquenses"},"content":{"rendered":"<ul>\n<li><strong><em>En breve, campa\u00f1a masiva para afiliar al Seguro Social a 600 mil alumnos de educaci\u00f3n media superior y superior del\u2008Edomex<\/em><\/strong><\/li>\n<\/ul>\n<p>&nbsp;<\/p>\n<div id=\"attachment_241622\" style=\"width: 430px\" class=\"wp-caption aligncenter\"><a href=\"http:\/\/www.diarioimagen.net\/?attachment_id=241622\" rel=\"attachment wp-att-241622\"><img loading=\"lazy\" decoding=\"async\" aria-describedby=\"caption-attachment-241622\" class=\"size-large wp-image-241622\" src=\"http:\/\/www.diarioimagen.net\/wp-content\/uploads\/2015\/11\/eruviel-2735-420x236.jpg\" alt=\"Eruviel \u00c1vila Villegas detall\u00f3 que se visitar\u00e1n las escuelas para informar a los alumnos que a trav\u00e9s del IMSS podr\u00e1n recibir consultas y sus medicamentos totalmente gratis.\" width=\"420\" height=\"236\" srcset=\"https:\/\/www.diarioimagen.net\/wp-content\/uploads\/2015\/11\/eruviel-2735-420x236.jpg 420w, https:\/\/www.diarioimagen.net\/wp-content\/uploads\/2015\/11\/eruviel-2735-240x135.jpg 240w, https:\/\/www.diarioimagen.net\/wp-content\/uploads\/2015\/11\/eruviel-2735-480x270.jpg 480w, https:\/\/www.diarioimagen.net\/wp-content\/uploads\/2015\/11\/eruviel-2735-235x132.jpg 235w, https:\/\/www.diarioimagen.net\/wp-content\/uploads\/2015\/11\/eruviel-2735-202x114.jpg 202w, https:\/\/www.diarioimagen.net\/wp-content\/uploads\/2015\/11\/eruviel-2735-350x196.jpg 350w, https:\/\/www.diarioimagen.net\/wp-content\/uploads\/2015\/11\/eruviel-2735-220x123.jpg 220w, https:\/\/www.diarioimagen.net\/wp-content\/uploads\/2015\/11\/eruviel-2735-237x132.jpg 237w, https:\/\/www.diarioimagen.net\/wp-content\/uploads\/2015\/11\/eruviel-2735.jpg 1200w\" sizes=\"auto, (max-width: 420px) 100vw, 420px\" \/><\/a><p id=\"caption-attachment-241622\" class=\"wp-caption-text\">Eruviel \u00c1vila Villegas detall\u00f3 que se visitar\u00e1n las escuelas para informar a los alumnos que a trav\u00e9s del IMSS podr\u00e1n recibir consultas y sus medicamentos totalmente gratis.<\/p><\/div>\n<p>&nbsp;<\/p>\n<p><strong>Zinacantepec, Estado de M\u00e9xico<\/strong>.- El gobernador Eruviel \u00c1vila Villegas adelant\u00f3 que gracias a la disposici\u00f3n y sensibilidad del secretario de Desarrollo Social, Jos\u00e9 Antonio Meade Kuribre\u00f1a, y el director general del Instituto Mexicano del Seguro Social, Jos\u00e9 Antonio Gonz\u00e1lez Anaya, los pr\u00f3ximos d\u00edas se pondr\u00e1 en marcha una campa\u00f1a masiva para afiliar al IMSS a 600 mil estudiantes mexiquenses de educaci\u00f3n media superior y superior al IMSS, con recursos garantizados por el presidente de la Rep\u00fablica, Enrique Pe\u00f1a Nieto.<\/p>\n<p>\u201cPorque todos tienen derecho a este servicio, hay un decreto presidencial que as\u00ed lo establece. El objetivo es que ustedes no se preocupen porque si les da una gripa ahorita en temas de fr\u00edo, o alguna otra enfermedad que es natural que podamos tener, no se preocupen por eso, el IMSS estar\u00e1 a su disposici\u00f3n con atenci\u00f3n m\u00e9dica\u201d, afirm\u00f3.<\/p>\n<p>Durante la inauguraci\u00f3n de la Universidad Tecnol\u00f3gica de Zinacatepec, Eruviel \u00c1vila detall\u00f3 que se visitar\u00e1n las escuelas para informar a los alumnos que a trav\u00e9s del IMSS podr\u00e1n recibir consultas y sus medicamentos totalmente gratis, y en un caso de requerirlo, operaciones quir\u00fargicas.<\/p>\n<p>Para llevar a cabo las afiliaciones, agreg\u00f3, el alumno s\u00f3lo necesitar\u00e1 su Clave \u00danica de Registro de Poblaci\u00f3n (CURP), y un correo electr\u00f3nico.<\/p>\n<p>\u201cLa afiliaci\u00f3n va a ser muy sencilla, va a ser muy pr\u00e1ctica, queremos mexiquenses m\u00e1s saludables, queremos j\u00f3venes m\u00e1s saludables y, desde luego, que puedan estudiar con \u00e9xito y para beneficio de ustedes\u201d, dijo el gobernador.<\/p>\n<p>Eruviel \u00c1vila tambi\u00e9n destac\u00f3 que en el Estado de M\u00e9xico la cobertura en educaci\u00f3n nivel primaria es de 100 por ciento; en educaci\u00f3n secundaria de 98.1 por ciento y en media superior la matr\u00edcula representa 64 por ciento del total de j\u00f3venes entre 15 y 17 a\u00f1os de edad.<\/p>\n<p>Lo anterior, al entregar de manera formal la Universidad Tecnol\u00f3gica de Zinacantepec, que adem\u00e1s de ser un compromiso de campa\u00f1a, es la decimoctava unidad acad\u00e9mica que abre sus puertas en lo que va de esta administraci\u00f3n.<\/p>\n<p>Ofrece las carreras de nivel T\u00e9cnico Superior Universitario en Tecnolog\u00edas de la Informaci\u00f3n, Desarrollo de Negocios y Nanotecnolog\u00eda; cuenta con 15 aulas, dos laboratorios de inform\u00e1tica, sala de conferencias, cub\u00edculos para profesores e investigadores y laboratorios para cada profesi\u00f3n.<\/p>\n<p>&nbsp;<\/p>\n","protected":false},"excerpt":{"rendered":"<p>El gobernador Eruviel \u00c1vila Villegas adelant\u00f3 que gracias a la disposici\u00f3n y sensibilidad del secretario de Desarrollo Social, Jos\u00e9 Antonio Meade Kuribre\u00f1a, y el director general del Instituto Mexicano del Seguro Social, Jos\u00e9 Antonio Gonz\u00e1lez Anaya, los pr\u00f3ximos d\u00edas se pondr\u00e1 en marcha una campa\u00f1a masiva para afiliar al IMSS a 600 mil estudiantes mexiquenses de educaci\u00f3n media superior y superior al IMSS, con recursos garantizados por el presidente de la Rep\u00fablica, Enrique Pe\u00f1a Nieto.<\/p>\n","protected":false},"author":3,"featured_media":241622,"comment_status":"open","ping_status":"open","sticky":false,"template":"","format":"standard","meta":{"_monsterinsights_skip_tracking":false,"_monsterinsights_sitenote_active":false,"_monsterinsights_sitenote_note":"","_monsterinsights_sitenote_category":0,"footnotes":""},"categories":[5],"tags":[5828,43675,257,184],"class_list":["post-241574","post","type-post","status-publish","format-standard","has-post-thumbnail","hentry","category-estado-de-mexico","tag-eruviel-avila-villegas","tag-estado-de-mexico","tag-imss","tag-zinacantepec"],"_links":{"self":[{"href":"https:\/\/www.diarioimagen.net\/index.php?rest_route=\/wp\/v2\/posts\/241574","targetHints":{"allow":["GET"]}}],"collection":[{"href":"https:\/\/www.diarioimagen.net\/index.php?rest_route=\/wp\/v2\/posts"}],"about":[{"href":"https:\/\/www.diarioimagen.net\/index.php?rest_route=\/wp\/v2\/types\/post"}],"author":[{"embeddable":true,"href":"https:\/\/www.diarioimagen.net\/index.php?rest_route=\/wp\/v2\/users\/3"}],"replies":[{"embeddable":true,"href":"https:\/\/www.diarioimagen.net\/index.php?rest_route=%2Fwp%2Fv2%2Fcomments&post=241574"}],"version-history":[{"count":0,"href":"https:\/\/www.diarioimagen.net\/index.php?rest_route=\/wp\/v2\/posts\/241574\/revisions"}],"wp:featuredmedia":[{"embeddable":true,"href":"https:\/\/www.diarioimagen.net\/index.php?rest_route=\/wp\/v2\/media\/241622"}],"wp:attachment":[{"href":"https:\/\/www.diarioimagen.net\/index.php?rest_route=%2Fwp%2Fv2%2Fmedia&parent=241574"}],"wp:term":[{"taxonomy":"category","embeddable":true,"href":"https:\/\/www.diarioimagen.net\/index.php?rest_route=%2Fwp%2Fv2%2Fcategories&post=241574"},{"taxonomy":"post_tag","embeddable":true,"href":"https:\/\/www.diarioimagen.net\/index.php?rest_route=%2Fwp%2Fv2%2Ftags&post=241574"}],"curies":[{"name":"wp","href":"https:\/\/api.w.org\/{rel}","templated":true}]}}