{"id":241656,"date":"2015-11-06T00:03:47","date_gmt":"2015-11-06T06:03:47","guid":{"rendered":"http:\/\/www.diarioimagen.net\/?p=241656"},"modified":"2015-11-06T03:15:09","modified_gmt":"2015-11-06T09:15:09","slug":"mariguana-confusion","status":"publish","type":"post","link":"https:\/\/www.diarioimagen.net\/?p=241656","title":{"rendered":"Mariguana, confusi\u00f3n"},"content":{"rendered":"<h2>Desde el portal<\/h2>\n<h5>\u00c1ngel Soriano<\/h5>\n<p>&nbsp;<\/p>\n<p>Una p\u00e9sima difusi\u00f3n de los alcances del fallo de la Suprema Corte de Justicia de la Naci\u00f3n en relaci\u00f3n al uso l\u00fadico de la mariguana, origin\u00f3 la confusi\u00f3n generalizada, al grado que algunos medios titularon a 8 columnas que se legalizaba su uso, cuando en forma reiterada el Ejecutivo federal sostuvo que no es as\u00ed, que sigue la prohibici\u00f3n y la decisi\u00f3n de los ministros fue s\u00f3lo en relaci\u00f3n al amparo promovido por cuatro personas a quienes se les autoriz\u00f3 el consumo del enervante.<\/p>\n<p>La prohibici\u00f3n a la producci\u00f3n, comercializaci\u00f3n y consumo generalizado sigue siendo un delito en tanto el Congreso de la Uni\u00f3n y los congresos locales, e incluso los ayuntamientos, no aprueben lo contrario.<\/p>\n<p>El debate est\u00e1 abierto acerca de lo nocivo o no de su consumo, se\u00f1al\u00f3 el Presidente Enrique Pe\u00f1a Nieto, en tanto un confuso comunicado de la SCJN no daba mayores detalles sobre la decisi\u00f3n de la primera sala al respecto.<\/p>\n<p>Tan simple hubiera sido que el Poder Judicial hubiera informado, desde un principio, que en su sesi\u00f3n del 4 de los corrientes se votar\u00eda respecto al amparo de cuatro ciudadanos que solicitaban autorizaci\u00f3n para el uso l\u00fadico de la mariguana, pero en general se entendi\u00f3, incluso a nivel internacional, que la Corte debatir\u00eda si se legalizaba o no el consumo de mariguana.<\/p>\n<p>Cuando se dio la raz\u00f3n a los promotores del amparo, se tom\u00f3 como que la SCJN autorizaba el uso de la mariguana.<\/p>\n<p>El debate est\u00e1 abierto y lleg\u00f3 al Senado. No se ha legalizado ni la producci\u00f3n, ni comercializaci\u00f3n ni consumo del enervante, a excepci\u00f3n de las cuatro personas que promovieron su uso con fines l\u00fadicos, y transcurrir\u00e1 mucho tiempo para que se llegue a un acuerdo al respecto, en tanto contin\u00faa la lucha en el Congreso y la refriega en las calles en el combate contra los estupefacientes pero en realidad corresponde a la sociedad y a las mismas autoridades establecer las medidas preventivas ante el uso de la fatal droga.<\/p>\n<p style=\"text-align: center;\"><strong>TURBULENCIAS<br \/>\nVillaca\u00f1a por vicepresidencia de OCPM<\/strong><\/p>\n<p>Ante el pleno de la Organizaci\u00f3n de Ciudades Patrimonio Mundial reunidas en el XIII Congreso Mundial, en Arequipa, Per\u00fa, el presidente municipal de Oaxaca de Ju\u00e1rez, Javier Villaca\u00f1a Jim\u00e9nez, asegur\u00f3 que cuenta con la voluntad y la capacidad necesarias para formar parte del Consejo de Administraci\u00f3n de este \u00f3rgano y actuar con determinaci\u00f3n en la preservaci\u00f3n del invaluable legado patrimonial y destac\u00f3 tambi\u00e9n la importancia de que a trav\u00e9s de la OCPM se trabaje en la gesti\u00f3n de recursos para crear pol\u00edticas p\u00fablicas y ampliar el financiamiento de los pa\u00edses con Ciudades Patrimonio Mundial que permitan conservar la puesta en el valor del Patrimonio Cultural\u2026Al inaugurar el Foro Legislativo sobre las Necesidades de Atenci\u00f3n Integral a Pacientes con C\u00e1ncer, La diputada Sylvana Beltrones S\u00e1nchez, (PRI), secretaria de la Comisi\u00f3n de Salud, anunci\u00f3 que presentar\u00e1 una iniciativa para crear el Registro Nacional de C\u00e1ncer en M\u00e9xico, que ser\u00e1 elemento esencial para dise\u00f1ar una pol\u00edtica p\u00fablica efectiva para atender esta enfermedad, que es la tercera causa de muerte en el pa\u00eds, al detectarse 160 mil nuevos casos cada a\u00f1o pues con esta herramienta mejorar\u00e1 la eficiencia de los recursos destinados a la prevenci\u00f3n y tratamiento de esta padecimiento, e impulsar\u00e1 mayor capacitaci\u00f3n de profesionales m\u00e9dicos en las zonas de mayor incidencia, de acuerdo con el Programa Integral de Prevenci\u00f3n de C\u00e1ncer\u2026El diputado Jes\u00fas Zambrano coincide con el Jefe de Gobierno del DF, Miguel \u00c1ngel Mancera, que junto con la decisi\u00f3n de la SCJN sobre el uso l\u00fadico de la mariguana, deben establecerse medidas de prevenci\u00f3n y de salud\u2026<\/p>\n<p><em><a href=\"http:\/\/www.revista-brecha.com\/\" target=\"_blank\">www.revista-brecha.com<br \/>\n<\/a><a href=\"mailto:vidanacional@yahoo.com.mx\" target=\"_blank\">vidanacional@yahoo.com.mx<\/a><\/em><\/p>\n","protected":false},"excerpt":{"rendered":"<p><span style=\"color: #005497;\"><strong>\u00c1ngel Soriano<\/strong><\/span><\/p>\n","protected":false},"author":3,"featured_media":0,"comment_status":"open","ping_status":"open","sticky":false,"template":"","format":"standard","meta":{"_monsterinsights_skip_tracking":false,"_monsterinsights_sitenote_active":false,"_monsterinsights_sitenote_note":"","_monsterinsights_sitenote_category":0,"footnotes":""},"categories":[135],"tags":[85,86,43674],"class_list":["post-241656","post","type-post","status-publish","format-standard","hentry","category-angel-soriano-opinion","tag-angel-soriano","tag-desde-el-portal","tag-opinion"],"_links":{"self":[{"href":"https:\/\/www.diarioimagen.net\/index.php?rest_route=\/wp\/v2\/posts\/241656","targetHints":{"allow":["GET"]}}],"collection":[{"href":"https:\/\/www.diarioimagen.net\/index.php?rest_route=\/wp\/v2\/posts"}],"about":[{"href":"https:\/\/www.diarioimagen.net\/index.php?rest_route=\/wp\/v2\/types\/post"}],"author":[{"embeddable":true,"href":"https:\/\/www.diarioimagen.net\/index.php?rest_route=\/wp\/v2\/users\/3"}],"replies":[{"embeddable":true,"href":"https:\/\/www.diarioimagen.net\/index.php?rest_route=%2Fwp%2Fv2%2Fcomments&post=241656"}],"version-history":[{"count":0,"href":"https:\/\/www.diarioimagen.net\/index.php?rest_route=\/wp\/v2\/posts\/241656\/revisions"}],"wp:attachment":[{"href":"https:\/\/www.diarioimagen.net\/index.php?rest_route=%2Fwp%2Fv2%2Fmedia&parent=241656"}],"wp:term":[{"taxonomy":"category","embeddable":true,"href":"https:\/\/www.diarioimagen.net\/index.php?rest_route=%2Fwp%2Fv2%2Fcategories&post=241656"},{"taxonomy":"post_tag","embeddable":true,"href":"https:\/\/www.diarioimagen.net\/index.php?rest_route=%2Fwp%2Fv2%2Ftags&post=241656"}],"curies":[{"name":"wp","href":"https:\/\/api.w.org\/{rel}","templated":true}]}}